{"id":7837,"date":"2026-04-20T18:31:15","date_gmt":"2026-04-20T17:31:15","guid":{"rendered":"https:\/\/www.techof.pt\/?p=7837"},"modified":"2026-04-20T18:35:55","modified_gmt":"2026-04-20T17:35:55","slug":"estas-a-preparar-o-teu-cv-para-as-exigencias-do-mercado-atual-descobre-como-o-melhorar","status":"publish","type":"post","link":"https:\/\/www.techof.pt\/pt\/estas-a-preparar-o-teu-cv-para-as-exigencias-do-mercado-atual-descobre-como-o-melhorar\/","title":{"rendered":"Est\u00e1s a preparar o teu CV para as exig\u00eancias do mercado atual? Descobre como o melhorar"},"content":{"rendered":"<p>O CV (Curriculum Vitae) mant\u00e9m-se como a principal porta de entrada para novas oportunidades \u2014 e, em muitos casos, a \u00fanica hip\u00f3tese de gerar uma primeira impress\u00e3o relevante \u2014, mas a forma como \u00e9 pensado e estruturado tem acompanhado a evolu\u00e7\u00e3o dos processos de recrutamento. Hoje, estes processos s\u00e3o cada vez mais digitais e automatizados, e, por isso, \u00e9 fundamental compreender<strong><mark style=\"background-color:rgba(0, 0, 0, 0)\" class=\"has-inline-color has-vivid-purple-color\"> como estruturar um curr\u00edculo eficaz<\/mark><\/strong>, leg\u00edvel para sistemas ATS. Neste artigo, explicamos como podes otimizar o teu CV para responder a estas novas exig\u00eancias.<\/p>\n\n\n\n<h2 class=\"wp-block-heading\" id=\"h-o-que-e-o-sistema-ats\"><strong>O que \u00e9 o sistema ATS?<\/strong><\/h2>\n\n\n\n<p>Muitos candidatos ainda n\u00e3o t\u00eam consci\u00eancia de que antes de chegar \u00e0s m\u00e3os de um recrutador, o curr\u00edculo pode passar por um primeiro filtro autom\u00e1tico.<\/p>\n\n\n\n<p>Na maioria dos casos, esse filtro corresponde a um sistema chamado ATS (Applicant Tracking System). Na pr\u00e1tica, o CV pode ser analisado, organizado e at\u00e9 classificado antes de qualquer pessoa o ver. Muitos candidatos acabam por ficar pelo caminho, n\u00e3o por falta de experi\u00eancia, mas porque o curr\u00edculo n\u00e3o est\u00e1 preparado para este tipo de an\u00e1lise.<\/p>\n\n\n\n<p>Com a evolu\u00e7\u00e3o da tecnologia e a digitaliza\u00e7\u00e3o dos processos de recrutamento, o CV deixou de ser apenas um documento visualmente apelativo. Atualmente, precisa tamb\u00e9m de ser claro, estruturado e pensado para ser lido tanto por recrutadores como por <em>software<\/em>.<\/p>\n\n\n\n<p>Para quem quer chegar \u00e0 fase de entrevista, n\u00e3o basta ter um bom percurso, tornando-se essencial garantir que o CV est\u00e1 preparado para esta realidade. A boa not\u00edcia? N\u00e3o \u00e9 complicado, desde que saibas no que te focar.<\/p>\n\n\n\n<h3 class=\"wp-block-heading\" id=\"h-como-redigir-um-cv-eficaz-em-7-passos\"><strong>Como redigir um CV eficaz em 7 passos<\/strong><\/h3>\n\n\n\n<ul class=\"wp-block-list\">\n<li><mark style=\"background-color:rgba(0, 0, 0, 0)\" class=\"has-inline-color has-vivid-purple-color\"><strong>Formato profissional e <em>&#8220;limpo&#8221;<\/em><\/strong><\/mark><\/li>\n<\/ul>\n\n\n\n<ol class=\"wp-block-list\"><\/ol>\n\n\n\n<p>O aspeto visual do CV \u00e9 um dos primeiros elementos a ser avaliado, seja por um recrutador ou por um sistema ATS. Um formato simples, organizado e consistente facilita a leitura e transmite profissionalismo.<\/p>\n\n\n\n<p>A estrutura deve ser clara e f\u00e1cil de interpretar, come\u00e7ando por um cabe\u00e7alho com nome, telefone, e-mail e links como LinkedIn e portf\u00f3lio ou site profissional. Evita incluir dados pessoais desnecess\u00e1rios, como endere\u00e7o completo ou estado civil, mantendo apenas a informa\u00e7\u00e3o essencial.<\/p>\n\n\n\n<p>No que diz respeito \u00e0 formata\u00e7\u00e3o, opta por fontes leg\u00edveis como Arial, Calibri ou Times New Roman, mantendo o tamanho entre 10 e 12 para o texto principal e garantindo um espa\u00e7amento adequado. Paralelamente, evita cores demasiado fortes ou designs excessivamente criativos, j\u00e1 que podem dificultar a leitura, especialmente por sistemas ATS.<\/p>\n\n\n\n<p>O CV deve ter, idealmente, no m\u00e1ximo duas p\u00e1ginas, mantendo a consist\u00eancia visual com t\u00edtulos claros, margens alinhadas e estrutura bem organizada. Sempre que poss\u00edvel, envia o documento em formato PDF para garantir que o layout se mant\u00e9m intacto<\/p>\n\n\n\n<ul class=\"wp-block-list\">\n<li><strong><mark style=\"background-color:rgba(0, 0, 0, 0)\" class=\"has-inline-color has-vivid-purple-color\">Sec\u00e7\u00f5es claramente definidas<\/mark><\/strong><\/li>\n<\/ul>\n\n\n\n<ol class=\"wp-block-list\"><\/ol>\n\n\n\n<ol class=\"wp-block-list\"><\/ol>\n\n\n\n<ol class=\"wp-block-list\"><\/ol>\n\n\n\n<p>Um CV bem estruturado deve apresentar a informa\u00e7\u00e3o de forma clara, organizada e f\u00e1cil de interpretar, tanto por recrutadores, como por sistemas ATS. A organiza\u00e7\u00e3o das sec\u00e7\u00f5es deve seguir uma l\u00f3gica, com t\u00edtulos bem definidos e uma hierarquia que permita identificar rapidamente a informa\u00e7\u00e3o mais relevante.<\/p>\n\n\n\n<p>A estrutura base inclui objetivo profissional, experi\u00eancia profissional, forma\u00e7\u00e3o e compet\u00eancias t\u00e9cnicas e interpessoais. Sempre que poss\u00edvel, a ordem das sec\u00e7\u00f5es deve ser ajustada \u00e0 relev\u00e2ncia para a vaga, destacando primeiro os elementos que mais valor acrescentam ao perfil.<\/p>\n\n\n\n<p>O objetivo profissional deve ser curto, direto e adaptado \u00e0 vaga a que te candidatas. Em duas a quatro linhas, deves conseguir mostrar n\u00e3o s\u00f3 o que procuras, mas principalmente o valor que podes trazer para a empresa. Evita frases gen\u00e9ricas e aposta numa comunica\u00e7\u00e3o clara, com palavras positivas e orientadas para resultados. Este \u00e9 o teu primeiro contacto com quem est\u00e1 a avaliar o CV, por isso deve ser relevante e alinhado com a fun\u00e7\u00e3o.<\/p>\n\n\n\n<p>Por sua vez, a experi\u00eancia profissional deve ser apresentada por ordem cronol\u00f3gica inversa, indicando sempre o ano de entrada e sa\u00edda em cada fun\u00e7\u00e3o. Mais do que listar tarefas, deve evidenciar impacto, destacando conquistas concretas e resultados mensur\u00e1veis. Destaca as tuas conquistas em 3 a 5 pontos por cargo, usando n\u00fameros e verbos de a\u00e7\u00e3o, como por exemplo: &#8220;aumentei vendas em 20%&#8221;.<\/p>\n\n\n\n<p>A forma\u00e7\u00e3o deve ser clara e objetiva, dando prioridade ao n\u00edvel de escolaridade mais elevado conclu\u00eddo, como o 12.\u00ba ano ou o ensino superior, bem como \u00e0s forma\u00e7\u00f5es mais relevantes para a \u00e1rea. Sempre que poss\u00edvel, devem tamb\u00e9m ser inclu\u00eddas certifica\u00e7\u00f5es que acrescentem valor ao percurso, como as da TechOf.<\/p>\n\n\n\n<p>As compet\u00eancias devem incluir tanto compet\u00eancias t\u00e9cnicas como interpessoais, apresentadas de forma estruturada. Mais uma vez, \u00e9 essencial priorizar compet\u00eancias e conquistas que estejam diretamente alinhadas com a posi\u00e7\u00e3o a que te candidatas, em vez de listar tudo de forma gen\u00e9rica.<\/p>\n\n\n\n<p>Igualmente importante \u00e9 a indica\u00e7\u00e3o de n\u00edveis de profici\u00eancia em ferramentas e idiomas, mantendo coer\u00eancia ao longo do CV. Na compet\u00eancia lingu\u00edstica, uma estrutura simples como portugu\u00eas (fluente) ou Ingl\u00eas (B2 ou C1) j\u00e1 \u00e9 suficiente, podendo tamb\u00e9m ser apresentada em formato mais t\u00e9cnico, como PT (nativo), EN (C2) ou ES (C1). Podem ainda ser inclu\u00eddos pr\u00e9mios ou reconhecimentos relevantes, assim como projetos ou experi\u00eancias complementares que reforcem o perfil profissional.<\/p>\n\n\n\n<ul class=\"wp-block-list\">\n<li><strong><mark style=\"background-color:rgba(0, 0, 0, 0)\" class=\"has-inline-color has-vivid-purple-color\">Personaliza\u00e7\u00e3o para cada candidatura<\/mark><\/strong><\/li>\n<\/ul>\n\n\n\n<p>Enviar o mesmo CV para todas as vagas raramente \u00e9 a melhor estrat\u00e9gia. Cada candidatura deve ser adaptada \u00e0 fun\u00e7\u00e3o e \u00e0 empresa, tendo em conta a descri\u00e7\u00e3o da vaga e as compet\u00eancias valorizadas. Ajustar o objetivo profissional, destacar experi\u00eancias mais relevantes e alinhar o conte\u00fado com a cultura da empresa s\u00e3o passos que podem fazer uma grande diferen\u00e7a no resultado.<\/p>\n\n\n\n<ul class=\"wp-block-list\">\n<li><strong><mark style=\"background-color:rgba(0, 0, 0, 0)\" class=\"has-inline-color has-vivid-purple-color\">Conciso e relevante<\/mark><\/strong><\/li>\n<\/ul>\n\n\n\n<p>Um bom CV \u00e9 direto e focado no essencial. Evita incluir informa\u00e7\u00f5es desnecess\u00e1rias, desatualizadas ou que n\u00e3o acrescentem valor para a posi\u00e7\u00e3o em causa. Experi\u00eancias mais antigas podem ser resumidas, desde que n\u00e3o sejam relevantes para a fun\u00e7\u00e3o. O objetivo \u00e9 facilitar a leitura e garantir que quem analisa o CV encontra rapidamente a informa\u00e7\u00e3o mais importante.<\/p>\n\n\n\n<ul class=\"wp-block-list\">\n<li><strong><mark style=\"background-color:rgba(0, 0, 0, 0)\" class=\"has-inline-color has-vivid-purple-color\">Recomenda\u00e7\u00f5es<\/mark><\/strong><\/li>\n<\/ul>\n\n\n\n<p>Sempre que fizer sentido, podes incluir refer\u00eancias ou recomenda\u00e7\u00f5es que reforcem a tua credibilidade profissional. Estas podem ser mencionadas diretamente ou atrav\u00e9s de links para plataformas como o LinkedIn ou portf\u00f3lio. O mais importante \u00e9 garantir que s\u00e3o relevantes, que tens autoriza\u00e7\u00e3o para as partilhar e que \u00e9s espec\u00edfico ao indicar o teu relacionamento com o recomendador.<\/p>\n\n\n\n<ul class=\"wp-block-list\">\n<li><strong><mark style=\"background-color:rgba(0, 0, 0, 0)\" class=\"has-inline-color has-vivid-purple-color\">Uso estrat\u00e9gico de palavras-chave<\/mark><\/strong><\/li>\n<\/ul>\n\n\n\n<p>As palavras-chave desempenham um papel essencial, especialmente quando o CV \u00e9 analisado por sistemas ATS. O objetivo passa por identificar os termos mais relevantes na descri\u00e7\u00e3o da vaga e na \u00e1rea profissional em quest\u00e3o, integrando-os de forma natural ao longo do curr\u00edculo. Estes elementos podem surgir nas compet\u00eancias t\u00e9cnicas, nas ferramentas utilizadas e nas \u00e1reas de conhecimento.<\/p>\n\n\n\n<p>No entanto, deve existir equil\u00edbrio na sua utiliza\u00e7\u00e3o. O uso excessivo ou descontextualizado de palavras-chave pode prejudicar a leitura do CV e reduzir a sua credibilidade.<\/p>\n\n\n\n<ul class=\"wp-block-list\">\n<li><strong><mark style=\"background-color:rgba(0, 0, 0, 0)\" class=\"has-inline-color has-vivid-purple-color\">Rever e atualizar regularmente<\/mark><\/strong><\/li>\n<\/ul>\n\n\n\n<p>Um CV deve ser um documento din\u00e2mico, que acompanha a tua evolu\u00e7\u00e3o profissional e a formata\u00e7\u00e3o e design das tend\u00eancias atuais. Sempre que adquirires novas compet\u00eancias ou experi\u00eancias, deves atualiz\u00e1-lo. Para al\u00e9m disso, \u00e9 fundamental rever o conte\u00fado antes de enviar, garantindo que n\u00e3o existem erros ortogr\u00e1ficos ou gramaticais e que todas as informa\u00e7\u00f5es est\u00e3o corretas, incluindo contactos e links. Pequenos detalhes podem fazer toda a diferen\u00e7a na forma como \u00e9s percebido.<\/p>\n\n\n\n<p>Com estas informa\u00e7\u00f5es, j\u00e1 tens as bases necess\u00e1rias para criar um CV mais claro, estruturado e alinhado com o que os recrutadores e sistemas ATS procuram. Se ainda assim precisares de apoio para melhorar o teu curr\u00edculo ou adapt\u00e1-lo ao mercado de trabalho, a equipa da TechOf pode ajudar-te nesse processo.<\/p>","protected":false},"excerpt":{"rendered":"<p>O CV (Curriculum Vitae) mant\u00e9m-se como a principal porta de entrada para novas oportunidades \u2014 e, em muitos casos, a \u00fanica hip\u00f3tese de gerar uma primeira impress\u00e3o relevante \u2014, mas a forma como \u00e9 pensado e estruturado tem acompanhado a evolu\u00e7\u00e3o dos processos de recrutamento. Hoje, estes processos s\u00e3o cada vez mais digitais e automatizados, [&hellip;]<\/p>\n","protected":false},"author":5,"featured_media":7533,"comment_status":"open","ping_status":"open","sticky":false,"template":"","format":"standard","meta":{"inline_featured_image":false,"footnotes":""},"categories":[13],"tags":[223,222,221,145,166],"class_list":["post-7837","post","type-post","status-publish","format-standard","has-post-thumbnail","hentry","category-professional-development","tag-construir-um-cv","tag-curriculo","tag-cv","tag-empregabilidade","tag-formacao"],"yoast_head":"<!-- This site is optimized with the Yoast SEO Premium plugin v27.4 (Yoast SEO v27.5) - https:\/\/yoast.com\/product\/yoast-seo-premium-wordpress\/ -->\n<title>Est\u00e1s a preparar o teu CV para as exig\u00eancias do mercado atual? Descobre como o melhorar TechOf - Re-Skilling People<\/title>\n<meta name=\"description\" content=\"Aprende a construir um CV eficaz e adaptado \u00e0s exig\u00eancias do mercado em 7 passos.\" \/>\n<meta name=\"robots\" content=\"index, follow, max-snippet:-1, max-image-preview:large, max-video-preview:-1\" \/>\n<link rel=\"canonical\" href=\"https:\/\/www.techof.pt\/pt\/estas-a-preparar-o-teu-cv-para-as-exigencias-do-mercado-atual-descobre-como-o-melhorar\/\" \/>\n<meta property=\"og:locale\" content=\"pt_PT\" \/>\n<meta property=\"og:type\" content=\"article\" \/>\n<meta property=\"og:title\" content=\"Est\u00e1s a preparar o teu CV para as exig\u00eancias do mercado atual? Descobre como o melhorar\" \/>\n<meta property=\"og:description\" content=\"Aprende a construir um CV eficaz e adaptado \u00e0s exig\u00eancias do mercado em 7 passos.\" \/>\n<meta property=\"og:url\" content=\"https:\/\/www.techof.pt\/pt\/estas-a-preparar-o-teu-cv-para-as-exigencias-do-mercado-atual-descobre-como-o-melhorar\/\" \/>\n<meta property=\"og:site_name\" content=\"TechOf - Re-Skilling People\" \/>\n<meta property=\"article:publisher\" content=\"https:\/\/www.facebook.com\/techofpt\" \/>\n<meta property=\"article:published_time\" content=\"2026-04-20T17:31:15+00:00\" \/>\n<meta property=\"article:modified_time\" content=\"2026-04-20T17:35:55+00:00\" \/>\n<meta property=\"og:image\" content=\"https:\/\/www.techof.pt\/wp-content\/uploads\/2026\/03\/pexels-thisisengineering-3861969-1-scaled.jpg\" \/>\n\t<meta property=\"og:image:width\" content=\"2560\" \/>\n\t<meta property=\"og:image:height\" content=\"1707\" \/>\n\t<meta property=\"og:image:type\" content=\"image\/jpeg\" \/>\n<meta name=\"author\" content=\"Joana Rosa\" \/>\n<meta name=\"twitter:card\" content=\"summary_large_image\" \/>\n<meta name=\"twitter:creator\" content=\"@TechOf_\" \/>\n<meta name=\"twitter:site\" content=\"@TechOf_\" \/>\n<meta name=\"twitter:label1\" content=\"Escrito por\" \/>\n\t<meta name=\"twitter:data1\" content=\"Joana Rosa\" \/>\n\t<meta name=\"twitter:label2\" content=\"Tempo estimado de leitura\" \/>\n\t<meta name=\"twitter:data2\" content=\"6 minutos\" \/>\n<script type=\"application\/ld+json\" class=\"yoast-schema-graph\">{\"@context\":\"https:\\\/\\\/schema.org\",\"@graph\":[{\"@type\":\"Article\",\"@id\":\"https:\\\/\\\/www.techof.pt\\\/estas-a-preparar-o-teu-cv-para-as-exigencias-do-mercado-atual-descobre-como-o-melhorar\\\/#article\",\"isPartOf\":{\"@id\":\"https:\\\/\\\/www.techof.pt\\\/estas-a-preparar-o-teu-cv-para-as-exigencias-do-mercado-atual-descobre-como-o-melhorar\\\/\"},\"author\":{\"name\":\"Joana Rosa\",\"@id\":\"https:\\\/\\\/www.techof.pt\\\/en\\\/#\\\/schema\\\/person\\\/5b9be03e44b1a85d28753689cb4206a3\"},\"headline\":\"Est\u00e1s a preparar o teu CV para as exig\u00eancias do mercado atual? Descobre como o melhorar\",\"datePublished\":\"2026-04-20T17:31:15+00:00\",\"dateModified\":\"2026-04-20T17:35:55+00:00\",\"mainEntityOfPage\":{\"@id\":\"https:\\\/\\\/www.techof.pt\\\/estas-a-preparar-o-teu-cv-para-as-exigencias-do-mercado-atual-descobre-como-o-melhorar\\\/\"},\"wordCount\":1348,\"commentCount\":0,\"publisher\":{\"@id\":\"https:\\\/\\\/www.techof.pt\\\/en\\\/#organization\"},\"image\":{\"@id\":\"https:\\\/\\\/www.techof.pt\\\/estas-a-preparar-o-teu-cv-para-as-exigencias-do-mercado-atual-descobre-como-o-melhorar\\\/#primaryimage\"},\"thumbnailUrl\":\"https:\\\/\\\/www.techof.pt\\\/wp-content\\\/uploads\\\/2026\\\/03\\\/pexels-thisisengineering-3861969-1-scaled.jpg\",\"keywords\":[\"Construir um CV\",\"Curr\u00edculo\",\"CV\",\"empregabilidade\",\"forma\u00e7\u00e3o\"],\"articleSection\":[\"Professional Development\"],\"inLanguage\":\"pt-PT\",\"potentialAction\":[{\"@type\":\"CommentAction\",\"name\":\"Comment\",\"target\":[\"https:\\\/\\\/www.techof.pt\\\/estas-a-preparar-o-teu-cv-para-as-exigencias-do-mercado-atual-descobre-como-o-melhorar\\\/#respond\"]}]},{\"@type\":\"WebPage\",\"@id\":\"https:\\\/\\\/www.techof.pt\\\/estas-a-preparar-o-teu-cv-para-as-exigencias-do-mercado-atual-descobre-como-o-melhorar\\\/\",\"url\":\"https:\\\/\\\/www.techof.pt\\\/estas-a-preparar-o-teu-cv-para-as-exigencias-do-mercado-atual-descobre-como-o-melhorar\\\/\",\"name\":\"Est\u00e1s a preparar o teu CV para as exig\u00eancias do mercado atual? Descobre como o melhorar TechOf - Re-Skilling People\",\"isPartOf\":{\"@id\":\"https:\\\/\\\/www.techof.pt\\\/en\\\/#website\"},\"primaryImageOfPage\":{\"@id\":\"https:\\\/\\\/www.techof.pt\\\/estas-a-preparar-o-teu-cv-para-as-exigencias-do-mercado-atual-descobre-como-o-melhorar\\\/#primaryimage\"},\"image\":{\"@id\":\"https:\\\/\\\/www.techof.pt\\\/estas-a-preparar-o-teu-cv-para-as-exigencias-do-mercado-atual-descobre-como-o-melhorar\\\/#primaryimage\"},\"thumbnailUrl\":\"https:\\\/\\\/www.techof.pt\\\/wp-content\\\/uploads\\\/2026\\\/03\\\/pexels-thisisengineering-3861969-1-scaled.jpg\",\"datePublished\":\"2026-04-20T17:31:15+00:00\",\"dateModified\":\"2026-04-20T17:35:55+00:00\",\"description\":\"Aprende a construir um CV eficaz e adaptado \u00e0s exig\u00eancias do mercado em 7 passos.\",\"breadcrumb\":{\"@id\":\"https:\\\/\\\/www.techof.pt\\\/estas-a-preparar-o-teu-cv-para-as-exigencias-do-mercado-atual-descobre-como-o-melhorar\\\/#breadcrumb\"},\"inLanguage\":\"pt-PT\",\"potentialAction\":[{\"@type\":\"ReadAction\",\"target\":[\"https:\\\/\\\/www.techof.pt\\\/estas-a-preparar-o-teu-cv-para-as-exigencias-do-mercado-atual-descobre-como-o-melhorar\\\/\"]}]},{\"@type\":\"ImageObject\",\"inLanguage\":\"pt-PT\",\"@id\":\"https:\\\/\\\/www.techof.pt\\\/estas-a-preparar-o-teu-cv-para-as-exigencias-do-mercado-atual-descobre-como-o-melhorar\\\/#primaryimage\",\"url\":\"https:\\\/\\\/www.techof.pt\\\/wp-content\\\/uploads\\\/2026\\\/03\\\/pexels-thisisengineering-3861969-1-scaled.jpg\",\"contentUrl\":\"https:\\\/\\\/www.techof.pt\\\/wp-content\\\/uploads\\\/2026\\\/03\\\/pexels-thisisengineering-3861969-1-scaled.jpg\",\"width\":2560,\"height\":1707},{\"@type\":\"BreadcrumbList\",\"@id\":\"https:\\\/\\\/www.techof.pt\\\/estas-a-preparar-o-teu-cv-para-as-exigencias-do-mercado-atual-descobre-como-o-melhorar\\\/#breadcrumb\",\"itemListElement\":[{\"@type\":\"ListItem\",\"position\":1,\"name\":\"Home\",\"item\":\"https:\\\/\\\/www.techof.pt\\\/\"},{\"@type\":\"ListItem\",\"position\":2,\"name\":\"Est\u00e1s a preparar o teu CV para as exig\u00eancias do mercado atual? Descobre como o melhorar\"}]},{\"@type\":\"WebSite\",\"@id\":\"https:\\\/\\\/www.techof.pt\\\/en\\\/#website\",\"url\":\"https:\\\/\\\/www.techof.pt\\\/en\\\/\",\"name\":\"TechOf - Re-Skilling People\",\"description\":\"The Fast Track to Tech\",\"publisher\":{\"@id\":\"https:\\\/\\\/www.techof.pt\\\/en\\\/#organization\"},\"potentialAction\":[{\"@type\":\"SearchAction\",\"target\":{\"@type\":\"EntryPoint\",\"urlTemplate\":\"https:\\\/\\\/www.techof.pt\\\/en\\\/?s={search_term_string}\"},\"query-input\":{\"@type\":\"PropertyValueSpecification\",\"valueRequired\":true,\"valueName\":\"search_term_string\"}}],\"inLanguage\":\"pt-PT\"},{\"@type\":\"Organization\",\"@id\":\"https:\\\/\\\/www.techof.pt\\\/en\\\/#organization\",\"name\":\"TechOf\",\"url\":\"https:\\\/\\\/www.techof.pt\\\/en\\\/\",\"logo\":{\"@type\":\"ImageObject\",\"inLanguage\":\"pt-PT\",\"@id\":\"https:\\\/\\\/www.techof.pt\\\/en\\\/#\\\/schema\\\/logo\\\/image\\\/\",\"url\":\"https:\\\/\\\/www.techof.pt\\\/wp-content\\\/uploads\\\/2022\\\/06\\\/Tech_Logo_RGB_PRINCIPAL_PRETO.png\",\"contentUrl\":\"https:\\\/\\\/www.techof.pt\\\/wp-content\\\/uploads\\\/2022\\\/06\\\/Tech_Logo_RGB_PRINCIPAL_PRETO.png\",\"width\":1419,\"height\":806,\"caption\":\"TechOf\"},\"image\":{\"@id\":\"https:\\\/\\\/www.techof.pt\\\/en\\\/#\\\/schema\\\/logo\\\/image\\\/\"},\"sameAs\":[\"https:\\\/\\\/www.facebook.com\\\/techofpt\",\"https:\\\/\\\/x.com\\\/TechOf_\",\"https:\\\/\\\/www.linkedin.com\\\/company\\\/techof-reskilling-people\",\"https:\\\/\\\/www.instagram.com\\\/techof_\",\"https:\\\/\\\/www.youtube.com\\\/channel\\\/UCJq1PGIWFyB_FD4N6D_hqGw\"]},{\"@type\":\"Person\",\"@id\":\"https:\\\/\\\/www.techof.pt\\\/en\\\/#\\\/schema\\\/person\\\/5b9be03e44b1a85d28753689cb4206a3\",\"name\":\"Joana Rosa\",\"image\":{\"@type\":\"ImageObject\",\"inLanguage\":\"pt-PT\",\"@id\":\"https:\\\/\\\/secure.gravatar.com\\\/avatar\\\/c535bfa011648331f3052fbbb0ccb46e95d8470c31c8c88090d98e0ad83b09ee?s=96&d=mm&r=g\",\"url\":\"https:\\\/\\\/secure.gravatar.com\\\/avatar\\\/c535bfa011648331f3052fbbb0ccb46e95d8470c31c8c88090d98e0ad83b09ee?s=96&d=mm&r=g\",\"contentUrl\":\"https:\\\/\\\/secure.gravatar.com\\\/avatar\\\/c535bfa011648331f3052fbbb0ccb46e95d8470c31c8c88090d98e0ad83b09ee?s=96&d=mm&r=g\",\"caption\":\"Joana Rosa\"},\"url\":\"https:\\\/\\\/www.techof.pt\\\/pt\\\/author\\\/joana-rosa\\\/\"}]}<\/script>\n<!-- \/ Yoast SEO Premium plugin. -->","yoast_head_json":{"title":"Est\u00e1s a preparar o teu CV para as exig\u00eancias do mercado atual? Descobre como o melhorar TechOf - Re-Skilling People","description":"Aprende a construir um CV eficaz e adaptado \u00e0s exig\u00eancias do mercado em 7 passos.","robots":{"index":"index","follow":"follow","max-snippet":"max-snippet:-1","max-image-preview":"max-image-preview:large","max-video-preview":"max-video-preview:-1"},"canonical":"https:\/\/www.techof.pt\/pt\/estas-a-preparar-o-teu-cv-para-as-exigencias-do-mercado-atual-descobre-como-o-melhorar\/","og_locale":"pt_PT","og_type":"article","og_title":"Est\u00e1s a preparar o teu CV para as exig\u00eancias do mercado atual? Descobre como o melhorar","og_description":"Aprende a construir um CV eficaz e adaptado \u00e0s exig\u00eancias do mercado em 7 passos.","og_url":"https:\/\/www.techof.pt\/pt\/estas-a-preparar-o-teu-cv-para-as-exigencias-do-mercado-atual-descobre-como-o-melhorar\/","og_site_name":"TechOf - Re-Skilling People","article_publisher":"https:\/\/www.facebook.com\/techofpt","article_published_time":"2026-04-20T17:31:15+00:00","article_modified_time":"2026-04-20T17:35:55+00:00","og_image":[{"width":2560,"height":1707,"url":"https:\/\/www.techof.pt\/wp-content\/uploads\/2026\/03\/pexels-thisisengineering-3861969-1-scaled.jpg","type":"image\/jpeg"}],"author":"Joana Rosa","twitter_card":"summary_large_image","twitter_creator":"@TechOf_","twitter_site":"@TechOf_","twitter_misc":{"Escrito por":"Joana Rosa","Tempo estimado de leitura":"6 minutos"},"schema":{"@context":"https:\/\/schema.org","@graph":[{"@type":"Article","@id":"https:\/\/www.techof.pt\/estas-a-preparar-o-teu-cv-para-as-exigencias-do-mercado-atual-descobre-como-o-melhorar\/#article","isPartOf":{"@id":"https:\/\/www.techof.pt\/estas-a-preparar-o-teu-cv-para-as-exigencias-do-mercado-atual-descobre-como-o-melhorar\/"},"author":{"name":"Joana Rosa","@id":"https:\/\/www.techof.pt\/en\/#\/schema\/person\/5b9be03e44b1a85d28753689cb4206a3"},"headline":"Est\u00e1s a preparar o teu CV para as exig\u00eancias do mercado atual? Descobre como o melhorar","datePublished":"2026-04-20T17:31:15+00:00","dateModified":"2026-04-20T17:35:55+00:00","mainEntityOfPage":{"@id":"https:\/\/www.techof.pt\/estas-a-preparar-o-teu-cv-para-as-exigencias-do-mercado-atual-descobre-como-o-melhorar\/"},"wordCount":1348,"commentCount":0,"publisher":{"@id":"https:\/\/www.techof.pt\/en\/#organization"},"image":{"@id":"https:\/\/www.techof.pt\/estas-a-preparar-o-teu-cv-para-as-exigencias-do-mercado-atual-descobre-como-o-melhorar\/#primaryimage"},"thumbnailUrl":"https:\/\/www.techof.pt\/wp-content\/uploads\/2026\/03\/pexels-thisisengineering-3861969-1-scaled.jpg","keywords":["Construir um CV","Curr\u00edculo","CV","empregabilidade","forma\u00e7\u00e3o"],"articleSection":["Professional Development"],"inLanguage":"pt-PT","potentialAction":[{"@type":"CommentAction","name":"Comment","target":["https:\/\/www.techof.pt\/estas-a-preparar-o-teu-cv-para-as-exigencias-do-mercado-atual-descobre-como-o-melhorar\/#respond"]}]},{"@type":"WebPage","@id":"https:\/\/www.techof.pt\/estas-a-preparar-o-teu-cv-para-as-exigencias-do-mercado-atual-descobre-como-o-melhorar\/","url":"https:\/\/www.techof.pt\/estas-a-preparar-o-teu-cv-para-as-exigencias-do-mercado-atual-descobre-como-o-melhorar\/","name":"Est\u00e1s a preparar o teu CV para as exig\u00eancias do mercado atual? Descobre como o melhorar TechOf - Re-Skilling People","isPartOf":{"@id":"https:\/\/www.techof.pt\/en\/#website"},"primaryImageOfPage":{"@id":"https:\/\/www.techof.pt\/estas-a-preparar-o-teu-cv-para-as-exigencias-do-mercado-atual-descobre-como-o-melhorar\/#primaryimage"},"image":{"@id":"https:\/\/www.techof.pt\/estas-a-preparar-o-teu-cv-para-as-exigencias-do-mercado-atual-descobre-como-o-melhorar\/#primaryimage"},"thumbnailUrl":"https:\/\/www.techof.pt\/wp-content\/uploads\/2026\/03\/pexels-thisisengineering-3861969-1-scaled.jpg","datePublished":"2026-04-20T17:31:15+00:00","dateModified":"2026-04-20T17:35:55+00:00","description":"Aprende a construir um CV eficaz e adaptado \u00e0s exig\u00eancias do mercado em 7 passos.","breadcrumb":{"@id":"https:\/\/www.techof.pt\/estas-a-preparar-o-teu-cv-para-as-exigencias-do-mercado-atual-descobre-como-o-melhorar\/#breadcrumb"},"inLanguage":"pt-PT","potentialAction":[{"@type":"ReadAction","target":["https:\/\/www.techof.pt\/estas-a-preparar-o-teu-cv-para-as-exigencias-do-mercado-atual-descobre-como-o-melhorar\/"]}]},{"@type":"ImageObject","inLanguage":"pt-PT","@id":"https:\/\/www.techof.pt\/estas-a-preparar-o-teu-cv-para-as-exigencias-do-mercado-atual-descobre-como-o-melhorar\/#primaryimage","url":"https:\/\/www.techof.pt\/wp-content\/uploads\/2026\/03\/pexels-thisisengineering-3861969-1-scaled.jpg","contentUrl":"https:\/\/www.techof.pt\/wp-content\/uploads\/2026\/03\/pexels-thisisengineering-3861969-1-scaled.jpg","width":2560,"height":1707},{"@type":"BreadcrumbList","@id":"https:\/\/www.techof.pt\/estas-a-preparar-o-teu-cv-para-as-exigencias-do-mercado-atual-descobre-como-o-melhorar\/#breadcrumb","itemListElement":[{"@type":"ListItem","position":1,"name":"Home","item":"https:\/\/www.techof.pt\/"},{"@type":"ListItem","position":2,"name":"Est\u00e1s a preparar o teu CV para as exig\u00eancias do mercado atual? Descobre como o melhorar"}]},{"@type":"WebSite","@id":"https:\/\/www.techof.pt\/en\/#website","url":"https:\/\/www.techof.pt\/en\/","name":"TechOf - Re-Skilling People","description":"The Fast Track to Tech","publisher":{"@id":"https:\/\/www.techof.pt\/en\/#organization"},"potentialAction":[{"@type":"SearchAction","target":{"@type":"EntryPoint","urlTemplate":"https:\/\/www.techof.pt\/en\/?s={search_term_string}"},"query-input":{"@type":"PropertyValueSpecification","valueRequired":true,"valueName":"search_term_string"}}],"inLanguage":"pt-PT"},{"@type":"Organization","@id":"https:\/\/www.techof.pt\/en\/#organization","name":"A TechOf","url":"https:\/\/www.techof.pt\/en\/","logo":{"@type":"ImageObject","inLanguage":"pt-PT","@id":"https:\/\/www.techof.pt\/en\/#\/schema\/logo\/image\/","url":"https:\/\/www.techof.pt\/wp-content\/uploads\/2022\/06\/Tech_Logo_RGB_PRINCIPAL_PRETO.png","contentUrl":"https:\/\/www.techof.pt\/wp-content\/uploads\/2022\/06\/Tech_Logo_RGB_PRINCIPAL_PRETO.png","width":1419,"height":806,"caption":"TechOf"},"image":{"@id":"https:\/\/www.techof.pt\/en\/#\/schema\/logo\/image\/"},"sameAs":["https:\/\/www.facebook.com\/techofpt","https:\/\/x.com\/TechOf_","https:\/\/www.linkedin.com\/company\/techof-reskilling-people","https:\/\/www.instagram.com\/techof_","https:\/\/www.youtube.com\/channel\/UCJq1PGIWFyB_FD4N6D_hqGw"]},{"@type":"Person","@id":"https:\/\/www.techof.pt\/en\/#\/schema\/person\/5b9be03e44b1a85d28753689cb4206a3","name":"Joana Rosa","image":{"@type":"ImageObject","inLanguage":"pt-PT","@id":"https:\/\/secure.gravatar.com\/avatar\/c535bfa011648331f3052fbbb0ccb46e95d8470c31c8c88090d98e0ad83b09ee?s=96&d=mm&r=g","url":"https:\/\/secure.gravatar.com\/avatar\/c535bfa011648331f3052fbbb0ccb46e95d8470c31c8c88090d98e0ad83b09ee?s=96&d=mm&r=g","contentUrl":"https:\/\/secure.gravatar.com\/avatar\/c535bfa011648331f3052fbbb0ccb46e95d8470c31c8c88090d98e0ad83b09ee?s=96&d=mm&r=g","caption":"Joana Rosa"},"url":"https:\/\/www.techof.pt\/pt\/author\/joana-rosa\/"}]}},"_links":{"self":[{"href":"https:\/\/www.techof.pt\/pt\/wp-json\/wp\/v2\/posts\/7837","targetHints":{"allow":["GET"]}}],"collection":[{"href":"https:\/\/www.techof.pt\/pt\/wp-json\/wp\/v2\/posts"}],"about":[{"href":"https:\/\/www.techof.pt\/pt\/wp-json\/wp\/v2\/types\/post"}],"author":[{"embeddable":true,"href":"https:\/\/www.techof.pt\/pt\/wp-json\/wp\/v2\/users\/5"}],"replies":[{"embeddable":true,"href":"https:\/\/www.techof.pt\/pt\/wp-json\/wp\/v2\/comments?post=7837"}],"version-history":[{"count":1,"href":"https:\/\/www.techof.pt\/pt\/wp-json\/wp\/v2\/posts\/7837\/revisions"}],"predecessor-version":[{"id":7838,"href":"https:\/\/www.techof.pt\/pt\/wp-json\/wp\/v2\/posts\/7837\/revisions\/7838"}],"wp:featuredmedia":[{"embeddable":true,"href":"https:\/\/www.techof.pt\/pt\/wp-json\/wp\/v2\/media\/7533"}],"wp:attachment":[{"href":"https:\/\/www.techof.pt\/pt\/wp-json\/wp\/v2\/media?parent=7837"}],"wp:term":[{"taxonomy":"category","embeddable":true,"href":"https:\/\/www.techof.pt\/pt\/wp-json\/wp\/v2\/categories?post=7837"},{"taxonomy":"post_tag","embeddable":true,"href":"https:\/\/www.techof.pt\/pt\/wp-json\/wp\/v2\/tags?post=7837"}],"curies":[{"name":"wp","href":"https:\/\/api.w.org\/{rel}","templated":true}]}}