{"id":5895,"date":"2025-03-24T09:00:00","date_gmt":"2025-03-24T09:00:00","guid":{"rendered":"https:\/\/www.techof.pt\/?p=5895"},"modified":"2025-03-21T12:12:57","modified_gmt":"2025-03-21T12:12:57","slug":"o-que-falta-para-atingirmos-a-igualdade-no-setor-tecnologico","status":"publish","type":"post","link":"https:\/\/www.techof.pt\/pt\/o-que-falta-para-atingirmos-a-igualdade-no-setor-tecnologico\/","title":{"rendered":"O que falta para atingirmos a igualdade no setor tecnol\u00f3gico?"},"content":{"rendered":"<figure class=\"wp-block-image alignleft size-full is-resized\"><img fetchpriority=\"high\" decoding=\"async\" width=\"800\" height=\"800\" src=\"https:\/\/www.techof.pt\/wp-content\/uploads\/2024\/09\/Beatriz-Duarte_TechOf-1.jpeg\" alt=\"\" class=\"wp-image-4625\" style=\"width:257px;height:auto\" srcset=\"https:\/\/www.techof.pt\/wp-content\/uploads\/2024\/09\/Beatriz-Duarte_TechOf-1.jpeg 800w, https:\/\/www.techof.pt\/wp-content\/uploads\/2024\/09\/Beatriz-Duarte_TechOf-1-300x300.jpeg 300w, https:\/\/www.techof.pt\/wp-content\/uploads\/2024\/09\/Beatriz-Duarte_TechOf-1-150x150.jpeg 150w, https:\/\/www.techof.pt\/wp-content\/uploads\/2024\/09\/Beatriz-Duarte_TechOf-1-768x768.jpeg 768w, https:\/\/www.techof.pt\/wp-content\/uploads\/2024\/09\/Beatriz-Duarte_TechOf-1-12x12.jpeg 12w, https:\/\/www.techof.pt\/wp-content\/uploads\/2024\/09\/Beatriz-Duarte_TechOf-1-650x650.jpeg 650w\" sizes=\"(max-width: 800px) 100vw, 800px\" \/><figcaption class=\"wp-element-caption\">Beatriz Duarte &#8211; TechOf<\/figcaption><\/figure>\n\n\n\n<p>Faz, este ano, 50 anos desde que as Na\u00e7\u00f5es Unidas formalizaram o Dia Internacional da Mulher em 1975. Meio s\u00e9culo de reivindica\u00e7\u00e3o pela mesma igualdade. A mesma oportunidade de acesso e crescimento. No entanto, as desigualdades persistem, o que nos obriga a perguntar porqu\u00ea e a procurar solu\u00e7\u00f5es efetivas.<\/p>\n\n\n\n<p>Em Portugal, as mulheres ocupam apenas 30% dos cargos de gest\u00e3o e 27% dos cargos de lideran\u00e7a, segundo a 14. \u00aa edi\u00e7\u00e3o do estudo da Informa D&amp;B \u201cPresen\u00e7a Feminina nas Empresas em Portugal\u201d lan\u00e7ado h\u00e1 um ano. Os setores onde esta representatividade \u00e9 mais baixa incluem Tecnologias de Informa\u00e7\u00e3o e Comunica\u00e7\u00e3o, Energias e Ambiente e Constru\u00e7\u00e3o, todos com apenas 18% de mulheres em cargos de gest\u00e3o.<\/p>\n\n\n\n<p>O mesmo estudo identifica os principais desafios enfrentados pelas mulheres na \u00e1rea&nbsp;<em>tech<\/em>: 48% mencionam a falta de mentores, 42% a aus\u00eancia de exemplos a seguir, 39% referem preconceitos de g\u00e9nero no local de trabalho, 36% relatam oportunidades de crescimento desiguais e 35% sentem-se prejudicadas por diferen\u00e7as salariais para as mesmas compet\u00eancias.<\/p>\n\n\n\n<p>Por outro lado, o estudo \u201cWomen in Tech 2024\u201d, desenvolvido pelos respons\u00e1veis da Web Summit com uma amostra de mil mulheres a n\u00edvel global no setor da tecnologia, refor\u00e7a estas conclus\u00f5es. Mais de 75% das inquiridas afirmam ter de trabalhar mais do que os homens para obter o mesmo reconhecimento. Apesar de neste estudo os \u00edndices de lideran\u00e7a feminina serem significativamente superiores (68,2%), a desigualdade salarial ainda \u00e9 um problema: mais de metade das mulheres sentem-se injustamente remuneradas. Para 49,1% das inquiridas, o equil\u00edbrio entre vida pessoal e profissional continua a ser um desafio.<\/p>\n\n\n\n<p>Na minha realidade, enquanto jovem mulher neste vasto mundo em crescimento da tecnologia, procuro fazer da igualdade uma miss\u00e3o pessoal. Acredito na for\u00e7a das mulheres e no seu papel essencial no futuro da tecnologia. N\u00e3o basta apenas ocupar espa\u00e7o; \u00e9 fundamental marcar a diferen\u00e7a e desafiar as estat\u00edsticas.<\/p>\n\n\n\n<p>Para contrariar estas estat\u00edsticas, t\u00eam sido feitos esfor\u00e7os para promover as mulheres na tecnologia. A Web Summit, por exemplo, implementou o programa \u201cMulheres na Tecnologia\u201d e assim garantir que todos t\u00eam as mesmas oportunidades. Trata-se de reconhecer que o ponto de partida \u00e9 diferente e ajustar o caminho para que a meta seja alcan\u00e7\u00e1vel por todos.<\/p>\n\n\n\n<p>Desde a implementa\u00e7\u00e3o deste programa, a participa\u00e7\u00e3o feminina na Web Summit aumentou para 42%, atingindo, em 2021, um marco hist\u00f3rico de 50,5%. No ano passado, das 3.000&nbsp;<em>startups<\/em>&nbsp;presentes no evento, 1.000 foram fundadas por mulheres.<\/p>\n\n\n\n<p>Em Portugal, tamb\u00e9m se d\u00e3o passos importantes. A 7\u00aa edi\u00e7\u00e3o dos Portuguese Women in Tech Awards (PWIT Awards), realizada em 2024, continua a destacar mulheres do setor tecnol\u00f3gico, promovendo&nbsp;<em>networking<\/em>, mentoria e inspirando novas gera\u00e7\u00f5es. Na TechOf em 2024, 51% dos nossos alunos foram mulheres, um reflexo da transforma\u00e7\u00e3o e do futuro que estamos a construir.<\/p>\n\n\n\n<p>Ainda h\u00e1 um longo caminho a percorrer, mas os avan\u00e7os que vemos hoje s\u00e3o prova de que a mudan\u00e7a \u00e9 poss\u00edvel. A pr\u00f3xima gera\u00e7\u00e3o de mulheres em tecnologia n\u00e3o tem apenas de ocupar espa\u00e7o, mas de moldar o setor, criar refer\u00eancias e inspirar outras a seguir o mesmo caminho. O futuro da tecnologia s\u00f3 ser\u00e1 verdadeiramente inovador quando todos fizerem parte da conversa.<\/p>\n\n\n\n<p><em><a href=\"https:\/\/jornaleconomico.sapo.pt\/noticias\/o-que-falta-para-atingirmos-a-igualdade-no-setor-tecnologico\/\">Artigo de opini\u00e3o de Beatriz Duarte, Tech Lead Data Analyst e Professora na TechOf, publicado no Jornal Econ\u00f3mico<\/a><\/em><\/p>","protected":false},"excerpt":{"rendered":"<p>Faz, este ano, 50 anos desde que as Na\u00e7\u00f5es Unidas formalizaram o Dia Internacional da Mulher em 1975. Meio s\u00e9culo de reivindica\u00e7\u00e3o pela mesma igualdade. A mesma oportunidade de acesso e crescimento. No entanto, as desigualdades persistem, o que nos obriga a perguntar porqu\u00ea e a procurar solu\u00e7\u00f5es efetivas. Em Portugal, as mulheres ocupam apenas [&hellip;]<\/p>\n","protected":false},"author":5,"featured_media":0,"comment_status":"open","ping_status":"open","sticky":false,"template":"","format":"standard","meta":{"inline_featured_image":false,"footnotes":""},"categories":[153,137],"tags":[164,182,180,181,183,179,149],"class_list":["post-5895","post","type-post","status-publish","format-standard","hentry","category-data-analysts","category-opinion-articles","tag-analise-de-dados","tag-dia-da-mulher","tag-igualdade","tag-igualdade-de-genero","tag-mulheres-na-tecnologia","tag-opiniao","tag-tecnologia"],"yoast_head":"<!-- This site is optimized with the Yoast SEO Premium plugin v27.4 (Yoast SEO v27.5) - https:\/\/yoast.com\/product\/yoast-seo-premium-wordpress\/ -->\n<title>O que falta para atingirmos a igualdade no setor tecnol\u00f3gico? - TechOf - Re-Skilling People<\/title>\n<meta name=\"description\" content=\"Na minha realidade, enquanto jovem mulher neste vasto mundo em crescimento da tecnologia, procuro fazer da igualdade uma miss\u00e3o pessoal.\" \/>\n<meta name=\"robots\" content=\"index, follow, max-snippet:-1, max-image-preview:large, max-video-preview:-1\" \/>\n<link rel=\"canonical\" href=\"https:\/\/www.techof.pt\/pt\/o-que-falta-para-atingirmos-a-igualdade-no-setor-tecnologico\/\" \/>\n<meta property=\"og:locale\" content=\"pt_PT\" \/>\n<meta property=\"og:type\" content=\"article\" \/>\n<meta property=\"og:title\" content=\"O que falta para atingirmos a igualdade no setor tecnol\u00f3gico?\" \/>\n<meta property=\"og:description\" content=\"Na minha realidade, enquanto jovem mulher neste vasto mundo em crescimento da tecnologia, procuro fazer da igualdade uma miss\u00e3o pessoal.\" \/>\n<meta property=\"og:url\" content=\"https:\/\/www.techof.pt\/pt\/o-que-falta-para-atingirmos-a-igualdade-no-setor-tecnologico\/\" \/>\n<meta property=\"og:site_name\" content=\"TechOf - Re-Skilling People\" \/>\n<meta property=\"article:publisher\" content=\"https:\/\/www.facebook.com\/techofpt\" \/>\n<meta property=\"article:published_time\" content=\"2025-03-24T09:00:00+00:00\" \/>\n<meta property=\"og:image\" content=\"https:\/\/www.techof.pt\/wp-content\/uploads\/2024\/09\/Beatriz-Duarte_TechOf-1.jpeg\" \/>\n\t<meta property=\"og:image:width\" content=\"800\" \/>\n\t<meta property=\"og:image:height\" content=\"800\" \/>\n\t<meta property=\"og:image:type\" content=\"image\/jpeg\" \/>\n<meta name=\"author\" content=\"Joana Rosa\" \/>\n<meta name=\"twitter:card\" content=\"summary_large_image\" \/>\n<meta name=\"twitter:creator\" content=\"@TechOf_\" \/>\n<meta name=\"twitter:site\" content=\"@TechOf_\" \/>\n<meta name=\"twitter:label1\" content=\"Escrito por\" \/>\n\t<meta name=\"twitter:data1\" content=\"Joana Rosa\" \/>\n\t<meta name=\"twitter:label2\" content=\"Tempo estimado de leitura\" \/>\n\t<meta name=\"twitter:data2\" content=\"3 minutos\" \/>\n<script type=\"application\/ld+json\" class=\"yoast-schema-graph\">{\"@context\":\"https:\\\/\\\/schema.org\",\"@graph\":[{\"@type\":\"Article\",\"@id\":\"https:\\\/\\\/www.techof.pt\\\/o-que-falta-para-atingirmos-a-igualdade-no-setor-tecnologico\\\/#article\",\"isPartOf\":{\"@id\":\"https:\\\/\\\/www.techof.pt\\\/o-que-falta-para-atingirmos-a-igualdade-no-setor-tecnologico\\\/\"},\"author\":{\"name\":\"Joana Rosa\",\"@id\":\"https:\\\/\\\/www.techof.pt\\\/en\\\/#\\\/schema\\\/person\\\/5b9be03e44b1a85d28753689cb4206a3\"},\"headline\":\"O que falta para atingirmos a igualdade no setor tecnol\u00f3gico?\",\"datePublished\":\"2025-03-24T09:00:00+00:00\",\"mainEntityOfPage\":{\"@id\":\"https:\\\/\\\/www.techof.pt\\\/o-que-falta-para-atingirmos-a-igualdade-no-setor-tecnologico\\\/\"},\"wordCount\":583,\"commentCount\":0,\"publisher\":{\"@id\":\"https:\\\/\\\/www.techof.pt\\\/en\\\/#organization\"},\"image\":{\"@id\":\"https:\\\/\\\/www.techof.pt\\\/o-que-falta-para-atingirmos-a-igualdade-no-setor-tecnologico\\\/#primaryimage\"},\"thumbnailUrl\":\"https:\\\/\\\/www.techof.pt\\\/wp-content\\\/uploads\\\/2024\\\/09\\\/Beatriz-Duarte_TechOf-1.jpeg\",\"keywords\":[\"an\u00e1lise de dados\",\"dia da mulher\",\"igualdade\",\"igualdade de g\u00e9nero\",\"mulheres na tecnologia\",\"opini\u00e3o\",\"tecnologia\"],\"articleSection\":[\"Data Analysts\",\"Opinion Articles\"],\"inLanguage\":\"pt-PT\",\"potentialAction\":[{\"@type\":\"CommentAction\",\"name\":\"Comment\",\"target\":[\"https:\\\/\\\/www.techof.pt\\\/o-que-falta-para-atingirmos-a-igualdade-no-setor-tecnologico\\\/#respond\"]}]},{\"@type\":\"WebPage\",\"@id\":\"https:\\\/\\\/www.techof.pt\\\/o-que-falta-para-atingirmos-a-igualdade-no-setor-tecnologico\\\/\",\"url\":\"https:\\\/\\\/www.techof.pt\\\/o-que-falta-para-atingirmos-a-igualdade-no-setor-tecnologico\\\/\",\"name\":\"O que falta para atingirmos a igualdade no setor tecnol\u00f3gico? - TechOf - Re-Skilling People\",\"isPartOf\":{\"@id\":\"https:\\\/\\\/www.techof.pt\\\/en\\\/#website\"},\"primaryImageOfPage\":{\"@id\":\"https:\\\/\\\/www.techof.pt\\\/o-que-falta-para-atingirmos-a-igualdade-no-setor-tecnologico\\\/#primaryimage\"},\"image\":{\"@id\":\"https:\\\/\\\/www.techof.pt\\\/o-que-falta-para-atingirmos-a-igualdade-no-setor-tecnologico\\\/#primaryimage\"},\"thumbnailUrl\":\"https:\\\/\\\/www.techof.pt\\\/wp-content\\\/uploads\\\/2024\\\/09\\\/Beatriz-Duarte_TechOf-1.jpeg\",\"datePublished\":\"2025-03-24T09:00:00+00:00\",\"description\":\"Na minha realidade, enquanto jovem mulher neste vasto mundo em crescimento da tecnologia, procuro fazer da igualdade uma miss\u00e3o pessoal.\",\"breadcrumb\":{\"@id\":\"https:\\\/\\\/www.techof.pt\\\/o-que-falta-para-atingirmos-a-igualdade-no-setor-tecnologico\\\/#breadcrumb\"},\"inLanguage\":\"pt-PT\",\"potentialAction\":[{\"@type\":\"ReadAction\",\"target\":[\"https:\\\/\\\/www.techof.pt\\\/o-que-falta-para-atingirmos-a-igualdade-no-setor-tecnologico\\\/\"]}]},{\"@type\":\"ImageObject\",\"inLanguage\":\"pt-PT\",\"@id\":\"https:\\\/\\\/www.techof.pt\\\/o-que-falta-para-atingirmos-a-igualdade-no-setor-tecnologico\\\/#primaryimage\",\"url\":\"https:\\\/\\\/www.techof.pt\\\/wp-content\\\/uploads\\\/2024\\\/09\\\/Beatriz-Duarte_TechOf-1.jpeg\",\"contentUrl\":\"https:\\\/\\\/www.techof.pt\\\/wp-content\\\/uploads\\\/2024\\\/09\\\/Beatriz-Duarte_TechOf-1.jpeg\"},{\"@type\":\"BreadcrumbList\",\"@id\":\"https:\\\/\\\/www.techof.pt\\\/o-que-falta-para-atingirmos-a-igualdade-no-setor-tecnologico\\\/#breadcrumb\",\"itemListElement\":[{\"@type\":\"ListItem\",\"position\":1,\"name\":\"Home\",\"item\":\"https:\\\/\\\/www.techof.pt\\\/\"},{\"@type\":\"ListItem\",\"position\":2,\"name\":\"O que falta para atingirmos a igualdade no setor tecnol\u00f3gico?\"}]},{\"@type\":\"WebSite\",\"@id\":\"https:\\\/\\\/www.techof.pt\\\/en\\\/#website\",\"url\":\"https:\\\/\\\/www.techof.pt\\\/en\\\/\",\"name\":\"TechOf - Re-Skilling People\",\"description\":\"The Fast Track to Tech\",\"publisher\":{\"@id\":\"https:\\\/\\\/www.techof.pt\\\/en\\\/#organization\"},\"potentialAction\":[{\"@type\":\"SearchAction\",\"target\":{\"@type\":\"EntryPoint\",\"urlTemplate\":\"https:\\\/\\\/www.techof.pt\\\/en\\\/?s={search_term_string}\"},\"query-input\":{\"@type\":\"PropertyValueSpecification\",\"valueRequired\":true,\"valueName\":\"search_term_string\"}}],\"inLanguage\":\"pt-PT\"},{\"@type\":\"Organization\",\"@id\":\"https:\\\/\\\/www.techof.pt\\\/en\\\/#organization\",\"name\":\"TechOf\",\"url\":\"https:\\\/\\\/www.techof.pt\\\/en\\\/\",\"logo\":{\"@type\":\"ImageObject\",\"inLanguage\":\"pt-PT\",\"@id\":\"https:\\\/\\\/www.techof.pt\\\/en\\\/#\\\/schema\\\/logo\\\/image\\\/\",\"url\":\"https:\\\/\\\/www.techof.pt\\\/wp-content\\\/uploads\\\/2022\\\/06\\\/Tech_Logo_RGB_PRINCIPAL_PRETO.png\",\"contentUrl\":\"https:\\\/\\\/www.techof.pt\\\/wp-content\\\/uploads\\\/2022\\\/06\\\/Tech_Logo_RGB_PRINCIPAL_PRETO.png\",\"width\":1419,\"height\":806,\"caption\":\"TechOf\"},\"image\":{\"@id\":\"https:\\\/\\\/www.techof.pt\\\/en\\\/#\\\/schema\\\/logo\\\/image\\\/\"},\"sameAs\":[\"https:\\\/\\\/www.facebook.com\\\/techofpt\",\"https:\\\/\\\/x.com\\\/TechOf_\",\"https:\\\/\\\/www.linkedin.com\\\/company\\\/techof-reskilling-people\",\"https:\\\/\\\/www.instagram.com\\\/techof_\",\"https:\\\/\\\/www.youtube.com\\\/channel\\\/UCJq1PGIWFyB_FD4N6D_hqGw\"]},{\"@type\":\"Person\",\"@id\":\"https:\\\/\\\/www.techof.pt\\\/en\\\/#\\\/schema\\\/person\\\/5b9be03e44b1a85d28753689cb4206a3\",\"name\":\"Joana Rosa\",\"image\":{\"@type\":\"ImageObject\",\"inLanguage\":\"pt-PT\",\"@id\":\"https:\\\/\\\/secure.gravatar.com\\\/avatar\\\/c535bfa011648331f3052fbbb0ccb46e95d8470c31c8c88090d98e0ad83b09ee?s=96&d=mm&r=g\",\"url\":\"https:\\\/\\\/secure.gravatar.com\\\/avatar\\\/c535bfa011648331f3052fbbb0ccb46e95d8470c31c8c88090d98e0ad83b09ee?s=96&d=mm&r=g\",\"contentUrl\":\"https:\\\/\\\/secure.gravatar.com\\\/avatar\\\/c535bfa011648331f3052fbbb0ccb46e95d8470c31c8c88090d98e0ad83b09ee?s=96&d=mm&r=g\",\"caption\":\"Joana Rosa\"},\"url\":\"https:\\\/\\\/www.techof.pt\\\/pt\\\/author\\\/joana-rosa\\\/\"}]}<\/script>\n<!-- \/ Yoast SEO Premium plugin. -->","yoast_head_json":{"title":"O que falta para atingirmos a igualdade no setor tecnol\u00f3gico? - TechOf - Re-Skilling People","description":"Na minha realidade, enquanto jovem mulher neste vasto mundo em crescimento da tecnologia, procuro fazer da igualdade uma miss\u00e3o pessoal.","robots":{"index":"index","follow":"follow","max-snippet":"max-snippet:-1","max-image-preview":"max-image-preview:large","max-video-preview":"max-video-preview:-1"},"canonical":"https:\/\/www.techof.pt\/pt\/o-que-falta-para-atingirmos-a-igualdade-no-setor-tecnologico\/","og_locale":"pt_PT","og_type":"article","og_title":"O que falta para atingirmos a igualdade no setor tecnol\u00f3gico?","og_description":"Na minha realidade, enquanto jovem mulher neste vasto mundo em crescimento da tecnologia, procuro fazer da igualdade uma miss\u00e3o pessoal.","og_url":"https:\/\/www.techof.pt\/pt\/o-que-falta-para-atingirmos-a-igualdade-no-setor-tecnologico\/","og_site_name":"TechOf - Re-Skilling People","article_publisher":"https:\/\/www.facebook.com\/techofpt","article_published_time":"2025-03-24T09:00:00+00:00","og_image":[{"width":800,"height":800,"url":"https:\/\/www.techof.pt\/wp-content\/uploads\/2024\/09\/Beatriz-Duarte_TechOf-1.jpeg","type":"image\/jpeg"}],"author":"Joana Rosa","twitter_card":"summary_large_image","twitter_creator":"@TechOf_","twitter_site":"@TechOf_","twitter_misc":{"Escrito por":"Joana Rosa","Tempo estimado de leitura":"3 minutos"},"schema":{"@context":"https:\/\/schema.org","@graph":[{"@type":"Article","@id":"https:\/\/www.techof.pt\/o-que-falta-para-atingirmos-a-igualdade-no-setor-tecnologico\/#article","isPartOf":{"@id":"https:\/\/www.techof.pt\/o-que-falta-para-atingirmos-a-igualdade-no-setor-tecnologico\/"},"author":{"name":"Joana Rosa","@id":"https:\/\/www.techof.pt\/en\/#\/schema\/person\/5b9be03e44b1a85d28753689cb4206a3"},"headline":"O que falta para atingirmos a igualdade no setor tecnol\u00f3gico?","datePublished":"2025-03-24T09:00:00+00:00","mainEntityOfPage":{"@id":"https:\/\/www.techof.pt\/o-que-falta-para-atingirmos-a-igualdade-no-setor-tecnologico\/"},"wordCount":583,"commentCount":0,"publisher":{"@id":"https:\/\/www.techof.pt\/en\/#organization"},"image":{"@id":"https:\/\/www.techof.pt\/o-que-falta-para-atingirmos-a-igualdade-no-setor-tecnologico\/#primaryimage"},"thumbnailUrl":"https:\/\/www.techof.pt\/wp-content\/uploads\/2024\/09\/Beatriz-Duarte_TechOf-1.jpeg","keywords":["an\u00e1lise de dados","dia da mulher","igualdade","igualdade de g\u00e9nero","mulheres na tecnologia","opini\u00e3o","tecnologia"],"articleSection":["Data Analysts","Opinion Articles"],"inLanguage":"pt-PT","potentialAction":[{"@type":"CommentAction","name":"Comment","target":["https:\/\/www.techof.pt\/o-que-falta-para-atingirmos-a-igualdade-no-setor-tecnologico\/#respond"]}]},{"@type":"WebPage","@id":"https:\/\/www.techof.pt\/o-que-falta-para-atingirmos-a-igualdade-no-setor-tecnologico\/","url":"https:\/\/www.techof.pt\/o-que-falta-para-atingirmos-a-igualdade-no-setor-tecnologico\/","name":"O que falta para atingirmos a igualdade no setor tecnol\u00f3gico? - TechOf - Re-Skilling People","isPartOf":{"@id":"https:\/\/www.techof.pt\/en\/#website"},"primaryImageOfPage":{"@id":"https:\/\/www.techof.pt\/o-que-falta-para-atingirmos-a-igualdade-no-setor-tecnologico\/#primaryimage"},"image":{"@id":"https:\/\/www.techof.pt\/o-que-falta-para-atingirmos-a-igualdade-no-setor-tecnologico\/#primaryimage"},"thumbnailUrl":"https:\/\/www.techof.pt\/wp-content\/uploads\/2024\/09\/Beatriz-Duarte_TechOf-1.jpeg","datePublished":"2025-03-24T09:00:00+00:00","description":"Na minha realidade, enquanto jovem mulher neste vasto mundo em crescimento da tecnologia, procuro fazer da igualdade uma miss\u00e3o pessoal.","breadcrumb":{"@id":"https:\/\/www.techof.pt\/o-que-falta-para-atingirmos-a-igualdade-no-setor-tecnologico\/#breadcrumb"},"inLanguage":"pt-PT","potentialAction":[{"@type":"ReadAction","target":["https:\/\/www.techof.pt\/o-que-falta-para-atingirmos-a-igualdade-no-setor-tecnologico\/"]}]},{"@type":"ImageObject","inLanguage":"pt-PT","@id":"https:\/\/www.techof.pt\/o-que-falta-para-atingirmos-a-igualdade-no-setor-tecnologico\/#primaryimage","url":"https:\/\/www.techof.pt\/wp-content\/uploads\/2024\/09\/Beatriz-Duarte_TechOf-1.jpeg","contentUrl":"https:\/\/www.techof.pt\/wp-content\/uploads\/2024\/09\/Beatriz-Duarte_TechOf-1.jpeg"},{"@type":"BreadcrumbList","@id":"https:\/\/www.techof.pt\/o-que-falta-para-atingirmos-a-igualdade-no-setor-tecnologico\/#breadcrumb","itemListElement":[{"@type":"ListItem","position":1,"name":"Home","item":"https:\/\/www.techof.pt\/"},{"@type":"ListItem","position":2,"name":"O que falta para atingirmos a igualdade no setor tecnol\u00f3gico?"}]},{"@type":"WebSite","@id":"https:\/\/www.techof.pt\/en\/#website","url":"https:\/\/www.techof.pt\/en\/","name":"TechOf - Re-Skilling People","description":"The Fast Track to Tech","publisher":{"@id":"https:\/\/www.techof.pt\/en\/#organization"},"potentialAction":[{"@type":"SearchAction","target":{"@type":"EntryPoint","urlTemplate":"https:\/\/www.techof.pt\/en\/?s={search_term_string}"},"query-input":{"@type":"PropertyValueSpecification","valueRequired":true,"valueName":"search_term_string"}}],"inLanguage":"pt-PT"},{"@type":"Organization","@id":"https:\/\/www.techof.pt\/en\/#organization","name":"A TechOf","url":"https:\/\/www.techof.pt\/en\/","logo":{"@type":"ImageObject","inLanguage":"pt-PT","@id":"https:\/\/www.techof.pt\/en\/#\/schema\/logo\/image\/","url":"https:\/\/www.techof.pt\/wp-content\/uploads\/2022\/06\/Tech_Logo_RGB_PRINCIPAL_PRETO.png","contentUrl":"https:\/\/www.techof.pt\/wp-content\/uploads\/2022\/06\/Tech_Logo_RGB_PRINCIPAL_PRETO.png","width":1419,"height":806,"caption":"TechOf"},"image":{"@id":"https:\/\/www.techof.pt\/en\/#\/schema\/logo\/image\/"},"sameAs":["https:\/\/www.facebook.com\/techofpt","https:\/\/x.com\/TechOf_","https:\/\/www.linkedin.com\/company\/techof-reskilling-people","https:\/\/www.instagram.com\/techof_","https:\/\/www.youtube.com\/channel\/UCJq1PGIWFyB_FD4N6D_hqGw"]},{"@type":"Person","@id":"https:\/\/www.techof.pt\/en\/#\/schema\/person\/5b9be03e44b1a85d28753689cb4206a3","name":"Joana Rosa","image":{"@type":"ImageObject","inLanguage":"pt-PT","@id":"https:\/\/secure.gravatar.com\/avatar\/c535bfa011648331f3052fbbb0ccb46e95d8470c31c8c88090d98e0ad83b09ee?s=96&d=mm&r=g","url":"https:\/\/secure.gravatar.com\/avatar\/c535bfa011648331f3052fbbb0ccb46e95d8470c31c8c88090d98e0ad83b09ee?s=96&d=mm&r=g","contentUrl":"https:\/\/secure.gravatar.com\/avatar\/c535bfa011648331f3052fbbb0ccb46e95d8470c31c8c88090d98e0ad83b09ee?s=96&d=mm&r=g","caption":"Joana Rosa"},"url":"https:\/\/www.techof.pt\/pt\/author\/joana-rosa\/"}]}},"_links":{"self":[{"href":"https:\/\/www.techof.pt\/pt\/wp-json\/wp\/v2\/posts\/5895","targetHints":{"allow":["GET"]}}],"collection":[{"href":"https:\/\/www.techof.pt\/pt\/wp-json\/wp\/v2\/posts"}],"about":[{"href":"https:\/\/www.techof.pt\/pt\/wp-json\/wp\/v2\/types\/post"}],"author":[{"embeddable":true,"href":"https:\/\/www.techof.pt\/pt\/wp-json\/wp\/v2\/users\/5"}],"replies":[{"embeddable":true,"href":"https:\/\/www.techof.pt\/pt\/wp-json\/wp\/v2\/comments?post=5895"}],"version-history":[{"count":1,"href":"https:\/\/www.techof.pt\/pt\/wp-json\/wp\/v2\/posts\/5895\/revisions"}],"predecessor-version":[{"id":5896,"href":"https:\/\/www.techof.pt\/pt\/wp-json\/wp\/v2\/posts\/5895\/revisions\/5896"}],"wp:attachment":[{"href":"https:\/\/www.techof.pt\/pt\/wp-json\/wp\/v2\/media?parent=5895"}],"wp:term":[{"taxonomy":"category","embeddable":true,"href":"https:\/\/www.techof.pt\/pt\/wp-json\/wp\/v2\/categories?post=5895"},{"taxonomy":"post_tag","embeddable":true,"href":"https:\/\/www.techof.pt\/pt\/wp-json\/wp\/v2\/tags?post=5895"}],"curies":[{"name":"wp","href":"https:\/\/api.w.org\/{rel}","templated":true}]}}