{"id":5886,"date":"2025-03-31T11:53:57","date_gmt":"2025-03-31T10:53:57","guid":{"rendered":"https:\/\/www.techof.pt\/?p=5886"},"modified":"2025-04-04T12:35:17","modified_gmt":"2025-04-04T11:35:17","slug":"requalificacao-vs-qualificacao-profissional-o-futuro-do-trabalho","status":"publish","type":"post","link":"https:\/\/www.techof.pt\/pt\/requalificacao-vs-qualificacao-profissional-o-futuro-do-trabalho\/","title":{"rendered":"Requalifica\u00e7\u00e3o vs qualifica\u00e7\u00e3o profissional: o futuro do trabalho"},"content":{"rendered":"<p>Na TechOf, acreditamos que o futuro do mercado de trabalho passa pela aprendizagem cont\u00ednua. Dois conceitos-chave neste processo s\u00e3o a requalifica\u00e7\u00e3o e a qualifica\u00e7\u00e3o profissional. Mas o que significam e como podem impactar o teu futuro?<\/p>\n\n\n\n<p>Os avan\u00e7os tecnol\u00f3gicos, a transi\u00e7\u00e3o ecol\u00f3gica, as mudan\u00e7as macroecon\u00f3micas e geoecon\u00f3micas e as transforma\u00e7\u00f5es demogr\u00e1ficas est\u00e3o a impulsionar a evolu\u00e7\u00e3o do mercado de trabalho global, redefinindo profiss\u00f5es e exigindo novas compet\u00eancias entre 2025 e 2030.<\/p>\n\n\n\n<p>O <a href=\"https:\/\/www.weforum.org\/publications\/the-future-of-jobs-report-2025\/digest\/\">World Economic Forum<\/a> identifica que ser\u00e3o criados 170 milh\u00f5es de novos postos de trabalho, o equivalente a 14% do total atual. No entanto, este crescimento ser\u00e1 acompanhado pela elimina\u00e7\u00e3o de 92 milh\u00f5es de empregos (8% do total), resultando num saldo positivo de 78 milh\u00f5es de oportunidades (7%).<\/p>\n\n\n\n<p>As profiss\u00f5es ligadas \u00e0 tecnologia s\u00e3o as que mais v\u00e3o crescer. Especialistas em Big Data, engenheiros de <em>fintech<\/em>, especialistas em intelig\u00eancia artificial e <em>machine learning<\/em>, programadores e <em>developers<\/em> estar\u00e3o entre os profissionais mais procurados.<\/p>\n\n\n\n<p>Por outro lado, algumas fun\u00e7\u00f5es tradicionais v\u00e3o enfrentar um decl\u00ednio acentuado. Operadores de caixa, assistentes administrativos, secret\u00e1rios e operadores de servi\u00e7os postais est\u00e3o entre os mais amea\u00e7ados pela automa\u00e7\u00e3o e digitaliza\u00e7\u00e3o.<\/p>\n\n\n\n<p>A necessidade de atualiza\u00e7\u00e3o de compet\u00eancias nunca foi t\u00e3o evidente. Em m\u00e9dia, estima-se que 39% das compet\u00eancias atuais dos trabalhadores sejam transformadas ou fiquem obsoletas at\u00e9 2030. O desafio para profissionais, independentemente da sua \u00e1rea de atua\u00e7\u00e3o (mesmo a \u00e1rea das TIC), e empresas \u00e9 ent\u00e3o garantir uma adapta\u00e7\u00e3o cont\u00ednua a este novo paradigma laboral.<\/p>\n\n\n\n<figure class=\"wp-block-image aligncenter size-large is-resized\"><img fetchpriority=\"high\" decoding=\"async\" width=\"1024\" height=\"683\" src=\"https:\/\/www.techof.pt\/wp-content\/uploads\/2022\/06\/iStock-1132494330-coworking-woman-scaled-3-1024x683.jpg\" alt=\"\" class=\"wp-image-1457\" style=\"width:757px;height:auto\" srcset=\"https:\/\/www.techof.pt\/wp-content\/uploads\/2022\/06\/iStock-1132494330-coworking-woman-scaled-3-1024x683.jpg 1024w, https:\/\/www.techof.pt\/wp-content\/uploads\/2022\/06\/iStock-1132494330-coworking-woman-scaled-3-300x200.jpg 300w, https:\/\/www.techof.pt\/wp-content\/uploads\/2022\/06\/iStock-1132494330-coworking-woman-scaled-3-768x512.jpg 768w, https:\/\/www.techof.pt\/wp-content\/uploads\/2022\/06\/iStock-1132494330-coworking-woman-scaled-3-1536x1024.jpg 1536w, https:\/\/www.techof.pt\/wp-content\/uploads\/2022\/06\/iStock-1132494330-coworking-woman-scaled-3-2048x1366.jpg 2048w\" sizes=\"(max-width: 1024px) 100vw, 1024px\" \/><\/figure>\n\n\n\n<p><strong>O que \u00e9 requalifica\u00e7\u00e3o profissional?<\/strong><\/p>\n\n\n\n<p>A requalifica\u00e7\u00e3o profissional implica a aquisi\u00e7\u00e3o de novas compet\u00eancias para mudar de \u00e1rea de trabalho, sendo fundamental para quem deseja fazer uma transi\u00e7\u00e3o de carreira. No setor tecnol\u00f3gico, onde a procura por talento \u00e9 elevada, esta estrat\u00e9gia pode abrir portas para oportunidades mais promissoras.<\/p>\n\n\n\n<p><strong>Exemplos de requalifica\u00e7\u00e3o na TechOf:<\/strong><\/p>\n\n\n\n<ul class=\"wp-block-list\">\n<li><a href=\"https:\/\/www.techof.pt\/pt\/o-reskilling-de-uma-arquiteta-e-engenheira-civil-para-a-analise-de-dados\/\">Uma arquiteta e uma engenheira civil frequentaram o curso de Data Analyst na TechOf para iniciarem novas carreiras em an\u00e1lise de dados<\/a><\/li>\n\n\n\n<li><a href=\"https:\/\/www.techof.pt\/pt\/das-ciencias-biomedicas-para-uma-carreira-de-full-stack-developer-este-foi-o-percurso-de-reskilling-da-sara-viegas\/\">Uma t\u00e9cnica em anatomia patol\u00f3gica frequentou o curso de Full-Stack Developer para se tornar programadora<\/a><\/li>\n\n\n\n<li><a href=\"https:\/\/www.techof.pt\/pt\/ja-formamos-os-primeiros-ux-ui-designers-descobre-o-curso-que-junta-teconologia-e-criatividade\/\">Uma arquiteta adquiriu compet\u00eancias em UX\/UI para trabalhar em experi\u00eancia do utilizador<\/a><\/li>\n<\/ul>\n\n\n\n<p><\/p>\n\n\n\n<p>A TechOf prepara os seus alunos para novas carreiras no setor tecnol\u00f3gico com programas pr\u00e1ticos e adaptados \u00e0s exig\u00eancias do mercado. Com cursos entre 5 e 9 meses em \u00e1reas como <a href=\"https:\/\/www.techof.pt\/pt\/data-analyst\/\">an\u00e1lise de dados<\/a>, programa\u00e7\u00e3o (<a href=\"https:\/\/www.techof.pt\/pt\/full-stack-developer\/\">Full Stack<\/a> e <a href=\"https:\/\/www.techof.pt\/pt\/frontend-developer\/\">Front End<\/a>), <a href=\"https:\/\/www.techof.pt\/pt\/digital-graphic-designer\/\">design gr\u00e1fico<\/a> e <a href=\"https:\/\/www.techof.pt\/pt\/digital-marketing-specialist\/\">marketing digital<\/a>, garantimos que qualquer pessoa, mesmo sem experi\u00eancia pr\u00e9via, possa fazer uma transi\u00e7\u00e3o bem-sucedida.<\/p>\n\n\n\n<p><strong>O que \u00e9 qualifica\u00e7\u00e3o profissional?<\/strong><\/p>\n\n\n\n<p>A qualifica\u00e7\u00e3o profissional consiste na melhoria e atualiza\u00e7\u00e3o de conhecimentos dentro da mesma \u00e1rea. No setor tecnol\u00f3gico, esta abordagem permite que os profissionais se mantenham preparados para as novas exig\u00eancias do mercado.<\/p>\n\n\n\n<p><strong>Exemplos de qualifica\u00e7\u00e3o profissional na TechOf:<\/strong><\/p>\n\n\n\n<ul class=\"wp-block-list\">\n<li><a href=\"https:\/\/www.techof.pt\/pt\/novas-competencias-profissionais-data-analyst-techof\/\">Um Manager de Call Center frequentou o curso de Data Analyst na TechOf para expandir as suas compet\u00eancias<\/a><\/li>\n\n\n\n<li><a href=\"https:\/\/www.techof.pt\/pt\/cerimonia-de-graduacao-techof-data-analyst-full-stack-developer\/\">Um profissional de an\u00e1lise de dados consolidou os seus conhecimentos e aprendeu novas ferramentas para se manter atualizado<\/a><\/li>\n<\/ul>\n\n\n\n<p><\/p>\n\n\n\n<p>Caso j\u00e1 sejas um profissional na \u00e1rea das Tecnologias de Informa\u00e7\u00e3o, pode n\u00e3o ser necess\u00e1rio completares todos os m\u00f3dulos do curso. Por exemplo, no curso de Data Analyst, se j\u00e1 dominares Python, podes optar por n\u00e3o frequentar esse m\u00f3dulo, que corresponde a 60 horas.<\/p>\n\n\n\n<p><strong>Porque \u00e9 que a requalifica\u00e7\u00e3o e a qualifica\u00e7\u00e3o s\u00e3o fundamentais?<\/strong><\/p>\n\n\n\n<p>S\u00e3o a resposta para todos os profissionais que queiram acompanhar a transforma\u00e7\u00e3o digital. Entre as principais vantagens est\u00e3o:<\/p>\n\n\n\n<ul class=\"wp-block-list\">\n<li>Maior adaptabilidade \u00e0s mudan\u00e7as do mercado.<\/li>\n\n\n\n<li>Oportunidades de crescimento dentro da empresa ou em novos setores.<\/li>\n\n\n\n<li>Competitividade e empregabilidade refor\u00e7adas com certifica\u00e7\u00f5es relevantes.<\/li>\n<\/ul>\n\n\n\n<p><\/p>\n\n\n\n<p><strong>Como come\u00e7ar?<\/strong><\/p>\n\n\n\n<p>Independentemente do teu ponto de partida, ajudamos-te a definir o teu objetivo profissional. Todos os nossos formandos passam por uma sess\u00e3o de orienta\u00e7\u00e3o para analisar objetivos, motiva\u00e7\u00f5es e conhecimentos t\u00e9cnicos. O objetivo? Encontrar o curso mais adequado para cada um.<\/p>\n\n\n\n<p>Descobre tudo sobre este processo <a href=\"https:\/\/www.techof.pt\/pt\/como-a-techof-te-ajuda-a-escolher-a-formacao-adequada-e-a-construir-uma-carreira-na-area-tech\/\">aqui<\/a>.<\/p>\n\n\n\n<p>Entra em contacto connosco para dares o pr\u00f3ximo passo na tua carreira!<\/p>","protected":false},"excerpt":{"rendered":"<p>Na TechOf, acreditamos que o futuro do mercado de trabalho passa pela aprendizagem cont\u00ednua. Dois conceitos-chave neste processo s\u00e3o a requalifica\u00e7\u00e3o e a qualifica\u00e7\u00e3o profissional. Mas o que significam e como podem impactar o teu futuro? Os avan\u00e7os tecnol\u00f3gicos, a transi\u00e7\u00e3o ecol\u00f3gica, as mudan\u00e7as macroecon\u00f3micas e geoecon\u00f3micas e as transforma\u00e7\u00f5es demogr\u00e1ficas est\u00e3o a impulsionar a [&hellip;]<\/p>\n","protected":false},"author":5,"featured_media":0,"comment_status":"open","ping_status":"open","sticky":false,"template":"","format":"standard","meta":{"inline_featured_image":false,"footnotes":""},"categories":[13],"tags":[],"class_list":["post-5886","post","type-post","status-publish","format-standard","hentry","category-professional-development"],"yoast_head":"<!-- This site is optimized with the Yoast SEO Premium plugin v27.4 (Yoast SEO v27.5) - https:\/\/yoast.com\/product\/yoast-seo-premium-wordpress\/ -->\n<title>Requalifica\u00e7\u00e3o vs qualifica\u00e7\u00e3o profissional: o futuro do trabalho - TechOf - Re-Skilling People<\/title>\n<meta name=\"description\" content=\"As mudan\u00e7as tecnol\u00f3gicas est\u00e3o a redefinir o mercado de trabalho, tornando fundamentais a requalifica\u00e7\u00e3o e qualifica\u00e7\u00e3o profissional.\" \/>\n<meta name=\"robots\" content=\"index, follow, max-snippet:-1, max-image-preview:large, max-video-preview:-1\" \/>\n<link rel=\"canonical\" href=\"https:\/\/www.techof.pt\/pt\/requalificacao-vs-qualificacao-profissional-o-futuro-do-trabalho\/\" \/>\n<meta property=\"og:locale\" content=\"pt_PT\" \/>\n<meta property=\"og:type\" content=\"article\" \/>\n<meta property=\"og:title\" content=\"Requalifica\u00e7\u00e3o vs qualifica\u00e7\u00e3o profissional: o futuro do trabalho\" \/>\n<meta property=\"og:description\" content=\"As mudan\u00e7as tecnol\u00f3gicas est\u00e3o a redefinir o mercado de trabalho, tornando fundamentais a requalifica\u00e7\u00e3o e qualifica\u00e7\u00e3o profissional.\" \/>\n<meta property=\"og:url\" content=\"https:\/\/www.techof.pt\/pt\/requalificacao-vs-qualificacao-profissional-o-futuro-do-trabalho\/\" \/>\n<meta property=\"og:site_name\" content=\"TechOf - Re-Skilling People\" \/>\n<meta property=\"article:publisher\" content=\"https:\/\/www.facebook.com\/techofpt\" \/>\n<meta property=\"article:published_time\" content=\"2025-03-31T10:53:57+00:00\" \/>\n<meta property=\"article:modified_time\" content=\"2025-04-04T11:35:17+00:00\" \/>\n<meta property=\"og:image\" content=\"https:\/\/www.techof.pt\/wp-content\/uploads\/2022\/06\/iStock-1132494330-coworking-woman-scaled-3.jpg\" \/>\n\t<meta property=\"og:image:width\" content=\"2560\" \/>\n\t<meta property=\"og:image:height\" content=\"1707\" \/>\n\t<meta property=\"og:image:type\" content=\"image\/jpeg\" \/>\n<meta name=\"author\" content=\"Joana Rosa\" \/>\n<meta name=\"twitter:card\" content=\"summary_large_image\" \/>\n<meta name=\"twitter:creator\" content=\"@TechOf_\" \/>\n<meta name=\"twitter:site\" content=\"@TechOf_\" \/>\n<meta name=\"twitter:label1\" content=\"Escrito por\" \/>\n\t<meta name=\"twitter:data1\" content=\"Joana Rosa\" \/>\n\t<meta name=\"twitter:label2\" content=\"Tempo estimado de leitura\" \/>\n\t<meta name=\"twitter:data2\" content=\"3 minutos\" \/>\n<script type=\"application\/ld+json\" class=\"yoast-schema-graph\">{\"@context\":\"https:\\\/\\\/schema.org\",\"@graph\":[{\"@type\":\"Article\",\"@id\":\"https:\\\/\\\/www.techof.pt\\\/requalificacao-vs-qualificacao-profissional-o-futuro-do-trabalho\\\/#article\",\"isPartOf\":{\"@id\":\"https:\\\/\\\/www.techof.pt\\\/requalificacao-vs-qualificacao-profissional-o-futuro-do-trabalho\\\/\"},\"author\":{\"name\":\"Joana Rosa\",\"@id\":\"https:\\\/\\\/www.techof.pt\\\/en\\\/#\\\/schema\\\/person\\\/5b9be03e44b1a85d28753689cb4206a3\"},\"headline\":\"Requalifica\u00e7\u00e3o vs qualifica\u00e7\u00e3o profissional: o futuro do trabalho\",\"datePublished\":\"2025-03-31T10:53:57+00:00\",\"dateModified\":\"2025-04-04T11:35:17+00:00\",\"mainEntityOfPage\":{\"@id\":\"https:\\\/\\\/www.techof.pt\\\/requalificacao-vs-qualificacao-profissional-o-futuro-do-trabalho\\\/\"},\"wordCount\":722,\"commentCount\":0,\"publisher\":{\"@id\":\"https:\\\/\\\/www.techof.pt\\\/en\\\/#organization\"},\"image\":{\"@id\":\"https:\\\/\\\/www.techof.pt\\\/requalificacao-vs-qualificacao-profissional-o-futuro-do-trabalho\\\/#primaryimage\"},\"thumbnailUrl\":\"https:\\\/\\\/www.techof.pt\\\/wp-content\\\/uploads\\\/2022\\\/06\\\/iStock-1132494330-coworking-woman-scaled-3-1024x683.jpg\",\"articleSection\":[\"Professional Development\"],\"inLanguage\":\"pt-PT\",\"potentialAction\":[{\"@type\":\"CommentAction\",\"name\":\"Comment\",\"target\":[\"https:\\\/\\\/www.techof.pt\\\/requalificacao-vs-qualificacao-profissional-o-futuro-do-trabalho\\\/#respond\"]}]},{\"@type\":\"WebPage\",\"@id\":\"https:\\\/\\\/www.techof.pt\\\/requalificacao-vs-qualificacao-profissional-o-futuro-do-trabalho\\\/\",\"url\":\"https:\\\/\\\/www.techof.pt\\\/requalificacao-vs-qualificacao-profissional-o-futuro-do-trabalho\\\/\",\"name\":\"Requalifica\u00e7\u00e3o vs qualifica\u00e7\u00e3o profissional: o futuro do trabalho - TechOf - Re-Skilling People\",\"isPartOf\":{\"@id\":\"https:\\\/\\\/www.techof.pt\\\/en\\\/#website\"},\"primaryImageOfPage\":{\"@id\":\"https:\\\/\\\/www.techof.pt\\\/requalificacao-vs-qualificacao-profissional-o-futuro-do-trabalho\\\/#primaryimage\"},\"image\":{\"@id\":\"https:\\\/\\\/www.techof.pt\\\/requalificacao-vs-qualificacao-profissional-o-futuro-do-trabalho\\\/#primaryimage\"},\"thumbnailUrl\":\"https:\\\/\\\/www.techof.pt\\\/wp-content\\\/uploads\\\/2022\\\/06\\\/iStock-1132494330-coworking-woman-scaled-3-1024x683.jpg\",\"datePublished\":\"2025-03-31T10:53:57+00:00\",\"dateModified\":\"2025-04-04T11:35:17+00:00\",\"description\":\"As mudan\u00e7as tecnol\u00f3gicas est\u00e3o a redefinir o mercado de trabalho, tornando fundamentais a requalifica\u00e7\u00e3o e qualifica\u00e7\u00e3o profissional.\",\"breadcrumb\":{\"@id\":\"https:\\\/\\\/www.techof.pt\\\/requalificacao-vs-qualificacao-profissional-o-futuro-do-trabalho\\\/#breadcrumb\"},\"inLanguage\":\"pt-PT\",\"potentialAction\":[{\"@type\":\"ReadAction\",\"target\":[\"https:\\\/\\\/www.techof.pt\\\/requalificacao-vs-qualificacao-profissional-o-futuro-do-trabalho\\\/\"]}]},{\"@type\":\"ImageObject\",\"inLanguage\":\"pt-PT\",\"@id\":\"https:\\\/\\\/www.techof.pt\\\/requalificacao-vs-qualificacao-profissional-o-futuro-do-trabalho\\\/#primaryimage\",\"url\":\"https:\\\/\\\/www.techof.pt\\\/wp-content\\\/uploads\\\/2022\\\/06\\\/iStock-1132494330-coworking-woman-scaled-3-1024x683.jpg\",\"contentUrl\":\"https:\\\/\\\/www.techof.pt\\\/wp-content\\\/uploads\\\/2022\\\/06\\\/iStock-1132494330-coworking-woman-scaled-3-1024x683.jpg\"},{\"@type\":\"BreadcrumbList\",\"@id\":\"https:\\\/\\\/www.techof.pt\\\/requalificacao-vs-qualificacao-profissional-o-futuro-do-trabalho\\\/#breadcrumb\",\"itemListElement\":[{\"@type\":\"ListItem\",\"position\":1,\"name\":\"Home\",\"item\":\"https:\\\/\\\/www.techof.pt\\\/\"},{\"@type\":\"ListItem\",\"position\":2,\"name\":\"Requalifica\u00e7\u00e3o vs qualifica\u00e7\u00e3o profissional: o futuro do trabalho\"}]},{\"@type\":\"WebSite\",\"@id\":\"https:\\\/\\\/www.techof.pt\\\/en\\\/#website\",\"url\":\"https:\\\/\\\/www.techof.pt\\\/en\\\/\",\"name\":\"TechOf - Re-Skilling People\",\"description\":\"The Fast Track to Tech\",\"publisher\":{\"@id\":\"https:\\\/\\\/www.techof.pt\\\/en\\\/#organization\"},\"potentialAction\":[{\"@type\":\"SearchAction\",\"target\":{\"@type\":\"EntryPoint\",\"urlTemplate\":\"https:\\\/\\\/www.techof.pt\\\/en\\\/?s={search_term_string}\"},\"query-input\":{\"@type\":\"PropertyValueSpecification\",\"valueRequired\":true,\"valueName\":\"search_term_string\"}}],\"inLanguage\":\"pt-PT\"},{\"@type\":\"Organization\",\"@id\":\"https:\\\/\\\/www.techof.pt\\\/en\\\/#organization\",\"name\":\"TechOf\",\"url\":\"https:\\\/\\\/www.techof.pt\\\/en\\\/\",\"logo\":{\"@type\":\"ImageObject\",\"inLanguage\":\"pt-PT\",\"@id\":\"https:\\\/\\\/www.techof.pt\\\/en\\\/#\\\/schema\\\/logo\\\/image\\\/\",\"url\":\"https:\\\/\\\/www.techof.pt\\\/wp-content\\\/uploads\\\/2022\\\/06\\\/Tech_Logo_RGB_PRINCIPAL_PRETO.png\",\"contentUrl\":\"https:\\\/\\\/www.techof.pt\\\/wp-content\\\/uploads\\\/2022\\\/06\\\/Tech_Logo_RGB_PRINCIPAL_PRETO.png\",\"width\":1419,\"height\":806,\"caption\":\"TechOf\"},\"image\":{\"@id\":\"https:\\\/\\\/www.techof.pt\\\/en\\\/#\\\/schema\\\/logo\\\/image\\\/\"},\"sameAs\":[\"https:\\\/\\\/www.facebook.com\\\/techofpt\",\"https:\\\/\\\/x.com\\\/TechOf_\",\"https:\\\/\\\/www.linkedin.com\\\/company\\\/techof-reskilling-people\",\"https:\\\/\\\/www.instagram.com\\\/techof_\",\"https:\\\/\\\/www.youtube.com\\\/channel\\\/UCJq1PGIWFyB_FD4N6D_hqGw\"]},{\"@type\":\"Person\",\"@id\":\"https:\\\/\\\/www.techof.pt\\\/en\\\/#\\\/schema\\\/person\\\/5b9be03e44b1a85d28753689cb4206a3\",\"name\":\"Joana Rosa\",\"image\":{\"@type\":\"ImageObject\",\"inLanguage\":\"pt-PT\",\"@id\":\"https:\\\/\\\/secure.gravatar.com\\\/avatar\\\/c535bfa011648331f3052fbbb0ccb46e95d8470c31c8c88090d98e0ad83b09ee?s=96&d=mm&r=g\",\"url\":\"https:\\\/\\\/secure.gravatar.com\\\/avatar\\\/c535bfa011648331f3052fbbb0ccb46e95d8470c31c8c88090d98e0ad83b09ee?s=96&d=mm&r=g\",\"contentUrl\":\"https:\\\/\\\/secure.gravatar.com\\\/avatar\\\/c535bfa011648331f3052fbbb0ccb46e95d8470c31c8c88090d98e0ad83b09ee?s=96&d=mm&r=g\",\"caption\":\"Joana Rosa\"},\"url\":\"https:\\\/\\\/www.techof.pt\\\/pt\\\/author\\\/joana-rosa\\\/\"}]}<\/script>\n<!-- \/ Yoast SEO Premium plugin. -->","yoast_head_json":{"title":"Requalifica\u00e7\u00e3o vs qualifica\u00e7\u00e3o profissional: o futuro do trabalho - TechOf - Re-Skilling People","description":"As mudan\u00e7as tecnol\u00f3gicas est\u00e3o a redefinir o mercado de trabalho, tornando fundamentais a requalifica\u00e7\u00e3o e qualifica\u00e7\u00e3o profissional.","robots":{"index":"index","follow":"follow","max-snippet":"max-snippet:-1","max-image-preview":"max-image-preview:large","max-video-preview":"max-video-preview:-1"},"canonical":"https:\/\/www.techof.pt\/pt\/requalificacao-vs-qualificacao-profissional-o-futuro-do-trabalho\/","og_locale":"pt_PT","og_type":"article","og_title":"Requalifica\u00e7\u00e3o vs qualifica\u00e7\u00e3o profissional: o futuro do trabalho","og_description":"As mudan\u00e7as tecnol\u00f3gicas est\u00e3o a redefinir o mercado de trabalho, tornando fundamentais a requalifica\u00e7\u00e3o e qualifica\u00e7\u00e3o profissional.","og_url":"https:\/\/www.techof.pt\/pt\/requalificacao-vs-qualificacao-profissional-o-futuro-do-trabalho\/","og_site_name":"TechOf - Re-Skilling People","article_publisher":"https:\/\/www.facebook.com\/techofpt","article_published_time":"2025-03-31T10:53:57+00:00","article_modified_time":"2025-04-04T11:35:17+00:00","og_image":[{"width":2560,"height":1707,"url":"https:\/\/www.techof.pt\/wp-content\/uploads\/2022\/06\/iStock-1132494330-coworking-woman-scaled-3.jpg","type":"image\/jpeg"}],"author":"Joana Rosa","twitter_card":"summary_large_image","twitter_creator":"@TechOf_","twitter_site":"@TechOf_","twitter_misc":{"Escrito por":"Joana Rosa","Tempo estimado de leitura":"3 minutos"},"schema":{"@context":"https:\/\/schema.org","@graph":[{"@type":"Article","@id":"https:\/\/www.techof.pt\/requalificacao-vs-qualificacao-profissional-o-futuro-do-trabalho\/#article","isPartOf":{"@id":"https:\/\/www.techof.pt\/requalificacao-vs-qualificacao-profissional-o-futuro-do-trabalho\/"},"author":{"name":"Joana Rosa","@id":"https:\/\/www.techof.pt\/en\/#\/schema\/person\/5b9be03e44b1a85d28753689cb4206a3"},"headline":"Requalifica\u00e7\u00e3o vs qualifica\u00e7\u00e3o profissional: o futuro do trabalho","datePublished":"2025-03-31T10:53:57+00:00","dateModified":"2025-04-04T11:35:17+00:00","mainEntityOfPage":{"@id":"https:\/\/www.techof.pt\/requalificacao-vs-qualificacao-profissional-o-futuro-do-trabalho\/"},"wordCount":722,"commentCount":0,"publisher":{"@id":"https:\/\/www.techof.pt\/en\/#organization"},"image":{"@id":"https:\/\/www.techof.pt\/requalificacao-vs-qualificacao-profissional-o-futuro-do-trabalho\/#primaryimage"},"thumbnailUrl":"https:\/\/www.techof.pt\/wp-content\/uploads\/2022\/06\/iStock-1132494330-coworking-woman-scaled-3-1024x683.jpg","articleSection":["Professional Development"],"inLanguage":"pt-PT","potentialAction":[{"@type":"CommentAction","name":"Comment","target":["https:\/\/www.techof.pt\/requalificacao-vs-qualificacao-profissional-o-futuro-do-trabalho\/#respond"]}]},{"@type":"WebPage","@id":"https:\/\/www.techof.pt\/requalificacao-vs-qualificacao-profissional-o-futuro-do-trabalho\/","url":"https:\/\/www.techof.pt\/requalificacao-vs-qualificacao-profissional-o-futuro-do-trabalho\/","name":"Requalifica\u00e7\u00e3o vs qualifica\u00e7\u00e3o profissional: o futuro do trabalho - TechOf - Re-Skilling People","isPartOf":{"@id":"https:\/\/www.techof.pt\/en\/#website"},"primaryImageOfPage":{"@id":"https:\/\/www.techof.pt\/requalificacao-vs-qualificacao-profissional-o-futuro-do-trabalho\/#primaryimage"},"image":{"@id":"https:\/\/www.techof.pt\/requalificacao-vs-qualificacao-profissional-o-futuro-do-trabalho\/#primaryimage"},"thumbnailUrl":"https:\/\/www.techof.pt\/wp-content\/uploads\/2022\/06\/iStock-1132494330-coworking-woman-scaled-3-1024x683.jpg","datePublished":"2025-03-31T10:53:57+00:00","dateModified":"2025-04-04T11:35:17+00:00","description":"As mudan\u00e7as tecnol\u00f3gicas est\u00e3o a redefinir o mercado de trabalho, tornando fundamentais a requalifica\u00e7\u00e3o e qualifica\u00e7\u00e3o profissional.","breadcrumb":{"@id":"https:\/\/www.techof.pt\/requalificacao-vs-qualificacao-profissional-o-futuro-do-trabalho\/#breadcrumb"},"inLanguage":"pt-PT","potentialAction":[{"@type":"ReadAction","target":["https:\/\/www.techof.pt\/requalificacao-vs-qualificacao-profissional-o-futuro-do-trabalho\/"]}]},{"@type":"ImageObject","inLanguage":"pt-PT","@id":"https:\/\/www.techof.pt\/requalificacao-vs-qualificacao-profissional-o-futuro-do-trabalho\/#primaryimage","url":"https:\/\/www.techof.pt\/wp-content\/uploads\/2022\/06\/iStock-1132494330-coworking-woman-scaled-3-1024x683.jpg","contentUrl":"https:\/\/www.techof.pt\/wp-content\/uploads\/2022\/06\/iStock-1132494330-coworking-woman-scaled-3-1024x683.jpg"},{"@type":"BreadcrumbList","@id":"https:\/\/www.techof.pt\/requalificacao-vs-qualificacao-profissional-o-futuro-do-trabalho\/#breadcrumb","itemListElement":[{"@type":"ListItem","position":1,"name":"Home","item":"https:\/\/www.techof.pt\/"},{"@type":"ListItem","position":2,"name":"Requalifica\u00e7\u00e3o vs qualifica\u00e7\u00e3o profissional: o futuro do trabalho"}]},{"@type":"WebSite","@id":"https:\/\/www.techof.pt\/en\/#website","url":"https:\/\/www.techof.pt\/en\/","name":"TechOf - Re-Skilling People","description":"The Fast Track to Tech","publisher":{"@id":"https:\/\/www.techof.pt\/en\/#organization"},"potentialAction":[{"@type":"SearchAction","target":{"@type":"EntryPoint","urlTemplate":"https:\/\/www.techof.pt\/en\/?s={search_term_string}"},"query-input":{"@type":"PropertyValueSpecification","valueRequired":true,"valueName":"search_term_string"}}],"inLanguage":"pt-PT"},{"@type":"Organization","@id":"https:\/\/www.techof.pt\/en\/#organization","name":"A TechOf","url":"https:\/\/www.techof.pt\/en\/","logo":{"@type":"ImageObject","inLanguage":"pt-PT","@id":"https:\/\/www.techof.pt\/en\/#\/schema\/logo\/image\/","url":"https:\/\/www.techof.pt\/wp-content\/uploads\/2022\/06\/Tech_Logo_RGB_PRINCIPAL_PRETO.png","contentUrl":"https:\/\/www.techof.pt\/wp-content\/uploads\/2022\/06\/Tech_Logo_RGB_PRINCIPAL_PRETO.png","width":1419,"height":806,"caption":"TechOf"},"image":{"@id":"https:\/\/www.techof.pt\/en\/#\/schema\/logo\/image\/"},"sameAs":["https:\/\/www.facebook.com\/techofpt","https:\/\/x.com\/TechOf_","https:\/\/www.linkedin.com\/company\/techof-reskilling-people","https:\/\/www.instagram.com\/techof_","https:\/\/www.youtube.com\/channel\/UCJq1PGIWFyB_FD4N6D_hqGw"]},{"@type":"Person","@id":"https:\/\/www.techof.pt\/en\/#\/schema\/person\/5b9be03e44b1a85d28753689cb4206a3","name":"Joana Rosa","image":{"@type":"ImageObject","inLanguage":"pt-PT","@id":"https:\/\/secure.gravatar.com\/avatar\/c535bfa011648331f3052fbbb0ccb46e95d8470c31c8c88090d98e0ad83b09ee?s=96&d=mm&r=g","url":"https:\/\/secure.gravatar.com\/avatar\/c535bfa011648331f3052fbbb0ccb46e95d8470c31c8c88090d98e0ad83b09ee?s=96&d=mm&r=g","contentUrl":"https:\/\/secure.gravatar.com\/avatar\/c535bfa011648331f3052fbbb0ccb46e95d8470c31c8c88090d98e0ad83b09ee?s=96&d=mm&r=g","caption":"Joana Rosa"},"url":"https:\/\/www.techof.pt\/pt\/author\/joana-rosa\/"}]}},"_links":{"self":[{"href":"https:\/\/www.techof.pt\/pt\/wp-json\/wp\/v2\/posts\/5886","targetHints":{"allow":["GET"]}}],"collection":[{"href":"https:\/\/www.techof.pt\/pt\/wp-json\/wp\/v2\/posts"}],"about":[{"href":"https:\/\/www.techof.pt\/pt\/wp-json\/wp\/v2\/types\/post"}],"author":[{"embeddable":true,"href":"https:\/\/www.techof.pt\/pt\/wp-json\/wp\/v2\/users\/5"}],"replies":[{"embeddable":true,"href":"https:\/\/www.techof.pt\/pt\/wp-json\/wp\/v2\/comments?post=5886"}],"version-history":[{"count":4,"href":"https:\/\/www.techof.pt\/pt\/wp-json\/wp\/v2\/posts\/5886\/revisions"}],"predecessor-version":[{"id":5910,"href":"https:\/\/www.techof.pt\/pt\/wp-json\/wp\/v2\/posts\/5886\/revisions\/5910"}],"wp:attachment":[{"href":"https:\/\/www.techof.pt\/pt\/wp-json\/wp\/v2\/media?parent=5886"}],"wp:term":[{"taxonomy":"category","embeddable":true,"href":"https:\/\/www.techof.pt\/pt\/wp-json\/wp\/v2\/categories?post=5886"},{"taxonomy":"post_tag","embeddable":true,"href":"https:\/\/www.techof.pt\/pt\/wp-json\/wp\/v2\/tags?post=5886"}],"curies":[{"name":"wp","href":"https:\/\/api.w.org\/{rel}","templated":true}]}}