{"id":5713,"date":"2025-03-03T11:50:00","date_gmt":"2025-03-03T11:50:00","guid":{"rendered":"https:\/\/www.techof.pt\/?p=5713"},"modified":"2025-03-14T10:56:38","modified_gmt":"2025-03-14T10:56:38","slug":"nuno-gil-formador-de-data-analyst-que-prepara-a-proxima-geracao-de-talentos","status":"publish","type":"post","link":"https:\/\/www.techof.pt\/pt\/nuno-gil-formador-de-data-analyst-que-prepara-a-proxima-geracao-de-talentos\/","title":{"rendered":"Conhece Nuno Gil, o formador de Data Analyst que prepara a pr\u00f3xima gera\u00e7\u00e3o de talentos"},"content":{"rendered":"<div data-elementor-type=\"wp-post\" data-elementor-id=\"5713\" class=\"elementor elementor-5713\" data-elementor-post-type=\"post\">\n\t\t\t\t\t\t<section class=\"elementor-section elementor-top-section elementor-element elementor-element-384efb5b elementor-section-boxed elementor-section-height-default elementor-section-height-default\" data-id=\"384efb5b\" data-element_type=\"section\" data-e-type=\"section\">\n\t\t\t\t\t\t<div class=\"elementor-container elementor-column-gap-default\">\n\t\t\t\t\t<div class=\"elementor-column elementor-col-100 elementor-top-column elementor-element elementor-element-57606da7\" data-id=\"57606da7\" data-element_type=\"column\" data-e-type=\"column\">\n\t\t\t<div class=\"elementor-widget-wrap elementor-element-populated\">\n\t\t\t\t\t\t<div class=\"elementor-element elementor-element-44b9e99b elementor-widget elementor-widget-text-editor\" data-id=\"44b9e99b\" data-element_type=\"widget\" data-e-type=\"widget\" data-widget_type=\"text-editor.default\">\n\t\t\t\t<div class=\"elementor-widget-container\">\n\t\t\t\t\t\t\t\t\t\n<p>No universo da an\u00e1lise de dados, onde a tecnologia avan\u00e7a a um ritmo acelerado, a forma\u00e7\u00e3o de profissionais altamente qualificados representa um desafio constante. Nuno Gil, formador de Data Analyst na TechOf, abra\u00e7a essa miss\u00e3o com compromisso e excel\u00eancia, proporcionando aos seus alunos um equil\u00edbrio entre teoria e pr\u00e1tica que os prepara de forma eficaz para o mercado de trabalho.<\/p>\n\n<p>Nuno Gil iniciou o seu percurso com uma licenciatura em Economia pela Universidade Lus\u00f3fona (2002), seguida de uma forma\u00e7\u00e3o em Engenharia Inform\u00e1tica no Instituto Superior de Tecnologias Avan\u00e7adas (2003). Mais tarde, aprofundou os seus conhecimentos em Gest\u00e3o do Conhecimento e <em>Business Intelligence<\/em>, atrav\u00e9s do mestrado em Gest\u00e3o de Informa\u00e7\u00e3o na NOVA IMS (2018). Em 2021, concluiu um Executive MBA no ISCTE <em>Executive Education<\/em>, consolidando a sua vis\u00e3o estrat\u00e9gica.<\/p>\n\n<p>Ao longo da sua carreira, acumulou um vasto leque de certifica\u00e7\u00f5es, abrangendo desde forma\u00e7\u00e3o pedag\u00f3gica de formadores, lideran\u00e7a e <em>coaching <\/em>at\u00e9 \u00e1reas especializadas como <em>Gamification <\/em>e <em>Big Data Applications<\/em>.<\/p>\n\n<p>A sua experi\u00eancia profissional \u00e9 igualmente robusta. Com mais de 30 anos de experi\u00eancia no setor financeiro, nomeadamente na Banca, Seguros e Servi\u00e7os Financeiros, passou por corretoras e bancos de investimento, ingressando no Cr\u00e9dito Agr\u00edcola em 2007, onde desempenha atualmente as fun\u00e7\u00e3o de <em>Product Owner <\/em>e <em>Data Business Partner<\/em>. Nesta institui\u00e7\u00e3o, desenvolveu sistemas de monitoriza\u00e7\u00e3o de neg\u00f3cio e liderou projetos estrat\u00e9gicos na Dire\u00e7\u00e3o de Dados e Intelig\u00eancia.<\/p>\n\n<p>Foi tamb\u00e9m no Cr\u00e9dito Agr\u00edcola que deu os primeiros passos na \u00e1rea da forma\u00e7\u00e3o, ao integrar a bolsa de formadores do banco para ministrar cursos sobre mercados financeiros. Mais recentemente, aceitou o desafio de lecionar na TechOf, onde atualmente \u00e9 formador no <a href=\"https:\/\/www.techof.pt\/pt\/data-analyst\/\">curso de Data Analyst<\/a>.<\/p>\n\n<h4 class=\"wp-block-heading\"><strong>Aprender al\u00e9m da teoria<\/strong><\/h4>\n\n<p>Para Nuno Gil, o ensino da an\u00e1lise de dados n\u00e3o se limita \u00e0 memoriza\u00e7\u00e3o de conceitos. &#8220;O meu objetivo n\u00e3o \u00e9 que os alunos apenas decorem mat\u00e9ria, mas que a compreendam e saibam aplicar na pr\u00e1tica&#8221;, explica. O seu m\u00e9todo de ensino \u00e9 fortemente baseado numa abordagem <em>hands-on<\/em>, recorrendo a exemplos reais do mercado e incentivando a participa\u00e7\u00e3o ativa dos alunos.<\/p>\n\n<p>Um dos desafios que enfrenta \u00e9 a heterogeneidade das turmas, que podem incluir alunos com diferentes n\u00edveis de conhecimento. &#8220;H\u00e1 quem esteja a fazer <em>upskilling<\/em> e quem esteja a fazer <em>reskilling<\/em> e \u00e9 crucial encontrar um equil\u00edbrio para que todos acompanhem o ritmo sem desmotivar ningu\u00e9m&#8221;, afirma. Para tal, analisa previamente os curr\u00edculos dos alunos e ajusta a abordagem pedag\u00f3gica de acordo com o perfil da turma. \u201cN\u00e3o ensino n\u00fameros. Ensino pessoas\u201d, sublinha.<\/p>\n\n<h4 class=\"wp-block-heading\"><strong>Prepara\u00e7\u00e3o para um mercado em constante evolu\u00e7\u00e3o<\/strong><\/h4>\n\n<p>Dada a r\u00e1pida evolu\u00e7\u00e3o das tecnologias e do setor da an\u00e1lise de dados, a atualiza\u00e7\u00e3o cont\u00ednua do curso \u00e9 uma prioridade. \u201cOs alunos precisam de sair daqui preparados para o mercado de trabalho. Por isso, atualizamos regularmente os conte\u00fados, garantindo que as ferramentas ensinadas s\u00e3o sempre as mais relevantes\u201d, refor\u00e7a.<\/p>\n\n<p>Para al\u00e9m das compet\u00eancias t\u00e9cnicas, como <strong>SQL<\/strong>, <strong>Python<\/strong>, <strong>Power BI<\/strong> e estat\u00edstica, Nuno Gil defende que um analista de dados deve saber comunicar eficazmente. \u201cN\u00e3o basta saber trabalhar os dados; \u00e9 essencial saber contar uma hist\u00f3ria com eles. Um relat\u00f3rio ou <em>dashboard<\/em> tem de ser claro e objetivo para que a informa\u00e7\u00e3o seja compreendida e \u00fatil\u201d, explica. Assim, o seu m\u00e9todo de ensino integra tamb\u00e9m o desenvolvimento de <em>soft skills<\/em>, incluindo apresenta\u00e7\u00e3o de resultados, <em>storytelling<\/em> e trabalho em equipa.<\/p>\n\n<h4 class=\"wp-block-heading\"><strong>Os conselhos de um especialista<\/strong><\/h4>\n\n<p>Para quem pretende ingressar no curso de Data Analyst, Nuno Gil deixa algumas recomenda\u00e7\u00f5es: \u201c\u00c9 fundamental a motiva\u00e7\u00e3o e uma mente aberta para conceitos de programa\u00e7\u00e3o e estat\u00edstica, mas tamb\u00e9m desenvolver projetos pr\u00e1ticos para construir um portef\u00f3lio e ganhar experi\u00eancia real. E nunca parar de aprender: o mercado est\u00e1 sempre a evoluir, e quem n\u00e3o acompanha, fica para tr\u00e1s\u201d, destaca.<\/p>\n\n<p>Outro fator cr\u00edtico para o sucesso \u00e9 o <em>networking<\/em>. \u201cParticipar em eventos, integrar comunidades e acompanhar as tend\u00eancias do setor s\u00e3o aspetos fundamentais para crescer nesta \u00e1rea\u201d, aconselha.<\/p>\n\n<p>Com um percurso s\u00f3lido e uma abordagem pedag\u00f3gica diferenciadora, Nuno Gil est\u00e1 a formar a nova gera\u00e7\u00e3o de analistas de dados, garantindo que saem das suas aulas n\u00e3o apenas com conhecimento t\u00e9cnico, mas tamb\u00e9m com as compet\u00eancias necess\u00e1rias para enfrentar os desafios do mercado.<\/p>\n\n<p>\u00a0<\/p>\n\t\t\t\t\t\t\t\t<\/div>\n\t\t\t\t<\/div>\n\t\t\t\t\t<\/div>\n\t\t<\/div>\n\t\t\t\t\t<\/div>\n\t\t<\/section>\n\t\t\t\t<\/div>","protected":false},"excerpt":{"rendered":"<p>No universo da an\u00e1lise de dados, onde a tecnologia avan\u00e7a a um ritmo acelerado, a forma\u00e7\u00e3o de profissionais altamente qualificados representa um desafio constante. Nuno Gil, formador de Data Analyst na TechOf, abra\u00e7a essa miss\u00e3o com compromisso e excel\u00eancia, proporcionando aos seus alunos um equil\u00edbrio entre teoria e pr\u00e1tica que os prepara de forma eficaz [&hellip;]<\/p>\n","protected":false},"author":5,"featured_media":4597,"comment_status":"open","ping_status":"open","sticky":false,"template":"","format":"standard","meta":{"inline_featured_image":false,"footnotes":""},"categories":[153,135],"tags":[106,26,171,170,27,73],"class_list":["post-5713","post","type-post","status-publish","format-standard","has-post-thumbnail","hentry","category-data-analysts","category-tech-team","tag-data-analyst","tag-education","tag-formador","tag-nuno-gil","tag-reskilling","tag-upskilling"],"yoast_head":"<!-- This site is optimized with the Yoast SEO Premium plugin v27.4 (Yoast SEO v27.5) - https:\/\/yoast.com\/product\/yoast-seo-premium-wordpress\/ -->\n<title>Conhece Nuno Gil, formador de Data Analyst<\/title>\n<meta name=\"description\" content=\"Nuno Gil, formador de Data Analyst, combina o conhecimento a uma abordagem pr\u00e1tica para preparar profissionais para o mercado de trabalho.\" \/>\n<meta name=\"robots\" content=\"index, follow, max-snippet:-1, max-image-preview:large, max-video-preview:-1\" \/>\n<link rel=\"canonical\" href=\"https:\/\/www.techof.pt\/pt\/nuno-gil-formador-de-data-analyst-que-prepara-a-proxima-geracao-de-talentos\/\" \/>\n<meta property=\"og:locale\" content=\"pt_PT\" \/>\n<meta property=\"og:type\" content=\"article\" \/>\n<meta property=\"og:title\" content=\"Conhece Nuno Gil, o formador de Data Analyst que prepara a pr\u00f3xima gera\u00e7\u00e3o de talentos\" \/>\n<meta property=\"og:description\" content=\"Nuno Gil, formador de Data Analyst, combina o conhecimento a uma abordagem pr\u00e1tica para preparar profissionais para o mercado de trabalho.\" \/>\n<meta property=\"og:url\" content=\"https:\/\/www.techof.pt\/pt\/nuno-gil-formador-de-data-analyst-que-prepara-a-proxima-geracao-de-talentos\/\" \/>\n<meta property=\"og:site_name\" content=\"TechOf - Re-Skilling People\" \/>\n<meta property=\"article:publisher\" content=\"https:\/\/www.facebook.com\/techofpt\" \/>\n<meta property=\"article:published_time\" content=\"2025-03-03T11:50:00+00:00\" \/>\n<meta property=\"article:modified_time\" content=\"2025-03-14T10:56:38+00:00\" \/>\n<meta property=\"og:image\" content=\"https:\/\/www.techof.pt\/wp-content\/uploads\/2024\/09\/nuno_gil.png\" \/>\n\t<meta property=\"og:image:width\" content=\"1245\" \/>\n\t<meta property=\"og:image:height\" content=\"1245\" \/>\n\t<meta property=\"og:image:type\" content=\"image\/png\" \/>\n<meta name=\"author\" content=\"Joana Rosa\" \/>\n<meta name=\"twitter:card\" content=\"summary_large_image\" \/>\n<meta name=\"twitter:creator\" content=\"@TechOf_\" \/>\n<meta name=\"twitter:site\" content=\"@TechOf_\" \/>\n<meta name=\"twitter:label1\" content=\"Escrito por\" \/>\n\t<meta name=\"twitter:data1\" content=\"Joana Rosa\" \/>\n\t<meta name=\"twitter:label2\" content=\"Tempo estimado de leitura\" \/>\n\t<meta name=\"twitter:data2\" content=\"4 minutos\" \/>\n<script type=\"application\/ld+json\" class=\"yoast-schema-graph\">{\"@context\":\"https:\\\/\\\/schema.org\",\"@graph\":[{\"@type\":\"Article\",\"@id\":\"https:\\\/\\\/www.techof.pt\\\/pt\\\/nuno-gil-formador-de-data-analyst-que-prepara-a-proxima-geracao-de-talentos\\\/#article\",\"isPartOf\":{\"@id\":\"https:\\\/\\\/www.techof.pt\\\/pt\\\/nuno-gil-formador-de-data-analyst-que-prepara-a-proxima-geracao-de-talentos\\\/\"},\"author\":{\"name\":\"Joana Rosa\",\"@id\":\"https:\\\/\\\/www.techof.pt\\\/en\\\/#\\\/schema\\\/person\\\/5b9be03e44b1a85d28753689cb4206a3\"},\"headline\":\"Conhece Nuno Gil, o formador de Data Analyst que prepara a pr\u00f3xima gera\u00e7\u00e3o de talentos\",\"datePublished\":\"2025-03-03T11:50:00+00:00\",\"dateModified\":\"2025-03-14T10:56:38+00:00\",\"mainEntityOfPage\":{\"@id\":\"https:\\\/\\\/www.techof.pt\\\/pt\\\/nuno-gil-formador-de-data-analyst-que-prepara-a-proxima-geracao-de-talentos\\\/\"},\"wordCount\":784,\"commentCount\":0,\"publisher\":{\"@id\":\"https:\\\/\\\/www.techof.pt\\\/en\\\/#organization\"},\"image\":{\"@id\":\"https:\\\/\\\/www.techof.pt\\\/pt\\\/nuno-gil-formador-de-data-analyst-que-prepara-a-proxima-geracao-de-talentos\\\/#primaryimage\"},\"thumbnailUrl\":\"https:\\\/\\\/www.techof.pt\\\/wp-content\\\/uploads\\\/2024\\\/09\\\/nuno_gil.png\",\"keywords\":[\"data analyst\",\"education\",\"Formador\",\"Nuno Gil\",\"reskilling\",\"upskilling\"],\"articleSection\":[\"Data Analysts\",\"Tech Team\"],\"inLanguage\":\"pt-PT\",\"potentialAction\":[{\"@type\":\"CommentAction\",\"name\":\"Comment\",\"target\":[\"https:\\\/\\\/www.techof.pt\\\/pt\\\/nuno-gil-formador-de-data-analyst-que-prepara-a-proxima-geracao-de-talentos\\\/#respond\"]}]},{\"@type\":\"WebPage\",\"@id\":\"https:\\\/\\\/www.techof.pt\\\/pt\\\/nuno-gil-formador-de-data-analyst-que-prepara-a-proxima-geracao-de-talentos\\\/\",\"url\":\"https:\\\/\\\/www.techof.pt\\\/pt\\\/nuno-gil-formador-de-data-analyst-que-prepara-a-proxima-geracao-de-talentos\\\/\",\"name\":\"Conhece Nuno Gil, formador de Data Analyst\",\"isPartOf\":{\"@id\":\"https:\\\/\\\/www.techof.pt\\\/en\\\/#website\"},\"primaryImageOfPage\":{\"@id\":\"https:\\\/\\\/www.techof.pt\\\/pt\\\/nuno-gil-formador-de-data-analyst-que-prepara-a-proxima-geracao-de-talentos\\\/#primaryimage\"},\"image\":{\"@id\":\"https:\\\/\\\/www.techof.pt\\\/pt\\\/nuno-gil-formador-de-data-analyst-que-prepara-a-proxima-geracao-de-talentos\\\/#primaryimage\"},\"thumbnailUrl\":\"https:\\\/\\\/www.techof.pt\\\/wp-content\\\/uploads\\\/2024\\\/09\\\/nuno_gil.png\",\"datePublished\":\"2025-03-03T11:50:00+00:00\",\"dateModified\":\"2025-03-14T10:56:38+00:00\",\"description\":\"Nuno Gil, formador de Data Analyst, combina o conhecimento a uma abordagem pr\u00e1tica para preparar profissionais para o mercado de trabalho.\",\"breadcrumb\":{\"@id\":\"https:\\\/\\\/www.techof.pt\\\/pt\\\/nuno-gil-formador-de-data-analyst-que-prepara-a-proxima-geracao-de-talentos\\\/#breadcrumb\"},\"inLanguage\":\"pt-PT\",\"potentialAction\":[{\"@type\":\"ReadAction\",\"target\":[\"https:\\\/\\\/www.techof.pt\\\/pt\\\/nuno-gil-formador-de-data-analyst-que-prepara-a-proxima-geracao-de-talentos\\\/\"]}]},{\"@type\":\"ImageObject\",\"inLanguage\":\"pt-PT\",\"@id\":\"https:\\\/\\\/www.techof.pt\\\/pt\\\/nuno-gil-formador-de-data-analyst-que-prepara-a-proxima-geracao-de-talentos\\\/#primaryimage\",\"url\":\"https:\\\/\\\/www.techof.pt\\\/wp-content\\\/uploads\\\/2024\\\/09\\\/nuno_gil.png\",\"contentUrl\":\"https:\\\/\\\/www.techof.pt\\\/wp-content\\\/uploads\\\/2024\\\/09\\\/nuno_gil.png\",\"width\":1245,\"height\":1245,\"caption\":\"Nuno Gil - Data Analyst\"},{\"@type\":\"BreadcrumbList\",\"@id\":\"https:\\\/\\\/www.techof.pt\\\/pt\\\/nuno-gil-formador-de-data-analyst-que-prepara-a-proxima-geracao-de-talentos\\\/#breadcrumb\",\"itemListElement\":[{\"@type\":\"ListItem\",\"position\":1,\"name\":\"Home\",\"item\":\"https:\\\/\\\/www.techof.pt\\\/\"},{\"@type\":\"ListItem\",\"position\":2,\"name\":\"Conhece Nuno Gil, o formador de Data Analyst que prepara a pr\u00f3xima gera\u00e7\u00e3o de talentos\"}]},{\"@type\":\"WebSite\",\"@id\":\"https:\\\/\\\/www.techof.pt\\\/en\\\/#website\",\"url\":\"https:\\\/\\\/www.techof.pt\\\/en\\\/\",\"name\":\"TechOf - Re-Skilling People\",\"description\":\"The Fast Track to Tech\",\"publisher\":{\"@id\":\"https:\\\/\\\/www.techof.pt\\\/en\\\/#organization\"},\"potentialAction\":[{\"@type\":\"SearchAction\",\"target\":{\"@type\":\"EntryPoint\",\"urlTemplate\":\"https:\\\/\\\/www.techof.pt\\\/en\\\/?s={search_term_string}\"},\"query-input\":{\"@type\":\"PropertyValueSpecification\",\"valueRequired\":true,\"valueName\":\"search_term_string\"}}],\"inLanguage\":\"pt-PT\"},{\"@type\":\"Organization\",\"@id\":\"https:\\\/\\\/www.techof.pt\\\/en\\\/#organization\",\"name\":\"TechOf\",\"url\":\"https:\\\/\\\/www.techof.pt\\\/en\\\/\",\"logo\":{\"@type\":\"ImageObject\",\"inLanguage\":\"pt-PT\",\"@id\":\"https:\\\/\\\/www.techof.pt\\\/en\\\/#\\\/schema\\\/logo\\\/image\\\/\",\"url\":\"https:\\\/\\\/www.techof.pt\\\/wp-content\\\/uploads\\\/2022\\\/06\\\/Tech_Logo_RGB_PRINCIPAL_PRETO.png\",\"contentUrl\":\"https:\\\/\\\/www.techof.pt\\\/wp-content\\\/uploads\\\/2022\\\/06\\\/Tech_Logo_RGB_PRINCIPAL_PRETO.png\",\"width\":1419,\"height\":806,\"caption\":\"TechOf\"},\"image\":{\"@id\":\"https:\\\/\\\/www.techof.pt\\\/en\\\/#\\\/schema\\\/logo\\\/image\\\/\"},\"sameAs\":[\"https:\\\/\\\/www.facebook.com\\\/techofpt\",\"https:\\\/\\\/x.com\\\/TechOf_\",\"https:\\\/\\\/www.linkedin.com\\\/company\\\/techof-reskilling-people\",\"https:\\\/\\\/www.instagram.com\\\/techof_\",\"https:\\\/\\\/www.youtube.com\\\/channel\\\/UCJq1PGIWFyB_FD4N6D_hqGw\"]},{\"@type\":\"Person\",\"@id\":\"https:\\\/\\\/www.techof.pt\\\/en\\\/#\\\/schema\\\/person\\\/5b9be03e44b1a85d28753689cb4206a3\",\"name\":\"Joana Rosa\",\"image\":{\"@type\":\"ImageObject\",\"inLanguage\":\"pt-PT\",\"@id\":\"https:\\\/\\\/secure.gravatar.com\\\/avatar\\\/c535bfa011648331f3052fbbb0ccb46e95d8470c31c8c88090d98e0ad83b09ee?s=96&d=mm&r=g\",\"url\":\"https:\\\/\\\/secure.gravatar.com\\\/avatar\\\/c535bfa011648331f3052fbbb0ccb46e95d8470c31c8c88090d98e0ad83b09ee?s=96&d=mm&r=g\",\"contentUrl\":\"https:\\\/\\\/secure.gravatar.com\\\/avatar\\\/c535bfa011648331f3052fbbb0ccb46e95d8470c31c8c88090d98e0ad83b09ee?s=96&d=mm&r=g\",\"caption\":\"Joana Rosa\"},\"url\":\"https:\\\/\\\/www.techof.pt\\\/pt\\\/author\\\/joana-rosa\\\/\"}]}<\/script>\n<!-- \/ Yoast SEO Premium plugin. -->","yoast_head_json":{"title":"Conhece Nuno Gil, formador de Data Analyst","description":"Nuno Gil, formador de Data Analyst, combina o conhecimento a uma abordagem pr\u00e1tica para preparar profissionais para o mercado de trabalho.","robots":{"index":"index","follow":"follow","max-snippet":"max-snippet:-1","max-image-preview":"max-image-preview:large","max-video-preview":"max-video-preview:-1"},"canonical":"https:\/\/www.techof.pt\/pt\/nuno-gil-formador-de-data-analyst-que-prepara-a-proxima-geracao-de-talentos\/","og_locale":"pt_PT","og_type":"article","og_title":"Conhece Nuno Gil, o formador de Data Analyst que prepara a pr\u00f3xima gera\u00e7\u00e3o de talentos","og_description":"Nuno Gil, formador de Data Analyst, combina o conhecimento a uma abordagem pr\u00e1tica para preparar profissionais para o mercado de trabalho.","og_url":"https:\/\/www.techof.pt\/pt\/nuno-gil-formador-de-data-analyst-que-prepara-a-proxima-geracao-de-talentos\/","og_site_name":"TechOf - Re-Skilling People","article_publisher":"https:\/\/www.facebook.com\/techofpt","article_published_time":"2025-03-03T11:50:00+00:00","article_modified_time":"2025-03-14T10:56:38+00:00","og_image":[{"width":1245,"height":1245,"url":"https:\/\/www.techof.pt\/wp-content\/uploads\/2024\/09\/nuno_gil.png","type":"image\/png"}],"author":"Joana Rosa","twitter_card":"summary_large_image","twitter_creator":"@TechOf_","twitter_site":"@TechOf_","twitter_misc":{"Escrito por":"Joana Rosa","Tempo estimado de leitura":"4 minutos"},"schema":{"@context":"https:\/\/schema.org","@graph":[{"@type":"Article","@id":"https:\/\/www.techof.pt\/pt\/nuno-gil-formador-de-data-analyst-que-prepara-a-proxima-geracao-de-talentos\/#article","isPartOf":{"@id":"https:\/\/www.techof.pt\/pt\/nuno-gil-formador-de-data-analyst-que-prepara-a-proxima-geracao-de-talentos\/"},"author":{"name":"Joana Rosa","@id":"https:\/\/www.techof.pt\/en\/#\/schema\/person\/5b9be03e44b1a85d28753689cb4206a3"},"headline":"Conhece Nuno Gil, o formador de Data Analyst que prepara a pr\u00f3xima gera\u00e7\u00e3o de talentos","datePublished":"2025-03-03T11:50:00+00:00","dateModified":"2025-03-14T10:56:38+00:00","mainEntityOfPage":{"@id":"https:\/\/www.techof.pt\/pt\/nuno-gil-formador-de-data-analyst-que-prepara-a-proxima-geracao-de-talentos\/"},"wordCount":784,"commentCount":0,"publisher":{"@id":"https:\/\/www.techof.pt\/en\/#organization"},"image":{"@id":"https:\/\/www.techof.pt\/pt\/nuno-gil-formador-de-data-analyst-que-prepara-a-proxima-geracao-de-talentos\/#primaryimage"},"thumbnailUrl":"https:\/\/www.techof.pt\/wp-content\/uploads\/2024\/09\/nuno_gil.png","keywords":["data analyst","education","Formador","Nuno Gil","reskilling","upskilling"],"articleSection":["Data Analysts","Tech Team"],"inLanguage":"pt-PT","potentialAction":[{"@type":"CommentAction","name":"Comment","target":["https:\/\/www.techof.pt\/pt\/nuno-gil-formador-de-data-analyst-que-prepara-a-proxima-geracao-de-talentos\/#respond"]}]},{"@type":"WebPage","@id":"https:\/\/www.techof.pt\/pt\/nuno-gil-formador-de-data-analyst-que-prepara-a-proxima-geracao-de-talentos\/","url":"https:\/\/www.techof.pt\/pt\/nuno-gil-formador-de-data-analyst-que-prepara-a-proxima-geracao-de-talentos\/","name":"Conhece Nuno Gil, formador de Data Analyst","isPartOf":{"@id":"https:\/\/www.techof.pt\/en\/#website"},"primaryImageOfPage":{"@id":"https:\/\/www.techof.pt\/pt\/nuno-gil-formador-de-data-analyst-que-prepara-a-proxima-geracao-de-talentos\/#primaryimage"},"image":{"@id":"https:\/\/www.techof.pt\/pt\/nuno-gil-formador-de-data-analyst-que-prepara-a-proxima-geracao-de-talentos\/#primaryimage"},"thumbnailUrl":"https:\/\/www.techof.pt\/wp-content\/uploads\/2024\/09\/nuno_gil.png","datePublished":"2025-03-03T11:50:00+00:00","dateModified":"2025-03-14T10:56:38+00:00","description":"Nuno Gil, formador de Data Analyst, combina o conhecimento a uma abordagem pr\u00e1tica para preparar profissionais para o mercado de trabalho.","breadcrumb":{"@id":"https:\/\/www.techof.pt\/pt\/nuno-gil-formador-de-data-analyst-que-prepara-a-proxima-geracao-de-talentos\/#breadcrumb"},"inLanguage":"pt-PT","potentialAction":[{"@type":"ReadAction","target":["https:\/\/www.techof.pt\/pt\/nuno-gil-formador-de-data-analyst-que-prepara-a-proxima-geracao-de-talentos\/"]}]},{"@type":"ImageObject","inLanguage":"pt-PT","@id":"https:\/\/www.techof.pt\/pt\/nuno-gil-formador-de-data-analyst-que-prepara-a-proxima-geracao-de-talentos\/#primaryimage","url":"https:\/\/www.techof.pt\/wp-content\/uploads\/2024\/09\/nuno_gil.png","contentUrl":"https:\/\/www.techof.pt\/wp-content\/uploads\/2024\/09\/nuno_gil.png","width":1245,"height":1245,"caption":"Nuno Gil - Data Analyst"},{"@type":"BreadcrumbList","@id":"https:\/\/www.techof.pt\/pt\/nuno-gil-formador-de-data-analyst-que-prepara-a-proxima-geracao-de-talentos\/#breadcrumb","itemListElement":[{"@type":"ListItem","position":1,"name":"Home","item":"https:\/\/www.techof.pt\/"},{"@type":"ListItem","position":2,"name":"Conhece Nuno Gil, o formador de Data Analyst que prepara a pr\u00f3xima gera\u00e7\u00e3o de talentos"}]},{"@type":"WebSite","@id":"https:\/\/www.techof.pt\/en\/#website","url":"https:\/\/www.techof.pt\/en\/","name":"TechOf - Re-Skilling People","description":"The Fast Track to Tech","publisher":{"@id":"https:\/\/www.techof.pt\/en\/#organization"},"potentialAction":[{"@type":"SearchAction","target":{"@type":"EntryPoint","urlTemplate":"https:\/\/www.techof.pt\/en\/?s={search_term_string}"},"query-input":{"@type":"PropertyValueSpecification","valueRequired":true,"valueName":"search_term_string"}}],"inLanguage":"pt-PT"},{"@type":"Organization","@id":"https:\/\/www.techof.pt\/en\/#organization","name":"A TechOf","url":"https:\/\/www.techof.pt\/en\/","logo":{"@type":"ImageObject","inLanguage":"pt-PT","@id":"https:\/\/www.techof.pt\/en\/#\/schema\/logo\/image\/","url":"https:\/\/www.techof.pt\/wp-content\/uploads\/2022\/06\/Tech_Logo_RGB_PRINCIPAL_PRETO.png","contentUrl":"https:\/\/www.techof.pt\/wp-content\/uploads\/2022\/06\/Tech_Logo_RGB_PRINCIPAL_PRETO.png","width":1419,"height":806,"caption":"TechOf"},"image":{"@id":"https:\/\/www.techof.pt\/en\/#\/schema\/logo\/image\/"},"sameAs":["https:\/\/www.facebook.com\/techofpt","https:\/\/x.com\/TechOf_","https:\/\/www.linkedin.com\/company\/techof-reskilling-people","https:\/\/www.instagram.com\/techof_","https:\/\/www.youtube.com\/channel\/UCJq1PGIWFyB_FD4N6D_hqGw"]},{"@type":"Person","@id":"https:\/\/www.techof.pt\/en\/#\/schema\/person\/5b9be03e44b1a85d28753689cb4206a3","name":"Joana Rosa","image":{"@type":"ImageObject","inLanguage":"pt-PT","@id":"https:\/\/secure.gravatar.com\/avatar\/c535bfa011648331f3052fbbb0ccb46e95d8470c31c8c88090d98e0ad83b09ee?s=96&d=mm&r=g","url":"https:\/\/secure.gravatar.com\/avatar\/c535bfa011648331f3052fbbb0ccb46e95d8470c31c8c88090d98e0ad83b09ee?s=96&d=mm&r=g","contentUrl":"https:\/\/secure.gravatar.com\/avatar\/c535bfa011648331f3052fbbb0ccb46e95d8470c31c8c88090d98e0ad83b09ee?s=96&d=mm&r=g","caption":"Joana Rosa"},"url":"https:\/\/www.techof.pt\/pt\/author\/joana-rosa\/"}]}},"_links":{"self":[{"href":"https:\/\/www.techof.pt\/pt\/wp-json\/wp\/v2\/posts\/5713","targetHints":{"allow":["GET"]}}],"collection":[{"href":"https:\/\/www.techof.pt\/pt\/wp-json\/wp\/v2\/posts"}],"about":[{"href":"https:\/\/www.techof.pt\/pt\/wp-json\/wp\/v2\/types\/post"}],"author":[{"embeddable":true,"href":"https:\/\/www.techof.pt\/pt\/wp-json\/wp\/v2\/users\/5"}],"replies":[{"embeddable":true,"href":"https:\/\/www.techof.pt\/pt\/wp-json\/wp\/v2\/comments?post=5713"}],"version-history":[{"count":8,"href":"https:\/\/www.techof.pt\/pt\/wp-json\/wp\/v2\/posts\/5713\/revisions"}],"predecessor-version":[{"id":5883,"href":"https:\/\/www.techof.pt\/pt\/wp-json\/wp\/v2\/posts\/5713\/revisions\/5883"}],"wp:featuredmedia":[{"embeddable":true,"href":"https:\/\/www.techof.pt\/pt\/wp-json\/wp\/v2\/media\/4597"}],"wp:attachment":[{"href":"https:\/\/www.techof.pt\/pt\/wp-json\/wp\/v2\/media?parent=5713"}],"wp:term":[{"taxonomy":"category","embeddable":true,"href":"https:\/\/www.techof.pt\/pt\/wp-json\/wp\/v2\/categories?post=5713"},{"taxonomy":"post_tag","embeddable":true,"href":"https:\/\/www.techof.pt\/pt\/wp-json\/wp\/v2\/tags?post=5713"}],"curies":[{"name":"wp","href":"https:\/\/api.w.org\/{rel}","templated":true}]}}