{"id":4958,"date":"2024-12-31T16:43:16","date_gmt":"2024-12-31T16:43:16","guid":{"rendered":"https:\/\/www.techof.pt\/?p=4958"},"modified":"2025-02-20T17:37:06","modified_gmt":"2025-02-20T17:37:06","slug":"tendencias-tech-para-2025","status":"publish","type":"post","link":"https:\/\/www.techof.pt\/pt\/tendencias-tech-para-2025\/","title":{"rendered":"Quais as tend\u00eancias tech para 2025? Nuno Rosado, CEO da TechOf, partilha a sua vis\u00e3o"},"content":{"rendered":"<p>A evolu\u00e7\u00e3o tecnol\u00f3gica tem transformado o panorama empresarial e a forma como as pessoas interagem com o mundo digital. Em 2025, espera-se que esta revolu\u00e7\u00e3o continue a acelerar, trazendo consigo novas oportunidades e desafios para os setores p\u00fablico e privado. Para explorar estas perspetivas, convers\u00e1mos com Nuno Rosado, cofundador e CEO da TechOf, uma refer\u00eancia em forma\u00e7\u00e3o tecnol\u00f3gica, que partilhou a sua vis\u00e3o sobre as principais tend\u00eancias tecnol\u00f3gicas que v\u00e3o, na sua vis\u00e3o, moldar o futuro.<\/p>\n\n\n\n<h4 class=\"wp-block-heading\"><strong>Quais s\u00e3o principais tend\u00eancias tecnol\u00f3gicas que v\u00e3o moldar 2025?<\/strong><\/h4>\n\n\n\n<p>Acredito que existam v\u00e1rios pontos fundamentais que v\u00e3o moldar o futuro. O primeiro \u00e9 a transi\u00e7\u00e3o de <em>data-driven <\/em>para <em>AI-driven<\/em>. As empresas v\u00e3o passar a confiar em sistemas de intelig\u00eancia artificial (IA) para processar e interpretar dados, tornando as decis\u00f5es mais autom\u00e1ticas e menos dependentes da interven\u00e7\u00e3o humana.<\/p>\n\n\n\n<p>O pr\u00f3prio governo portugu\u00eas vai fazer o seu mega LLM (<em>Large Language Model<\/em>), batizado de Am\u00e1lia, que, depois de lan\u00e7ado, vai permitir \u00e0s empresas portuguesas ir buscar o modelo e criar os seus pr\u00f3prios padr\u00f5es. Quando n\u00f3s temos um governo que come\u00e7a a abra\u00e7ar este tipo de iniciativas, ent\u00e3o sabemos que, na pr\u00e1tica, qualquer tipo de empresa vai come\u00e7ar a abra\u00e7ar.<\/p>\n\n\n\n<p>Tamb\u00e9m veremos um avan\u00e7o significativo em <em>Cloud Computing<\/em>. As organiza\u00e7\u00f5es n\u00e3o v\u00e3o apenas migrar para a nuvem &#8211; eu diria que esta foi a primeira gera\u00e7\u00e3o de <em>Cloud Computing<\/em> -, mas v\u00e3o otimizar os sistemas para tirar o m\u00e1ximo partido da <em>cloud<\/em>, criando oportunidades para profissionais especializados em DevOps, que t\u00eam conhecimentos de programa\u00e7\u00e3o e administra\u00e7\u00e3o de sistemas.<\/p>\n\n\n\n<p>Adicionalmente, tecnologias como <em>Blockchain <\/em>e <em>Web3<\/em> v\u00e3o continuar a evoluir rapidamente, sobretudo em mercados como o das criptomoedas. Em Portugal, vemos empresas a investir fortemente em <em>skills <\/em>baseadas em programa\u00e7\u00e3o de JavaScript e nas <em>frameworks <\/em>como o React e outras tecnologias relacionadas para suportar solu\u00e7\u00f5es descentralizadas. Embora ainda sejam \u00e1reas de nicho, o potencial de crescimento \u00e9 enorme.<\/p>\n\n\n\n<p><\/p>\n\n\n\n<h4 class=\"wp-block-heading\"><strong>A ciberseguran\u00e7a mant\u00e9m-se como uma \u00e1rea de destaque, sendo apontada pelo<a href=\"https:\/\/www.hipersuper.pt\/2024\/12\/26\/ciberseguranca-e-ia-na-robotica-entre-as-principais-tendencias-tecnologicas-para-2025\"> Capgemini Research Institute como uma das principais tend\u00eancias tecnol\u00f3gicas para 2025<\/a>. Como avalia esta perspetiva?<\/strong><\/h4>\n\n\n\n<p>A ciberseguran\u00e7a \u00e9 um tema cr\u00edtico e vai exigir muito investimento, principalmente em <em>upskilling<\/em> dentro das pr\u00f3prias empresas. Embora o <em>reskilling<\/em> nesta \u00e1rea seja desafiador, \u00e9 essencial criar pacotes de forma\u00e7\u00e3o que capacitem as equipas para responder a amea\u00e7as crescentes. H\u00e1 uma necessidade urgente de formar especialistas capazes de prevenir ataques e proteger dados sens\u00edveis.<\/p>\n\n\n\n<p><\/p>\n\n\n\n<h4 class=\"wp-block-heading\"><strong>IT Analytics e Business Intelligence continuam relevantes para 2025?<\/strong><\/h4>\n\n\n\n<p>Absolutamente. As ferramentas como Excel, Power BI e Python t\u00eam vindo a consolidar a sua relev\u00e2ncia, especialmente em contextos empresariais. Elas s\u00e3o fundamentais para permitir que as empresas extraiam <em>insights<\/em> valiosos dos seus dados e tomem decis\u00f5es mais informadas. Com a transi\u00e7\u00e3o para sistemas <em>AI-driven<\/em>, estas ferramentas tornam-se ainda mais cr\u00edticas para integrar an\u00e1lises preditivas e facilitar a visualiza\u00e7\u00e3o de dados de forma eficaz.<\/p>\n\n\n\n<p><\/p>\n\n\n\n<h4 class=\"wp-block-heading\"><strong>Que impacto v\u00ea para as ferramentas de <em>low-code<\/em> e <em>no-code<\/em> para o pr\u00f3ximo ano?<\/strong><\/h4>\n\n\n\n<p>Estas ferramentas v\u00e3o democratizar o acesso \u00e0 tecnologia. Plataformas <em>low-code<\/em> e <em>no-code<\/em>, como o OutSystems, est\u00e3o a crescer porque permitem que profissionais sem uma forma\u00e7\u00e3o avan\u00e7ada em programa\u00e7\u00e3o possam criar solu\u00e7\u00f5es eficientes. Apesar da simplicidade, o dom\u00ednio de linguagens como Python e JavaScript continua essencial para maximizar o potencial dessas plataformas.<\/p>\n\n\n\n<p><\/p>\n\n\n\n<h4 class=\"wp-block-heading\"><strong>A sustentabilidade integra as tend\u00eancias tecnol\u00f3gicas de alguma forma?<\/strong><\/h4>\n\n\n\n<p>GreenTech \u00e9 uma \u00e1rea que vai ganhar relev\u00e2ncia. As empresas est\u00e3o cada vez mais focadas em pr\u00e1ticas sustent\u00e1veis, especialmente no uso otimizado de recursos na <em>cloud<\/em>. Esta tend\u00eancia exige um compromisso com a efici\u00eancia energ\u00e9tica e a responsabilidade ambiental, o que tamb\u00e9m implica novos desafios para programadores e engenheiros de sistemas.<\/p>\n\n\n\n<p><\/p>\n\n\n\n<h4 class=\"wp-block-heading\"><strong>A \u00e1rea da sa\u00fade tamb\u00e9m est\u00e1 a ser impactada pela tecnologia. Que avan\u00e7os destaca?<\/strong><\/h4>\n\n\n\n<p>A <em>Health Technology<\/em> e telemedicina est\u00e3o a transformar os cuidados de sa\u00fade. Nos Estados Unidos, por exemplo, h\u00e1 sistemas de IA que analisam exames como TACs para prever doen\u00e7as com at\u00e9 dez anos de anteced\u00eancia. Em Portugal, a aplica\u00e7\u00e3o desta tecnologia pode significar um salto qualitativo nos servi\u00e7os de sa\u00fade, especialmente com o uso de <em>blockchain <\/em>para garantir a seguran\u00e7a dos dados dos pacientes.<\/p>\n\n\n\n<p><\/p>\n\n\n\n<h4 class=\"wp-block-heading\"><strong>E quanto ao impacto da Realidade Aumentada (AR) e Realidade Virtual (VR)?<\/strong><\/h4>\n\n\n\n<p>A AR e a VR t\u00eam aplica\u00e7\u00f5es fant\u00e1sticas, desde o turismo at\u00e9 ao retalho. Em 2015, quando estive em Nova Iorque, estive numa loja de roupa que apenas tinha ecr\u00e3s e toda a experi\u00eancia de compra acontecia atrav\u00e9s desta tecnologia. Estas tecnologias, aliadas a sistemas de AI e an\u00e1lise de dados, oferecem experi\u00eancias cada vez mais imersivas e personalizadas. Isto pode ser aplicado em Portugal.<\/p>\n\n\n\n<p><\/p>\n\n\n\n<h4 class=\"wp-block-heading\"><strong>Que papel desempenha a forma\u00e7\u00e3o personalizada no futuro da tecnologia?<\/strong><\/h4>\n\n\n\n<p>A relev\u00e2ncia \u00e9 a chave. As pessoas v\u00e3o procurar forma\u00e7\u00f5es mais curtas, customizadas e adapt\u00e1veis \u00e0s suas necessidades. Na TechOf estamos a investir em <a href=\"https:\/\/www.techof.pt\/pt\/programas\/\">forma\u00e7\u00f5es que aliam conte\u00fados t\u00e9cnicos a <em>soft skills<\/em><\/a>, promovendo um modelo de aprendizagem ao longo da vida (\u201c<em>lifelong learning<\/em>\u201d). Isto n\u00e3o \u00e9 apenas uma tend\u00eancia, mas uma necessidade para manter a competitividade no mercado.<\/p>\n\n\n\n<p>As empresas precisam de estar preparadas para as transforma\u00e7\u00f5es que v\u00eam a\u00ed, mas tamb\u00e9m para formar os seus colaboradores. Na TechOf, o nosso objetivo \u00e9 ser um catalisador para estas tend\u00eancias, conectando talento e tecnologia de forma relevante e eficaz.<\/p>\n\n\n\n<p><\/p>","protected":false},"excerpt":{"rendered":"<p>A evolu\u00e7\u00e3o tecnol\u00f3gica tem transformado o panorama empresarial e a forma como as pessoas interagem com o mundo digital. Em 2025, espera-se que esta revolu\u00e7\u00e3o continue a acelerar, trazendo consigo novas oportunidades e desafios para os setores p\u00fablico e privado. Para explorar estas perspetivas, convers\u00e1mos com Nuno Rosado, cofundador e CEO da TechOf, uma refer\u00eancia [&hellip;]<\/p>\n","protected":false},"author":5,"featured_media":4802,"comment_status":"open","ping_status":"open","sticky":false,"template":"","format":"standard","meta":{"inline_featured_image":false,"footnotes":""},"categories":[11],"tags":[26,23],"class_list":["post-4958","post","type-post","status-publish","format-standard","has-post-thumbnail","hentry","category-industry-trends","tag-education","tag-technology"],"yoast_head":"<!-- This site is optimized with the Yoast SEO Premium plugin v27.4 (Yoast SEO v27.4) - https:\/\/yoast.com\/product\/yoast-seo-premium-wordpress\/ -->\n<title>Quais as tend\u00eancias tech para 2025? Nuno Rosado, CEO da TechOf, partilha a sua vis\u00e3o - TechOf - Re-Skilling People<\/title>\n<meta name=\"description\" content=\"Convers\u00e1mos com Nuno Rosado, cofundador e CEO da TechOf, que partilhou a sua vis\u00e3o sobre as principais tend\u00eancias tecnol\u00f3gicas que v\u00e3o moldar o futuro.\" \/>\n<meta name=\"robots\" content=\"index, follow, max-snippet:-1, max-image-preview:large, max-video-preview:-1\" \/>\n<link rel=\"canonical\" href=\"https:\/\/www.techof.pt\/pt\/tendencias-tech-para-2025\/\" \/>\n<meta property=\"og:locale\" content=\"pt_PT\" \/>\n<meta property=\"og:type\" content=\"article\" \/>\n<meta property=\"og:title\" content=\"Quais as tend\u00eancias tech para 2025? Nuno Rosado, CEO da TechOf, partilha a sua vis\u00e3o\" \/>\n<meta property=\"og:description\" content=\"Convers\u00e1mos com Nuno Rosado, cofundador e CEO da TechOf, que partilhou a sua vis\u00e3o sobre as principais tend\u00eancias tecnol\u00f3gicas que v\u00e3o moldar o futuro.\" \/>\n<meta property=\"og:url\" content=\"https:\/\/www.techof.pt\/pt\/tendencias-tech-para-2025\/\" \/>\n<meta property=\"og:site_name\" content=\"TechOf - Re-Skilling People\" \/>\n<meta property=\"article:publisher\" content=\"https:\/\/www.facebook.com\/techofpt\" \/>\n<meta property=\"article:published_time\" content=\"2024-12-31T16:43:16+00:00\" \/>\n<meta property=\"article:modified_time\" content=\"2025-02-20T17:37:06+00:00\" \/>\n<meta property=\"og:image\" content=\"https:\/\/www.techof.pt\/wp-content\/uploads\/2024\/11\/NRS_7680.webp\" \/>\n\t<meta property=\"og:image:width\" content=\"1024\" \/>\n\t<meta property=\"og:image:height\" content=\"683\" \/>\n\t<meta property=\"og:image:type\" content=\"image\/webp\" \/>\n<meta name=\"author\" content=\"Joana Rosa\" \/>\n<meta name=\"twitter:card\" content=\"summary_large_image\" \/>\n<meta name=\"twitter:creator\" content=\"@TechOf_\" \/>\n<meta name=\"twitter:site\" content=\"@TechOf_\" \/>\n<meta name=\"twitter:label1\" content=\"Escrito por\" \/>\n\t<meta name=\"twitter:data1\" content=\"Joana Rosa\" \/>\n\t<meta name=\"twitter:label2\" content=\"Tempo estimado de leitura\" \/>\n\t<meta name=\"twitter:data2\" content=\"4 minutos\" \/>\n<script type=\"application\/ld+json\" class=\"yoast-schema-graph\">{\"@context\":\"https:\\\/\\\/schema.org\",\"@graph\":[{\"@type\":\"Article\",\"@id\":\"https:\\\/\\\/www.techof.pt\\\/tendencias-tech-para-2025\\\/#article\",\"isPartOf\":{\"@id\":\"https:\\\/\\\/www.techof.pt\\\/tendencias-tech-para-2025\\\/\"},\"author\":{\"name\":\"Joana Rosa\",\"@id\":\"https:\\\/\\\/www.techof.pt\\\/en\\\/#\\\/schema\\\/person\\\/5b9be03e44b1a85d28753689cb4206a3\"},\"headline\":\"Quais as tend\u00eancias tech para 2025? Nuno Rosado, CEO da TechOf, partilha a sua vis\u00e3o\",\"datePublished\":\"2024-12-31T16:43:16+00:00\",\"dateModified\":\"2025-02-20T17:37:06+00:00\",\"mainEntityOfPage\":{\"@id\":\"https:\\\/\\\/www.techof.pt\\\/tendencias-tech-para-2025\\\/\"},\"wordCount\":975,\"commentCount\":0,\"publisher\":{\"@id\":\"https:\\\/\\\/www.techof.pt\\\/en\\\/#organization\"},\"image\":{\"@id\":\"https:\\\/\\\/www.techof.pt\\\/tendencias-tech-para-2025\\\/#primaryimage\"},\"thumbnailUrl\":\"https:\\\/\\\/www.techof.pt\\\/wp-content\\\/uploads\\\/2024\\\/11\\\/NRS_7680.webp\",\"keywords\":[\"education\",\"technology\"],\"articleSection\":[\"Industry Trends\"],\"inLanguage\":\"pt-PT\",\"potentialAction\":[{\"@type\":\"CommentAction\",\"name\":\"Comment\",\"target\":[\"https:\\\/\\\/www.techof.pt\\\/tendencias-tech-para-2025\\\/#respond\"]}]},{\"@type\":\"WebPage\",\"@id\":\"https:\\\/\\\/www.techof.pt\\\/tendencias-tech-para-2025\\\/\",\"url\":\"https:\\\/\\\/www.techof.pt\\\/tendencias-tech-para-2025\\\/\",\"name\":\"Quais as tend\u00eancias tech para 2025? Nuno Rosado, CEO da TechOf, partilha a sua vis\u00e3o - TechOf - Re-Skilling People\",\"isPartOf\":{\"@id\":\"https:\\\/\\\/www.techof.pt\\\/en\\\/#website\"},\"primaryImageOfPage\":{\"@id\":\"https:\\\/\\\/www.techof.pt\\\/tendencias-tech-para-2025\\\/#primaryimage\"},\"image\":{\"@id\":\"https:\\\/\\\/www.techof.pt\\\/tendencias-tech-para-2025\\\/#primaryimage\"},\"thumbnailUrl\":\"https:\\\/\\\/www.techof.pt\\\/wp-content\\\/uploads\\\/2024\\\/11\\\/NRS_7680.webp\",\"datePublished\":\"2024-12-31T16:43:16+00:00\",\"dateModified\":\"2025-02-20T17:37:06+00:00\",\"description\":\"Convers\u00e1mos com Nuno Rosado, cofundador e CEO da TechOf, que partilhou a sua vis\u00e3o sobre as principais tend\u00eancias tecnol\u00f3gicas que v\u00e3o moldar o futuro.\",\"breadcrumb\":{\"@id\":\"https:\\\/\\\/www.techof.pt\\\/tendencias-tech-para-2025\\\/#breadcrumb\"},\"inLanguage\":\"pt-PT\",\"potentialAction\":[{\"@type\":\"ReadAction\",\"target\":[\"https:\\\/\\\/www.techof.pt\\\/tendencias-tech-para-2025\\\/\"]}]},{\"@type\":\"ImageObject\",\"inLanguage\":\"pt-PT\",\"@id\":\"https:\\\/\\\/www.techof.pt\\\/tendencias-tech-para-2025\\\/#primaryimage\",\"url\":\"https:\\\/\\\/www.techof.pt\\\/wp-content\\\/uploads\\\/2024\\\/11\\\/NRS_7680.webp\",\"contentUrl\":\"https:\\\/\\\/www.techof.pt\\\/wp-content\\\/uploads\\\/2024\\\/11\\\/NRS_7680.webp\",\"width\":1024,\"height\":683},{\"@type\":\"BreadcrumbList\",\"@id\":\"https:\\\/\\\/www.techof.pt\\\/tendencias-tech-para-2025\\\/#breadcrumb\",\"itemListElement\":[{\"@type\":\"ListItem\",\"position\":1,\"name\":\"Home\",\"item\":\"https:\\\/\\\/www.techof.pt\\\/\"},{\"@type\":\"ListItem\",\"position\":2,\"name\":\"Quais as tend\u00eancias tech para 2025? Nuno Rosado, CEO da TechOf, partilha a sua vis\u00e3o\"}]},{\"@type\":\"WebSite\",\"@id\":\"https:\\\/\\\/www.techof.pt\\\/en\\\/#website\",\"url\":\"https:\\\/\\\/www.techof.pt\\\/en\\\/\",\"name\":\"TechOf - Re-Skilling People\",\"description\":\"The Fast Track to Tech\",\"publisher\":{\"@id\":\"https:\\\/\\\/www.techof.pt\\\/en\\\/#organization\"},\"potentialAction\":[{\"@type\":\"SearchAction\",\"target\":{\"@type\":\"EntryPoint\",\"urlTemplate\":\"https:\\\/\\\/www.techof.pt\\\/en\\\/?s={search_term_string}\"},\"query-input\":{\"@type\":\"PropertyValueSpecification\",\"valueRequired\":true,\"valueName\":\"search_term_string\"}}],\"inLanguage\":\"pt-PT\"},{\"@type\":\"Organization\",\"@id\":\"https:\\\/\\\/www.techof.pt\\\/en\\\/#organization\",\"name\":\"TechOf\",\"url\":\"https:\\\/\\\/www.techof.pt\\\/en\\\/\",\"logo\":{\"@type\":\"ImageObject\",\"inLanguage\":\"pt-PT\",\"@id\":\"https:\\\/\\\/www.techof.pt\\\/en\\\/#\\\/schema\\\/logo\\\/image\\\/\",\"url\":\"https:\\\/\\\/www.techof.pt\\\/wp-content\\\/uploads\\\/2022\\\/06\\\/Tech_Logo_RGB_PRINCIPAL_PRETO.png\",\"contentUrl\":\"https:\\\/\\\/www.techof.pt\\\/wp-content\\\/uploads\\\/2022\\\/06\\\/Tech_Logo_RGB_PRINCIPAL_PRETO.png\",\"width\":1419,\"height\":806,\"caption\":\"TechOf\"},\"image\":{\"@id\":\"https:\\\/\\\/www.techof.pt\\\/en\\\/#\\\/schema\\\/logo\\\/image\\\/\"},\"sameAs\":[\"https:\\\/\\\/www.facebook.com\\\/techofpt\",\"https:\\\/\\\/x.com\\\/TechOf_\",\"https:\\\/\\\/www.linkedin.com\\\/company\\\/techof-reskilling-people\",\"https:\\\/\\\/www.instagram.com\\\/techof_\",\"https:\\\/\\\/www.youtube.com\\\/channel\\\/UCJq1PGIWFyB_FD4N6D_hqGw\"]},{\"@type\":\"Person\",\"@id\":\"https:\\\/\\\/www.techof.pt\\\/en\\\/#\\\/schema\\\/person\\\/5b9be03e44b1a85d28753689cb4206a3\",\"name\":\"Joana Rosa\",\"image\":{\"@type\":\"ImageObject\",\"inLanguage\":\"pt-PT\",\"@id\":\"https:\\\/\\\/secure.gravatar.com\\\/avatar\\\/c535bfa011648331f3052fbbb0ccb46e95d8470c31c8c88090d98e0ad83b09ee?s=96&d=mm&r=g\",\"url\":\"https:\\\/\\\/secure.gravatar.com\\\/avatar\\\/c535bfa011648331f3052fbbb0ccb46e95d8470c31c8c88090d98e0ad83b09ee?s=96&d=mm&r=g\",\"contentUrl\":\"https:\\\/\\\/secure.gravatar.com\\\/avatar\\\/c535bfa011648331f3052fbbb0ccb46e95d8470c31c8c88090d98e0ad83b09ee?s=96&d=mm&r=g\",\"caption\":\"Joana Rosa\"},\"url\":\"https:\\\/\\\/www.techof.pt\\\/pt\\\/author\\\/joana-rosa\\\/\"}]}<\/script>\n<!-- \/ Yoast SEO Premium plugin. -->","yoast_head_json":{"title":"Quais as tend\u00eancias tech para 2025? Nuno Rosado, CEO da TechOf, partilha a sua vis\u00e3o - TechOf - Re-Skilling People","description":"Convers\u00e1mos com Nuno Rosado, cofundador e CEO da TechOf, que partilhou a sua vis\u00e3o sobre as principais tend\u00eancias tecnol\u00f3gicas que v\u00e3o moldar o futuro.","robots":{"index":"index","follow":"follow","max-snippet":"max-snippet:-1","max-image-preview":"max-image-preview:large","max-video-preview":"max-video-preview:-1"},"canonical":"https:\/\/www.techof.pt\/pt\/tendencias-tech-para-2025\/","og_locale":"pt_PT","og_type":"article","og_title":"Quais as tend\u00eancias tech para 2025? Nuno Rosado, CEO da TechOf, partilha a sua vis\u00e3o","og_description":"Convers\u00e1mos com Nuno Rosado, cofundador e CEO da TechOf, que partilhou a sua vis\u00e3o sobre as principais tend\u00eancias tecnol\u00f3gicas que v\u00e3o moldar o futuro.","og_url":"https:\/\/www.techof.pt\/pt\/tendencias-tech-para-2025\/","og_site_name":"TechOf - Re-Skilling People","article_publisher":"https:\/\/www.facebook.com\/techofpt","article_published_time":"2024-12-31T16:43:16+00:00","article_modified_time":"2025-02-20T17:37:06+00:00","og_image":[{"width":1024,"height":683,"url":"https:\/\/www.techof.pt\/wp-content\/uploads\/2024\/11\/NRS_7680.webp","type":"image\/webp"}],"author":"Joana Rosa","twitter_card":"summary_large_image","twitter_creator":"@TechOf_","twitter_site":"@TechOf_","twitter_misc":{"Escrito por":"Joana Rosa","Tempo estimado de leitura":"4 minutos"},"schema":{"@context":"https:\/\/schema.org","@graph":[{"@type":"Article","@id":"https:\/\/www.techof.pt\/tendencias-tech-para-2025\/#article","isPartOf":{"@id":"https:\/\/www.techof.pt\/tendencias-tech-para-2025\/"},"author":{"name":"Joana Rosa","@id":"https:\/\/www.techof.pt\/en\/#\/schema\/person\/5b9be03e44b1a85d28753689cb4206a3"},"headline":"Quais as tend\u00eancias tech para 2025? Nuno Rosado, CEO da TechOf, partilha a sua vis\u00e3o","datePublished":"2024-12-31T16:43:16+00:00","dateModified":"2025-02-20T17:37:06+00:00","mainEntityOfPage":{"@id":"https:\/\/www.techof.pt\/tendencias-tech-para-2025\/"},"wordCount":975,"commentCount":0,"publisher":{"@id":"https:\/\/www.techof.pt\/en\/#organization"},"image":{"@id":"https:\/\/www.techof.pt\/tendencias-tech-para-2025\/#primaryimage"},"thumbnailUrl":"https:\/\/www.techof.pt\/wp-content\/uploads\/2024\/11\/NRS_7680.webp","keywords":["education","technology"],"articleSection":["Industry Trends"],"inLanguage":"pt-PT","potentialAction":[{"@type":"CommentAction","name":"Comment","target":["https:\/\/www.techof.pt\/tendencias-tech-para-2025\/#respond"]}]},{"@type":"WebPage","@id":"https:\/\/www.techof.pt\/tendencias-tech-para-2025\/","url":"https:\/\/www.techof.pt\/tendencias-tech-para-2025\/","name":"Quais as tend\u00eancias tech para 2025? Nuno Rosado, CEO da TechOf, partilha a sua vis\u00e3o - TechOf - Re-Skilling People","isPartOf":{"@id":"https:\/\/www.techof.pt\/en\/#website"},"primaryImageOfPage":{"@id":"https:\/\/www.techof.pt\/tendencias-tech-para-2025\/#primaryimage"},"image":{"@id":"https:\/\/www.techof.pt\/tendencias-tech-para-2025\/#primaryimage"},"thumbnailUrl":"https:\/\/www.techof.pt\/wp-content\/uploads\/2024\/11\/NRS_7680.webp","datePublished":"2024-12-31T16:43:16+00:00","dateModified":"2025-02-20T17:37:06+00:00","description":"Convers\u00e1mos com Nuno Rosado, cofundador e CEO da TechOf, que partilhou a sua vis\u00e3o sobre as principais tend\u00eancias tecnol\u00f3gicas que v\u00e3o moldar o futuro.","breadcrumb":{"@id":"https:\/\/www.techof.pt\/tendencias-tech-para-2025\/#breadcrumb"},"inLanguage":"pt-PT","potentialAction":[{"@type":"ReadAction","target":["https:\/\/www.techof.pt\/tendencias-tech-para-2025\/"]}]},{"@type":"ImageObject","inLanguage":"pt-PT","@id":"https:\/\/www.techof.pt\/tendencias-tech-para-2025\/#primaryimage","url":"https:\/\/www.techof.pt\/wp-content\/uploads\/2024\/11\/NRS_7680.webp","contentUrl":"https:\/\/www.techof.pt\/wp-content\/uploads\/2024\/11\/NRS_7680.webp","width":1024,"height":683},{"@type":"BreadcrumbList","@id":"https:\/\/www.techof.pt\/tendencias-tech-para-2025\/#breadcrumb","itemListElement":[{"@type":"ListItem","position":1,"name":"Home","item":"https:\/\/www.techof.pt\/"},{"@type":"ListItem","position":2,"name":"Quais as tend\u00eancias tech para 2025? Nuno Rosado, CEO da TechOf, partilha a sua vis\u00e3o"}]},{"@type":"WebSite","@id":"https:\/\/www.techof.pt\/en\/#website","url":"https:\/\/www.techof.pt\/en\/","name":"TechOf - Re-Skilling People","description":"The Fast Track to Tech","publisher":{"@id":"https:\/\/www.techof.pt\/en\/#organization"},"potentialAction":[{"@type":"SearchAction","target":{"@type":"EntryPoint","urlTemplate":"https:\/\/www.techof.pt\/en\/?s={search_term_string}"},"query-input":{"@type":"PropertyValueSpecification","valueRequired":true,"valueName":"search_term_string"}}],"inLanguage":"pt-PT"},{"@type":"Organization","@id":"https:\/\/www.techof.pt\/en\/#organization","name":"A TechOf","url":"https:\/\/www.techof.pt\/en\/","logo":{"@type":"ImageObject","inLanguage":"pt-PT","@id":"https:\/\/www.techof.pt\/en\/#\/schema\/logo\/image\/","url":"https:\/\/www.techof.pt\/wp-content\/uploads\/2022\/06\/Tech_Logo_RGB_PRINCIPAL_PRETO.png","contentUrl":"https:\/\/www.techof.pt\/wp-content\/uploads\/2022\/06\/Tech_Logo_RGB_PRINCIPAL_PRETO.png","width":1419,"height":806,"caption":"TechOf"},"image":{"@id":"https:\/\/www.techof.pt\/en\/#\/schema\/logo\/image\/"},"sameAs":["https:\/\/www.facebook.com\/techofpt","https:\/\/x.com\/TechOf_","https:\/\/www.linkedin.com\/company\/techof-reskilling-people","https:\/\/www.instagram.com\/techof_","https:\/\/www.youtube.com\/channel\/UCJq1PGIWFyB_FD4N6D_hqGw"]},{"@type":"Person","@id":"https:\/\/www.techof.pt\/en\/#\/schema\/person\/5b9be03e44b1a85d28753689cb4206a3","name":"Joana Rosa","image":{"@type":"ImageObject","inLanguage":"pt-PT","@id":"https:\/\/secure.gravatar.com\/avatar\/c535bfa011648331f3052fbbb0ccb46e95d8470c31c8c88090d98e0ad83b09ee?s=96&d=mm&r=g","url":"https:\/\/secure.gravatar.com\/avatar\/c535bfa011648331f3052fbbb0ccb46e95d8470c31c8c88090d98e0ad83b09ee?s=96&d=mm&r=g","contentUrl":"https:\/\/secure.gravatar.com\/avatar\/c535bfa011648331f3052fbbb0ccb46e95d8470c31c8c88090d98e0ad83b09ee?s=96&d=mm&r=g","caption":"Joana Rosa"},"url":"https:\/\/www.techof.pt\/pt\/author\/joana-rosa\/"}]}},"_links":{"self":[{"href":"https:\/\/www.techof.pt\/pt\/wp-json\/wp\/v2\/posts\/4958","targetHints":{"allow":["GET"]}}],"collection":[{"href":"https:\/\/www.techof.pt\/pt\/wp-json\/wp\/v2\/posts"}],"about":[{"href":"https:\/\/www.techof.pt\/pt\/wp-json\/wp\/v2\/types\/post"}],"author":[{"embeddable":true,"href":"https:\/\/www.techof.pt\/pt\/wp-json\/wp\/v2\/users\/5"}],"replies":[{"embeddable":true,"href":"https:\/\/www.techof.pt\/pt\/wp-json\/wp\/v2\/comments?post=4958"}],"version-history":[{"count":10,"href":"https:\/\/www.techof.pt\/pt\/wp-json\/wp\/v2\/posts\/4958\/revisions"}],"predecessor-version":[{"id":5700,"href":"https:\/\/www.techof.pt\/pt\/wp-json\/wp\/v2\/posts\/4958\/revisions\/5700"}],"wp:featuredmedia":[{"embeddable":true,"href":"https:\/\/www.techof.pt\/pt\/wp-json\/wp\/v2\/media\/4802"}],"wp:attachment":[{"href":"https:\/\/www.techof.pt\/pt\/wp-json\/wp\/v2\/media?parent=4958"}],"wp:term":[{"taxonomy":"category","embeddable":true,"href":"https:\/\/www.techof.pt\/pt\/wp-json\/wp\/v2\/categories?post=4958"},{"taxonomy":"post_tag","embeddable":true,"href":"https:\/\/www.techof.pt\/pt\/wp-json\/wp\/v2\/tags?post=4958"}],"curies":[{"name":"wp","href":"https:\/\/api.w.org\/{rel}","templated":true}]}}