{"id":4617,"date":"2024-09-23T17:25:48","date_gmt":"2024-09-23T16:25:48","guid":{"rendered":"https:\/\/www.techof.pt\/?p=4617"},"modified":"2025-02-07T17:22:42","modified_gmt":"2025-02-07T17:22:42","slug":"em-apenas-seis-meses-os-nossos-trainees-de-marketing-digital-tornaram-se-especialistas","status":"publish","type":"post","link":"https:\/\/www.techof.pt\/pt\/em-apenas-seis-meses-os-nossos-trainees-de-marketing-digital-tornaram-se-especialistas\/","title":{"rendered":"Em apenas seis meses, os nossos trainees de Marketing Digital tornaram-se especialistas. Here is how we did it"},"content":{"rendered":"<p>Em mar\u00e7o de 2023 recebemos a primeira turma p\u00f3s-laboral do programa <a href=\"https:\/\/www.techof.pt\/pt\/digital-marketing-specialist\/\">Digital Marketing Specialist<\/a>. Durante seis meses, os nossos alunos transitaram de <em>trainees<\/em> a <em>specialists<\/em> e os alunos Bernardo Luz e o Tiago Bensusan comprovam isso mesmo.<\/p>\n\n\n\n<p>No decorrer do programa, desenhado por especialistas do setor, os alunos adquiriram conhecimentos indispens\u00e1veis a um profissional de Marketing Digital, desde a estrat\u00e9gia e pesquisa de mercado \u00e0 constru\u00e7\u00e3o de websites e princ\u00edpios de UI\/UX Design, SEO e Google Ads e Analytics, que foram sendo aplicados a projetos pr\u00e1ticos, um deles com o <em>rapper<\/em> luso-americano Nicholas.<\/p>\n\n\n\n<p><strong>\u201cO marketing move o mundo\u201d<\/strong><\/p>\n\n\n\n<p>Bernardo Luz sentiu a necessidade de se especializar no ambiente digital. Acredita que \u00e9 \u201co marketing que move o mundo\u201d, uma vez que \u201cfoi um bom marketing que posicionou a Coca-Cola \u00e0 frente da Pepsi\u201d.<\/p>\n\n\n\n<p>\u201cRetirei do curso ferramentas que s\u00e3o, sem d\u00favida, importantes. Uma delas \u00e9 a constru\u00e7\u00e3o de websites, a outra \u00e9 o <em>mindset<\/em> envolvido em torno de uma campanha, seja at\u00e9 para marketing direto. Algumas das ferramentas que aprendi j\u00e1 t\u00eam trazido resultados aos projetos que estou a abra\u00e7ar\u201d, reconhece.<\/p>\n\n\n\n<p>J\u00e1 Tiago Bensusan, que frequenta o curso de Inform\u00e1tica e Empresas, no ISCTE, confiou na nossa escola para expandir o seu conhecimento na \u00e1rea da tecnologia.&nbsp;<\/p>\n\n\n\n<p>\u201cO programa curricular \u00e9 muito din\u00e2mico e sempre fomos incentivados a pensar por n\u00f3s. O facto de termos tido um professor que trabalha na \u00e1rea tamb\u00e9m foi um ponto forte, porque eram dados <em>insights<\/em> de como os conhecimentos eram aplicados \u00e0 vida profissional\u201d, elogia.<\/p>\n\n\n\n<p><strong>A colabora\u00e7\u00e3o com o <em>rapper<\/em> Nicholas foi o ponto de partida para a BL Equipa<\/strong><\/p>\n\n\n\n<p>Com a coordena\u00e7\u00e3o do professor de Marketing Digital e do Respons\u00e1vel de Marketing da TechOf, Diogo Reis Pereira, a turma desenvolveu e implementou uma estrat\u00e9gia para os canais digitais do <em>rapper<\/em> luso-americano com o objetivo de incrementar os indicadores de performance do Spotify e YouTube.<\/p>\n\n\n\n<p>\u201cCome\u00e7\u00e1mos a fazer todo o trabalho e dividimos tarefas. Eu e o Bernardo trat\u00e1mos da parte do website e o resto da turma dividiu-se entre as redes sociais e as plataformas musicais\u201d. Al\u00e9m de desenhar toda a estrat\u00e9gia digital do <em>rapper<\/em>, tanto a n\u00edvel de <em>content<\/em> org\u00e2nico e pago, a dupla Bernardo e Tiago ainda apoiou no lan\u00e7amento de duas m\u00fasicas e <em>videoclips.<\/em><\/p>\n\n\n\n<p>A experi\u00eancia pr\u00e1tica incutiu um sentido de empreendedorismo aos jovens, que j\u00e1 lan\u00e7aram a sua ag\u00eancia de marketing digital, a BL Equipa, que procura novos clientes.<\/p>\n\n\n\n<p>A TechOf j\u00e1 est\u00e1 na segunda edi\u00e7\u00e3o do curso Digital Marketing Specialist e ter\u00e1 <em>trainees <\/em>prontos para entrar no mercado de trabalho em setembro de 2024. As vagas para a terceira edi\u00e7\u00e3o do programa, que se inicia no final de outubro, ainda se encontram abertas para receber os pr\u00f3ximos <em>trainees<\/em>.<\/p>\n\n\n\n<p><\/p>","protected":false},"excerpt":{"rendered":"<p>Em mar\u00e7o de 2023 recebemos a primeira turma p\u00f3s-laboral do programa Digital Marketing Specialist. Durante seis meses, os nossos alunos transitaram de trainees a specialists e os alunos Bernardo Luz e o Tiago Bensusan comprovam isso mesmo. No decorrer do programa, desenhado por especialistas do setor, os alunos adquiriram conhecimentos indispens\u00e1veis a um profissional de [&hellip;]<\/p>\n","protected":false},"author":5,"featured_media":4443,"comment_status":"open","ping_status":"open","sticky":false,"template":"","format":"standard","meta":{"inline_featured_image":false,"footnotes":""},"categories":[156,12,13],"tags":[],"class_list":["post-4617","post","type-post","status-publish","format-standard","has-post-thumbnail","hentry","category-digital-marketing","category-personal-development","category-professional-development"],"yoast_head":"<!-- This site is optimized with the Yoast SEO Premium plugin v27.4 (Yoast SEO v27.5) - https:\/\/yoast.com\/product\/yoast-seo-premium-wordpress\/ -->\n<title>Em apenas seis meses, os nossos trainees de Marketing Digital tornaram-se especialistas. Here is how we did it - TechOf - Re-Skilling People<\/title>\n<meta name=\"robots\" content=\"index, follow, max-snippet:-1, max-image-preview:large, max-video-preview:-1\" \/>\n<link rel=\"canonical\" href=\"https:\/\/www.techof.pt\/pt\/em-apenas-seis-meses-os-nossos-trainees-de-marketing-digital-tornaram-se-especialistas\/\" \/>\n<meta property=\"og:locale\" content=\"pt_PT\" \/>\n<meta property=\"og:type\" content=\"article\" \/>\n<meta property=\"og:title\" content=\"Em apenas seis meses, os nossos trainees de Marketing Digital tornaram-se especialistas. Here is how we did it\" \/>\n<meta property=\"og:description\" content=\"Em mar\u00e7o de 2023 recebemos a primeira turma p\u00f3s-laboral do programa Digital Marketing Specialist. Durante seis meses, os nossos alunos transitaram de trainees a specialists e os alunos Bernardo Luz e o Tiago Bensusan comprovam isso mesmo. No decorrer do programa, desenhado por especialistas do setor, os alunos adquiriram conhecimentos indispens\u00e1veis a um profissional de [&hellip;]\" \/>\n<meta property=\"og:url\" content=\"https:\/\/www.techof.pt\/pt\/em-apenas-seis-meses-os-nossos-trainees-de-marketing-digital-tornaram-se-especialistas\/\" \/>\n<meta property=\"og:site_name\" content=\"TechOf - Re-Skilling People\" \/>\n<meta property=\"article:publisher\" content=\"https:\/\/www.facebook.com\/techofpt\" \/>\n<meta property=\"article:published_time\" content=\"2024-09-23T16:25:48+00:00\" \/>\n<meta property=\"article:modified_time\" content=\"2025-02-07T17:22:42+00:00\" \/>\n<meta property=\"og:image\" content=\"https:\/\/www.techof.pt\/wp-content\/uploads\/2024\/04\/Marketing-Digital_Conteudo-Blog-2.jpeg\" \/>\n\t<meta property=\"og:image:width\" content=\"1600\" \/>\n\t<meta property=\"og:image:height\" content=\"890\" \/>\n\t<meta property=\"og:image:type\" content=\"image\/jpeg\" \/>\n<meta name=\"author\" content=\"Joana Rosa\" \/>\n<meta name=\"twitter:card\" content=\"summary_large_image\" \/>\n<meta name=\"twitter:creator\" content=\"@TechOf_\" \/>\n<meta name=\"twitter:site\" content=\"@TechOf_\" \/>\n<meta name=\"twitter:label1\" content=\"Escrito por\" \/>\n\t<meta name=\"twitter:data1\" content=\"Joana Rosa\" \/>\n\t<meta name=\"twitter:label2\" content=\"Tempo estimado de leitura\" \/>\n\t<meta name=\"twitter:data2\" content=\"3 minutos\" \/>\n<script type=\"application\/ld+json\" class=\"yoast-schema-graph\">{\"@context\":\"https:\\\/\\\/schema.org\",\"@graph\":[{\"@type\":\"Article\",\"@id\":\"https:\\\/\\\/www.techof.pt\\\/em-apenas-seis-meses-os-nossos-trainees-de-marketing-digital-tornaram-se-especialistas\\\/#article\",\"isPartOf\":{\"@id\":\"https:\\\/\\\/www.techof.pt\\\/em-apenas-seis-meses-os-nossos-trainees-de-marketing-digital-tornaram-se-especialistas\\\/\"},\"author\":{\"name\":\"Joana Rosa\",\"@id\":\"https:\\\/\\\/www.techof.pt\\\/en\\\/#\\\/schema\\\/person\\\/5b9be03e44b1a85d28753689cb4206a3\"},\"headline\":\"Em apenas seis meses, os nossos trainees de Marketing Digital tornaram-se especialistas. Here is how we did it\",\"datePublished\":\"2024-09-23T16:25:48+00:00\",\"dateModified\":\"2025-02-07T17:22:42+00:00\",\"mainEntityOfPage\":{\"@id\":\"https:\\\/\\\/www.techof.pt\\\/em-apenas-seis-meses-os-nossos-trainees-de-marketing-digital-tornaram-se-especialistas\\\/\"},\"wordCount\":496,\"commentCount\":0,\"publisher\":{\"@id\":\"https:\\\/\\\/www.techof.pt\\\/en\\\/#organization\"},\"image\":{\"@id\":\"https:\\\/\\\/www.techof.pt\\\/em-apenas-seis-meses-os-nossos-trainees-de-marketing-digital-tornaram-se-especialistas\\\/#primaryimage\"},\"thumbnailUrl\":\"https:\\\/\\\/www.techof.pt\\\/wp-content\\\/uploads\\\/2024\\\/04\\\/Marketing-Digital_Conteudo-Blog-2.jpeg\",\"articleSection\":[\"Digital Marketing\",\"Personal Development\",\"Professional Development\"],\"inLanguage\":\"pt-PT\",\"potentialAction\":[{\"@type\":\"CommentAction\",\"name\":\"Comment\",\"target\":[\"https:\\\/\\\/www.techof.pt\\\/em-apenas-seis-meses-os-nossos-trainees-de-marketing-digital-tornaram-se-especialistas\\\/#respond\"]}]},{\"@type\":\"WebPage\",\"@id\":\"https:\\\/\\\/www.techof.pt\\\/em-apenas-seis-meses-os-nossos-trainees-de-marketing-digital-tornaram-se-especialistas\\\/\",\"url\":\"https:\\\/\\\/www.techof.pt\\\/em-apenas-seis-meses-os-nossos-trainees-de-marketing-digital-tornaram-se-especialistas\\\/\",\"name\":\"Em apenas seis meses, os nossos trainees de Marketing Digital tornaram-se especialistas. Here is how we did it - TechOf - Re-Skilling People\",\"isPartOf\":{\"@id\":\"https:\\\/\\\/www.techof.pt\\\/en\\\/#website\"},\"primaryImageOfPage\":{\"@id\":\"https:\\\/\\\/www.techof.pt\\\/em-apenas-seis-meses-os-nossos-trainees-de-marketing-digital-tornaram-se-especialistas\\\/#primaryimage\"},\"image\":{\"@id\":\"https:\\\/\\\/www.techof.pt\\\/em-apenas-seis-meses-os-nossos-trainees-de-marketing-digital-tornaram-se-especialistas\\\/#primaryimage\"},\"thumbnailUrl\":\"https:\\\/\\\/www.techof.pt\\\/wp-content\\\/uploads\\\/2024\\\/04\\\/Marketing-Digital_Conteudo-Blog-2.jpeg\",\"datePublished\":\"2024-09-23T16:25:48+00:00\",\"dateModified\":\"2025-02-07T17:22:42+00:00\",\"breadcrumb\":{\"@id\":\"https:\\\/\\\/www.techof.pt\\\/em-apenas-seis-meses-os-nossos-trainees-de-marketing-digital-tornaram-se-especialistas\\\/#breadcrumb\"},\"inLanguage\":\"pt-PT\",\"potentialAction\":[{\"@type\":\"ReadAction\",\"target\":[\"https:\\\/\\\/www.techof.pt\\\/em-apenas-seis-meses-os-nossos-trainees-de-marketing-digital-tornaram-se-especialistas\\\/\"]}]},{\"@type\":\"ImageObject\",\"inLanguage\":\"pt-PT\",\"@id\":\"https:\\\/\\\/www.techof.pt\\\/em-apenas-seis-meses-os-nossos-trainees-de-marketing-digital-tornaram-se-especialistas\\\/#primaryimage\",\"url\":\"https:\\\/\\\/www.techof.pt\\\/wp-content\\\/uploads\\\/2024\\\/04\\\/Marketing-Digital_Conteudo-Blog-2.jpeg\",\"contentUrl\":\"https:\\\/\\\/www.techof.pt\\\/wp-content\\\/uploads\\\/2024\\\/04\\\/Marketing-Digital_Conteudo-Blog-2.jpeg\",\"width\":1600,\"height\":890},{\"@type\":\"BreadcrumbList\",\"@id\":\"https:\\\/\\\/www.techof.pt\\\/em-apenas-seis-meses-os-nossos-trainees-de-marketing-digital-tornaram-se-especialistas\\\/#breadcrumb\",\"itemListElement\":[{\"@type\":\"ListItem\",\"position\":1,\"name\":\"Home\",\"item\":\"https:\\\/\\\/www.techof.pt\\\/\"},{\"@type\":\"ListItem\",\"position\":2,\"name\":\"Em apenas seis meses, os nossos trainees de Marketing Digital tornaram-se especialistas. Here is how we did it\"}]},{\"@type\":\"WebSite\",\"@id\":\"https:\\\/\\\/www.techof.pt\\\/en\\\/#website\",\"url\":\"https:\\\/\\\/www.techof.pt\\\/en\\\/\",\"name\":\"TechOf - Re-Skilling People\",\"description\":\"The Fast Track to Tech\",\"publisher\":{\"@id\":\"https:\\\/\\\/www.techof.pt\\\/en\\\/#organization\"},\"potentialAction\":[{\"@type\":\"SearchAction\",\"target\":{\"@type\":\"EntryPoint\",\"urlTemplate\":\"https:\\\/\\\/www.techof.pt\\\/en\\\/?s={search_term_string}\"},\"query-input\":{\"@type\":\"PropertyValueSpecification\",\"valueRequired\":true,\"valueName\":\"search_term_string\"}}],\"inLanguage\":\"pt-PT\"},{\"@type\":\"Organization\",\"@id\":\"https:\\\/\\\/www.techof.pt\\\/en\\\/#organization\",\"name\":\"TechOf\",\"url\":\"https:\\\/\\\/www.techof.pt\\\/en\\\/\",\"logo\":{\"@type\":\"ImageObject\",\"inLanguage\":\"pt-PT\",\"@id\":\"https:\\\/\\\/www.techof.pt\\\/en\\\/#\\\/schema\\\/logo\\\/image\\\/\",\"url\":\"https:\\\/\\\/www.techof.pt\\\/wp-content\\\/uploads\\\/2022\\\/06\\\/Tech_Logo_RGB_PRINCIPAL_PRETO.png\",\"contentUrl\":\"https:\\\/\\\/www.techof.pt\\\/wp-content\\\/uploads\\\/2022\\\/06\\\/Tech_Logo_RGB_PRINCIPAL_PRETO.png\",\"width\":1419,\"height\":806,\"caption\":\"TechOf\"},\"image\":{\"@id\":\"https:\\\/\\\/www.techof.pt\\\/en\\\/#\\\/schema\\\/logo\\\/image\\\/\"},\"sameAs\":[\"https:\\\/\\\/www.facebook.com\\\/techofpt\",\"https:\\\/\\\/x.com\\\/TechOf_\",\"https:\\\/\\\/www.linkedin.com\\\/company\\\/techof-reskilling-people\",\"https:\\\/\\\/www.instagram.com\\\/techof_\",\"https:\\\/\\\/www.youtube.com\\\/channel\\\/UCJq1PGIWFyB_FD4N6D_hqGw\"]},{\"@type\":\"Person\",\"@id\":\"https:\\\/\\\/www.techof.pt\\\/en\\\/#\\\/schema\\\/person\\\/5b9be03e44b1a85d28753689cb4206a3\",\"name\":\"Joana Rosa\",\"image\":{\"@type\":\"ImageObject\",\"inLanguage\":\"pt-PT\",\"@id\":\"https:\\\/\\\/secure.gravatar.com\\\/avatar\\\/c535bfa011648331f3052fbbb0ccb46e95d8470c31c8c88090d98e0ad83b09ee?s=96&d=mm&r=g\",\"url\":\"https:\\\/\\\/secure.gravatar.com\\\/avatar\\\/c535bfa011648331f3052fbbb0ccb46e95d8470c31c8c88090d98e0ad83b09ee?s=96&d=mm&r=g\",\"contentUrl\":\"https:\\\/\\\/secure.gravatar.com\\\/avatar\\\/c535bfa011648331f3052fbbb0ccb46e95d8470c31c8c88090d98e0ad83b09ee?s=96&d=mm&r=g\",\"caption\":\"Joana Rosa\"},\"url\":\"https:\\\/\\\/www.techof.pt\\\/pt\\\/author\\\/joana-rosa\\\/\"}]}<\/script>\n<!-- \/ Yoast SEO Premium plugin. -->","yoast_head_json":{"title":"Em apenas seis meses, os nossos trainees de Marketing Digital tornaram-se especialistas. Here is how we did it - TechOf - Re-Skilling People","robots":{"index":"index","follow":"follow","max-snippet":"max-snippet:-1","max-image-preview":"max-image-preview:large","max-video-preview":"max-video-preview:-1"},"canonical":"https:\/\/www.techof.pt\/pt\/em-apenas-seis-meses-os-nossos-trainees-de-marketing-digital-tornaram-se-especialistas\/","og_locale":"pt_PT","og_type":"article","og_title":"Em apenas seis meses, os nossos trainees de Marketing Digital tornaram-se especialistas. Here is how we did it","og_description":"Em mar\u00e7o de 2023 recebemos a primeira turma p\u00f3s-laboral do programa Digital Marketing Specialist. Durante seis meses, os nossos alunos transitaram de trainees a specialists e os alunos Bernardo Luz e o Tiago Bensusan comprovam isso mesmo. No decorrer do programa, desenhado por especialistas do setor, os alunos adquiriram conhecimentos indispens\u00e1veis a um profissional de [&hellip;]","og_url":"https:\/\/www.techof.pt\/pt\/em-apenas-seis-meses-os-nossos-trainees-de-marketing-digital-tornaram-se-especialistas\/","og_site_name":"TechOf - Re-Skilling People","article_publisher":"https:\/\/www.facebook.com\/techofpt","article_published_time":"2024-09-23T16:25:48+00:00","article_modified_time":"2025-02-07T17:22:42+00:00","og_image":[{"width":1600,"height":890,"url":"https:\/\/www.techof.pt\/wp-content\/uploads\/2024\/04\/Marketing-Digital_Conteudo-Blog-2.jpeg","type":"image\/jpeg"}],"author":"Joana Rosa","twitter_card":"summary_large_image","twitter_creator":"@TechOf_","twitter_site":"@TechOf_","twitter_misc":{"Escrito por":"Joana Rosa","Tempo estimado de leitura":"3 minutos"},"schema":{"@context":"https:\/\/schema.org","@graph":[{"@type":"Article","@id":"https:\/\/www.techof.pt\/em-apenas-seis-meses-os-nossos-trainees-de-marketing-digital-tornaram-se-especialistas\/#article","isPartOf":{"@id":"https:\/\/www.techof.pt\/em-apenas-seis-meses-os-nossos-trainees-de-marketing-digital-tornaram-se-especialistas\/"},"author":{"name":"Joana Rosa","@id":"https:\/\/www.techof.pt\/en\/#\/schema\/person\/5b9be03e44b1a85d28753689cb4206a3"},"headline":"Em apenas seis meses, os nossos trainees de Marketing Digital tornaram-se especialistas. Here is how we did it","datePublished":"2024-09-23T16:25:48+00:00","dateModified":"2025-02-07T17:22:42+00:00","mainEntityOfPage":{"@id":"https:\/\/www.techof.pt\/em-apenas-seis-meses-os-nossos-trainees-de-marketing-digital-tornaram-se-especialistas\/"},"wordCount":496,"commentCount":0,"publisher":{"@id":"https:\/\/www.techof.pt\/en\/#organization"},"image":{"@id":"https:\/\/www.techof.pt\/em-apenas-seis-meses-os-nossos-trainees-de-marketing-digital-tornaram-se-especialistas\/#primaryimage"},"thumbnailUrl":"https:\/\/www.techof.pt\/wp-content\/uploads\/2024\/04\/Marketing-Digital_Conteudo-Blog-2.jpeg","articleSection":["Digital Marketing","Personal Development","Professional Development"],"inLanguage":"pt-PT","potentialAction":[{"@type":"CommentAction","name":"Comment","target":["https:\/\/www.techof.pt\/em-apenas-seis-meses-os-nossos-trainees-de-marketing-digital-tornaram-se-especialistas\/#respond"]}]},{"@type":"WebPage","@id":"https:\/\/www.techof.pt\/em-apenas-seis-meses-os-nossos-trainees-de-marketing-digital-tornaram-se-especialistas\/","url":"https:\/\/www.techof.pt\/em-apenas-seis-meses-os-nossos-trainees-de-marketing-digital-tornaram-se-especialistas\/","name":"Em apenas seis meses, os nossos trainees de Marketing Digital tornaram-se especialistas. Here is how we did it - TechOf - Re-Skilling People","isPartOf":{"@id":"https:\/\/www.techof.pt\/en\/#website"},"primaryImageOfPage":{"@id":"https:\/\/www.techof.pt\/em-apenas-seis-meses-os-nossos-trainees-de-marketing-digital-tornaram-se-especialistas\/#primaryimage"},"image":{"@id":"https:\/\/www.techof.pt\/em-apenas-seis-meses-os-nossos-trainees-de-marketing-digital-tornaram-se-especialistas\/#primaryimage"},"thumbnailUrl":"https:\/\/www.techof.pt\/wp-content\/uploads\/2024\/04\/Marketing-Digital_Conteudo-Blog-2.jpeg","datePublished":"2024-09-23T16:25:48+00:00","dateModified":"2025-02-07T17:22:42+00:00","breadcrumb":{"@id":"https:\/\/www.techof.pt\/em-apenas-seis-meses-os-nossos-trainees-de-marketing-digital-tornaram-se-especialistas\/#breadcrumb"},"inLanguage":"pt-PT","potentialAction":[{"@type":"ReadAction","target":["https:\/\/www.techof.pt\/em-apenas-seis-meses-os-nossos-trainees-de-marketing-digital-tornaram-se-especialistas\/"]}]},{"@type":"ImageObject","inLanguage":"pt-PT","@id":"https:\/\/www.techof.pt\/em-apenas-seis-meses-os-nossos-trainees-de-marketing-digital-tornaram-se-especialistas\/#primaryimage","url":"https:\/\/www.techof.pt\/wp-content\/uploads\/2024\/04\/Marketing-Digital_Conteudo-Blog-2.jpeg","contentUrl":"https:\/\/www.techof.pt\/wp-content\/uploads\/2024\/04\/Marketing-Digital_Conteudo-Blog-2.jpeg","width":1600,"height":890},{"@type":"BreadcrumbList","@id":"https:\/\/www.techof.pt\/em-apenas-seis-meses-os-nossos-trainees-de-marketing-digital-tornaram-se-especialistas\/#breadcrumb","itemListElement":[{"@type":"ListItem","position":1,"name":"Home","item":"https:\/\/www.techof.pt\/"},{"@type":"ListItem","position":2,"name":"Em apenas seis meses, os nossos trainees de Marketing Digital tornaram-se especialistas. Here is how we did it"}]},{"@type":"WebSite","@id":"https:\/\/www.techof.pt\/en\/#website","url":"https:\/\/www.techof.pt\/en\/","name":"TechOf - Re-Skilling People","description":"The Fast Track to Tech","publisher":{"@id":"https:\/\/www.techof.pt\/en\/#organization"},"potentialAction":[{"@type":"SearchAction","target":{"@type":"EntryPoint","urlTemplate":"https:\/\/www.techof.pt\/en\/?s={search_term_string}"},"query-input":{"@type":"PropertyValueSpecification","valueRequired":true,"valueName":"search_term_string"}}],"inLanguage":"pt-PT"},{"@type":"Organization","@id":"https:\/\/www.techof.pt\/en\/#organization","name":"A TechOf","url":"https:\/\/www.techof.pt\/en\/","logo":{"@type":"ImageObject","inLanguage":"pt-PT","@id":"https:\/\/www.techof.pt\/en\/#\/schema\/logo\/image\/","url":"https:\/\/www.techof.pt\/wp-content\/uploads\/2022\/06\/Tech_Logo_RGB_PRINCIPAL_PRETO.png","contentUrl":"https:\/\/www.techof.pt\/wp-content\/uploads\/2022\/06\/Tech_Logo_RGB_PRINCIPAL_PRETO.png","width":1419,"height":806,"caption":"TechOf"},"image":{"@id":"https:\/\/www.techof.pt\/en\/#\/schema\/logo\/image\/"},"sameAs":["https:\/\/www.facebook.com\/techofpt","https:\/\/x.com\/TechOf_","https:\/\/www.linkedin.com\/company\/techof-reskilling-people","https:\/\/www.instagram.com\/techof_","https:\/\/www.youtube.com\/channel\/UCJq1PGIWFyB_FD4N6D_hqGw"]},{"@type":"Person","@id":"https:\/\/www.techof.pt\/en\/#\/schema\/person\/5b9be03e44b1a85d28753689cb4206a3","name":"Joana Rosa","image":{"@type":"ImageObject","inLanguage":"pt-PT","@id":"https:\/\/secure.gravatar.com\/avatar\/c535bfa011648331f3052fbbb0ccb46e95d8470c31c8c88090d98e0ad83b09ee?s=96&d=mm&r=g","url":"https:\/\/secure.gravatar.com\/avatar\/c535bfa011648331f3052fbbb0ccb46e95d8470c31c8c88090d98e0ad83b09ee?s=96&d=mm&r=g","contentUrl":"https:\/\/secure.gravatar.com\/avatar\/c535bfa011648331f3052fbbb0ccb46e95d8470c31c8c88090d98e0ad83b09ee?s=96&d=mm&r=g","caption":"Joana Rosa"},"url":"https:\/\/www.techof.pt\/pt\/author\/joana-rosa\/"}]}},"_links":{"self":[{"href":"https:\/\/www.techof.pt\/pt\/wp-json\/wp\/v2\/posts\/4617","targetHints":{"allow":["GET"]}}],"collection":[{"href":"https:\/\/www.techof.pt\/pt\/wp-json\/wp\/v2\/posts"}],"about":[{"href":"https:\/\/www.techof.pt\/pt\/wp-json\/wp\/v2\/types\/post"}],"author":[{"embeddable":true,"href":"https:\/\/www.techof.pt\/pt\/wp-json\/wp\/v2\/users\/5"}],"replies":[{"embeddable":true,"href":"https:\/\/www.techof.pt\/pt\/wp-json\/wp\/v2\/comments?post=4617"}],"version-history":[{"count":4,"href":"https:\/\/www.techof.pt\/pt\/wp-json\/wp\/v2\/posts\/4617\/revisions"}],"predecessor-version":[{"id":5590,"href":"https:\/\/www.techof.pt\/pt\/wp-json\/wp\/v2\/posts\/4617\/revisions\/5590"}],"wp:featuredmedia":[{"embeddable":true,"href":"https:\/\/www.techof.pt\/pt\/wp-json\/wp\/v2\/media\/4443"}],"wp:attachment":[{"href":"https:\/\/www.techof.pt\/pt\/wp-json\/wp\/v2\/media?parent=4617"}],"wp:term":[{"taxonomy":"category","embeddable":true,"href":"https:\/\/www.techof.pt\/pt\/wp-json\/wp\/v2\/categories?post=4617"},{"taxonomy":"post_tag","embeddable":true,"href":"https:\/\/www.techof.pt\/pt\/wp-json\/wp\/v2\/tags?post=4617"}],"curies":[{"name":"wp","href":"https:\/\/api.w.org\/{rel}","templated":true}]}}