{"id":4587,"date":"2024-09-09T17:30:42","date_gmt":"2024-09-09T16:30:42","guid":{"rendered":"https:\/\/www.techof.pt\/?p=4587"},"modified":"2025-02-07T17:23:43","modified_gmt":"2025-02-07T17:23:43","slug":"novos-talentos-tech-da-techof","status":"publish","type":"post","link":"https:\/\/www.techof.pt\/pt\/novos-talentos-tech-da-techof\/","title":{"rendered":"O que t\u00eam em comum uma qu\u00edmica, uma especialista em seguros e um jovem curioso pela programa\u00e7\u00e3o? S\u00e3o os novos talentos tech da TechOf"},"content":{"rendered":"<p>No in\u00edcio de 2024, Patr\u00edcia Tavanez, Sofia Carvalho e Sandro Velhinho passaram a ser os novos <em>trainees <\/em>do Centro de Forma\u00e7\u00e3o e Especializa\u00e7\u00e3o Tecnol\u00f3gica e tinham um objetivo comum: o de mudar as suas vidas profissionais para duas das \u00e1reas mais atrativas no mercado de trabalho das TIC \u2013 <a href=\"https:\/\/www.techof.pt\/pt\/data-analyst\/\">Data Analyst<\/a> e <a href=\"https:\/\/www.techof.pt\/pt\/full-stack-developer\/\">Full Stack Developer<\/a>. Hoje, s\u00e3o os mais recentes talentos <em>tech <\/em>graduados pela TechOf e est\u00e3o prontos para revolucionar as suas carreiras.<\/p>\n\n\n\n<figure class=\"wp-block-image aligncenter size-large is-resized\"><img fetchpriority=\"high\" decoding=\"async\" width=\"768\" height=\"1024\" src=\"https:\/\/www.techof.pt\/wp-content\/uploads\/2024\/09\/20240730_192150-2-768x1024.jpg\" alt=\"\" class=\"wp-image-4588\" style=\"width:491px;height:auto\" srcset=\"https:\/\/www.techof.pt\/wp-content\/uploads\/2024\/09\/20240730_192150-2-768x1023.jpg 768w, https:\/\/www.techof.pt\/wp-content\/uploads\/2024\/09\/20240730_192150-2-225x300.jpg 225w, https:\/\/www.techof.pt\/wp-content\/uploads\/2024\/09\/20240730_192150-2-1153x1536.jpg 1153w, https:\/\/www.techof.pt\/wp-content\/uploads\/2024\/09\/20240730_192150-2-1537x2048.jpg 1537w, https:\/\/www.techof.pt\/wp-content\/uploads\/2024\/09\/20240730_192150-2-9x12.jpg 9w, https:\/\/www.techof.pt\/wp-content\/uploads\/2024\/09\/20240730_192150-2-scaled.jpg 1921w\" sizes=\"(max-width: 768px) 100vw, 768px\" \/><figcaption class=\"wp-element-caption\">Beatriz Duarte (Professora de Data Analyst), Patr\u00edcia Tavanez e Nuno Rosado (Co-fundador e CEO da TechOf)<\/figcaption><\/figure>\n\n\n\n<p>Patr\u00edcia Tavanez, formada em Qu\u00edmica, decidiu dar uma reviravolta na sua carreira ao perceber que a sua paix\u00e3o pelo tratamento de dados poderia lev\u00e1-la a novos horizontes. &#8220;Sempre gostei da parte de an\u00e1lise e tratamento de dados, porque \u00e9 uma \u00e1rea que, ao contr\u00e1rio da Qu\u00edmica em laborat\u00f3rio, n\u00e3o traz surpresas desagrad\u00e1veis no final de um dia de trabalho,&#8221; explica. Contudo, o que a fez realmente dar o salto para o mundo da tecnologia foi o desejo de encontrar uma maior flexibilidade e liberdade no trabalho, algo que n\u00e3o via poss\u00edvel na sua \u00e1rea.<\/p>\n\n\n\n<p>Ap\u00f3s uma conversa com um amigo, Patr\u00edcia come\u00e7ou a considerar a programa\u00e7\u00e3o como uma nova possibilidade. &#8220;No in\u00edcio, a programa\u00e7\u00e3o assustava-me, mas acabei por gostar muito. Achei que foi uma oportunidade fant\u00e1stica para explorar o meu lado mais criativo e pensar fora da caixa&#8221;, comenta. A decis\u00e3o de mudar de carreira surgiu n\u00e3o apenas como uma forma de abra\u00e7ar uma nova paix\u00e3o, mas tamb\u00e9m como uma estrat\u00e9gia para garantir um futuro profissional mais est\u00e1vel e atrativo.<\/p>\n\n\n\n<p>Agora, com o curso conclu\u00eddo, Patr\u00edcia sente-se preparada para aplicar os conhecimentos adquiridos. &#8220;J\u00e1 comecei a explorar oportunidades na minha pr\u00f3pria empresa e estou otimista quanto ao futuro,&#8221; afirma. Para quem, como ela, est\u00e1 a considerar mudar de carreira para a \u00e1rea de Data Analyst, Patr\u00edcia oferece um conselho valioso: &#8220;Aproveitem toda a disponibilidade que a TechOf oferece e n\u00e3o tenham medo de explorar coisas diferentes&#8221;.<\/p>\n\n\n\n<figure class=\"wp-block-image aligncenter size-large is-resized\"><img decoding=\"async\" width=\"793\" height=\"1024\" src=\"https:\/\/www.techof.pt\/wp-content\/uploads\/2024\/09\/20240730_192209-1-793x1024.jpg\" alt=\"\" class=\"wp-image-4589\" style=\"width:455px;height:auto\" srcset=\"https:\/\/www.techof.pt\/wp-content\/uploads\/2024\/09\/20240730_192209-1-793x1024.jpg 793w, https:\/\/www.techof.pt\/wp-content\/uploads\/2024\/09\/20240730_192209-1-232x300.jpg 232w, https:\/\/www.techof.pt\/wp-content\/uploads\/2024\/09\/20240730_192209-1-768x992.jpg 768w, https:\/\/www.techof.pt\/wp-content\/uploads\/2024\/09\/20240730_192209-1-1189x1536.jpg 1189w, https:\/\/www.techof.pt\/wp-content\/uploads\/2024\/09\/20240730_192209-1-1585x2048.jpg 1585w, https:\/\/www.techof.pt\/wp-content\/uploads\/2024\/09\/20240730_192209-1-9x12.jpg 9w, https:\/\/www.techof.pt\/wp-content\/uploads\/2024\/09\/20240730_192209-1-scaled.jpg 1981w\" sizes=\"(max-width: 793px) 100vw, 793px\" \/><figcaption class=\"wp-element-caption\">Beatriz Duarte (Professora de Data Analyst), Sofia Carvalho e Nuno Rosado (Co-fundador e CEO da TechOf)<\/figcaption><\/figure>\n\n\n\n<p>J\u00e1 Sofia Carvalho, que trabalha num departamento de seguros de uma empresa de autom\u00f3veis, tamb\u00e9m decidiu ingressar no curso de Data Analyst na TechOf para aprimorar as suas <em>skills<\/em>. &#8220;Escolhi a TechOf porque foi a \u00fanica escola que encontrei que oferecia as ferramentas de SQL, Python, e Power BI, focadas especificamente em an\u00e1lise de dados,&#8221; explica. A praticidade do curso, com uma forte aposta em exerc\u00edcios e projetos, foi crucial para a sua aprendizagem. &#8220;Adoro analisar dados e queria muito aprender estas t\u00e9cnicas,&#8221; acrescenta.<\/p>\n\n\n\n<p>No seu dia-a-dia, Sofia lida com grandes bases de dados que precisam de ser estruturadas e comunicadas de forma clara aos stakeholders. O curso trouxe-lhe uma nova efici\u00eancia no desempenho destas tarefas. &#8220;Agora, em vez de extrair grandes bases de dados em Excel, que muitas vezes iam abaixo, uso SQL para extrair exatamente a informa\u00e7\u00e3o que preciso, o que aumentou a efici\u00eancia,&#8221; afirma.<\/p>\n\n\n\n<p>Com o curso conclu\u00eddo, Sofia est\u00e1 determinada a aplicar cada vez mais as suas novas compet\u00eancias no trabalho. &#8220;O pr\u00f3ximo passo \u00e9 usar Power BI para facilitar a comunica\u00e7\u00e3o com os stakeholders\u201d, planeia. A evolu\u00e7\u00e3o de Sofia n\u00e3o passou despercebida na empresa, que vai come\u00e7ar a atribuir desafios de an\u00e1lise de dados \u00e0s suas tarefas di\u00e1rias.<\/p>\n\n\n\n<figure class=\"wp-block-image aligncenter size-large is-resized\"><img decoding=\"async\" width=\"737\" height=\"1024\" src=\"https:\/\/www.techof.pt\/wp-content\/uploads\/2024\/09\/20240730_192034-1-737x1024.jpg\" alt=\"\" class=\"wp-image-4590\" style=\"width:477px;height:auto\" srcset=\"https:\/\/www.techof.pt\/wp-content\/uploads\/2024\/09\/20240730_192034-1-737x1024.jpg 737w, https:\/\/www.techof.pt\/wp-content\/uploads\/2024\/09\/20240730_192034-1-216x300.jpg 216w, https:\/\/www.techof.pt\/wp-content\/uploads\/2024\/09\/20240730_192034-1-768x1067.jpg 768w, https:\/\/www.techof.pt\/wp-content\/uploads\/2024\/09\/20240730_192034-1-1106x1536.jpg 1106w, https:\/\/www.techof.pt\/wp-content\/uploads\/2024\/09\/20240730_192034-1-1475x2048.jpg 1475w, https:\/\/www.techof.pt\/wp-content\/uploads\/2024\/09\/20240730_192034-1-9x12.jpg 9w, https:\/\/www.techof.pt\/wp-content\/uploads\/2024\/09\/20240730_192034-1-scaled.jpg 1843w\" sizes=\"(max-width: 737px) 100vw, 737px\" \/><figcaption class=\"wp-element-caption\">Bruno Hirata (Professor de Full Stack Developer), Sandro Velhinho e Nuno Rosado (Co-fundador e CEO da TechOf)<\/figcaption><\/figure>\n\n\n\n<p>Sandro Velhinho, logo ap\u00f3s concluir a escolaridade obrigat\u00f3ria, decidiu ingressar diretamente no mercado de trabalho, mas rapidamente percebeu que tinha interesses que valiam a pena explorar: a programa\u00e7\u00e3o. A forma como uma boa organiza\u00e7\u00e3o contribui para a efici\u00eancia das tarefas foi o que o levou at\u00e9 \u00e0 TechOf e ao curso de Full Stack Developer. Nove meses depois faz um balan\u00e7o positivo da experi\u00eancia: \u201ca escola tem um bom ambiente e oferece um bom suporte, que n\u00e3o est\u00e1 s\u00f3 assente nos professores. Ao fim do terceiro dia j\u00e1 todos conhecem o teu nome e isso mostra que t\u00eam cuidado com os alunos\u201d.<\/p>\n\n\n\n<p>Para Sandro, os workshops frequentes foram tamb\u00e9m fatores de motiva\u00e7\u00e3o, onde aprendeu a import\u00e2ncia do trabalho em equipa, desenvolveu <em>soft skills <\/em>e conheceu profissionais da \u00e1rea e as suas experi\u00eancias, bem como recrutadores. &nbsp;<\/p>\n\n\n\n<p>Sandro est\u00e1 agora focado nos pr\u00f3ximos passos da sua jornada profissional. A prepara\u00e7\u00e3o para entrar no mercado de trabalho \u00e9 a sua prioridade e planeia candidatar-se a est\u00e1gios para ganhar experi\u00eancia pr\u00e1tica. Al\u00e9m disso, pretende continuar a aprofundar os seus conhecimentos em JavaScript, uma linguagem essencial para o desenvolvimento Full Stack.<\/p>\n\n\n\n<p>Estes tr\u00eas alunos s\u00e3o o exemplo perfeito de como, com determina\u00e7\u00e3o e organiza\u00e7\u00e3o, \u00e9 poss\u00edvel transformar uma paix\u00e3o num novo caminho profissional, provando que nunca \u00e9 tarde para recome\u00e7ar e alcan\u00e7ar novos sonhos.<\/p>","protected":false},"excerpt":{"rendered":"<p>No in\u00edcio de 2024, Patr\u00edcia Tavanez, Sofia Carvalho e Sandro Velhinho passaram a ser os novos trainees do Centro de Forma\u00e7\u00e3o e Especializa\u00e7\u00e3o Tecnol\u00f3gica e tinham um objetivo comum: o de mudar as suas vidas profissionais para duas das \u00e1reas mais atrativas no mercado de trabalho das TIC \u2013 Data Analyst e Full Stack Developer. [&hellip;]<\/p>\n","protected":false},"author":5,"featured_media":4577,"comment_status":"open","ping_status":"open","sticky":false,"template":"","format":"standard","meta":{"inline_featured_image":false,"footnotes":""},"categories":[153,155,154,12,13],"tags":[26,20,27,41,22,30,23,24],"class_list":["post-4587","post","type-post","status-publish","format-standard","has-post-thumbnail","hentry","category-data-analysts","category-frontend-developers","category-full-stack-developers","category-personal-development","category-professional-development","tag-education","tag-learning","tag-reskilling","tag-skills","tag-tech","tag-tech-training","tag-technology","tag-training"],"yoast_head":"<!-- This site is optimized with the Yoast SEO Premium plugin v27.4 (Yoast SEO v27.5) - https:\/\/yoast.com\/product\/yoast-seo-premium-wordpress\/ -->\n<title>O que t\u00eam em comum uma qu\u00edmica, uma especialista em seguros e um jovem curioso pela programa\u00e7\u00e3o? S\u00e3o os novos talentos tech da TechOf - TechOf - Re-Skilling People<\/title>\n<meta name=\"description\" content=\"No in\u00edcio de 2024, Patr\u00edcia Tavanez, Sofia Carvalho e Sandro Velhinho passaram a ser os novos trainees do Centro de Forma\u00e7\u00e3o e Especializa\u00e7\u00e3o Tecnol\u00f3gica e tinham um objetivo comum: o de mudar as suas vidas profissionais para duas das \u00e1reas mais atrativas no mercado de trabalho das TIC \u2013 Data Analyst e Full Stack Developer.\" \/>\n<meta name=\"robots\" content=\"index, follow, max-snippet:-1, max-image-preview:large, max-video-preview:-1\" \/>\n<link rel=\"canonical\" href=\"https:\/\/www.techof.pt\/pt\/novos-talentos-tech-da-techof\/\" \/>\n<meta property=\"og:locale\" content=\"pt_PT\" \/>\n<meta property=\"og:type\" content=\"article\" \/>\n<meta property=\"og:title\" content=\"O que t\u00eam em comum uma qu\u00edmica, uma especialista em seguros e um jovem curioso pela programa\u00e7\u00e3o? S\u00e3o os novos talentos tech da TechOf\" \/>\n<meta property=\"og:description\" content=\"No in\u00edcio de 2024, Patr\u00edcia Tavanez, Sofia Carvalho e Sandro Velhinho passaram a ser os novos trainees do Centro de Forma\u00e7\u00e3o e Especializa\u00e7\u00e3o Tecnol\u00f3gica e tinham um objetivo comum: o de mudar as suas vidas profissionais para duas das \u00e1reas mais atrativas no mercado de trabalho das TIC \u2013 Data Analyst e Full Stack Developer.\" \/>\n<meta property=\"og:url\" content=\"https:\/\/www.techof.pt\/pt\/novos-talentos-tech-da-techof\/\" \/>\n<meta property=\"og:site_name\" content=\"TechOf - Re-Skilling People\" \/>\n<meta property=\"article:publisher\" content=\"https:\/\/www.facebook.com\/techofpt\" \/>\n<meta property=\"article:published_time\" content=\"2024-09-09T16:30:42+00:00\" \/>\n<meta property=\"article:modified_time\" content=\"2025-02-07T17:23:43+00:00\" \/>\n<meta property=\"og:image\" content=\"https:\/\/www.techof.pt\/wp-content\/uploads\/2024\/09\/20240730_192150-1-scaled.jpg\" \/>\n\t<meta property=\"og:image:width\" content=\"1921\" \/>\n\t<meta property=\"og:image:height\" content=\"2560\" \/>\n\t<meta property=\"og:image:type\" content=\"image\/jpeg\" \/>\n<meta name=\"author\" content=\"Joana Rosa\" \/>\n<meta name=\"twitter:card\" content=\"summary_large_image\" \/>\n<meta name=\"twitter:creator\" content=\"@TechOf_\" \/>\n<meta name=\"twitter:site\" content=\"@TechOf_\" \/>\n<meta name=\"twitter:label1\" content=\"Escrito por\" \/>\n\t<meta name=\"twitter:data1\" content=\"Joana Rosa\" \/>\n\t<meta name=\"twitter:label2\" content=\"Tempo estimado de leitura\" \/>\n\t<meta name=\"twitter:data2\" content=\"5 minutos\" \/>\n<script type=\"application\/ld+json\" class=\"yoast-schema-graph\">{\"@context\":\"https:\\\/\\\/schema.org\",\"@graph\":[{\"@type\":\"Article\",\"@id\":\"https:\\\/\\\/www.techof.pt\\\/novos-talentos-tech-da-techof\\\/#article\",\"isPartOf\":{\"@id\":\"https:\\\/\\\/www.techof.pt\\\/novos-talentos-tech-da-techof\\\/\"},\"author\":{\"name\":\"Joana Rosa\",\"@id\":\"https:\\\/\\\/www.techof.pt\\\/en\\\/#\\\/schema\\\/person\\\/5b9be03e44b1a85d28753689cb4206a3\"},\"headline\":\"O que t\u00eam em comum uma qu\u00edmica, uma especialista em seguros e um jovem curioso pela programa\u00e7\u00e3o? S\u00e3o os novos talentos tech da TechOf\",\"datePublished\":\"2024-09-09T16:30:42+00:00\",\"dateModified\":\"2025-02-07T17:23:43+00:00\",\"mainEntityOfPage\":{\"@id\":\"https:\\\/\\\/www.techof.pt\\\/novos-talentos-tech-da-techof\\\/\"},\"wordCount\":884,\"commentCount\":0,\"publisher\":{\"@id\":\"https:\\\/\\\/www.techof.pt\\\/en\\\/#organization\"},\"image\":{\"@id\":\"https:\\\/\\\/www.techof.pt\\\/novos-talentos-tech-da-techof\\\/#primaryimage\"},\"thumbnailUrl\":\"https:\\\/\\\/www.techof.pt\\\/wp-content\\\/uploads\\\/2024\\\/09\\\/20240730_192150-1-scaled.jpg\",\"keywords\":[\"education\",\"learning\",\"reskilling\",\"skills\",\"tech\",\"tech training\",\"technology\",\"training\"],\"articleSection\":[\"Data Analysts\",\"FrontEnd Developers\",\"Full-Stack Developers\",\"Personal Development\",\"Professional Development\"],\"inLanguage\":\"pt-PT\",\"potentialAction\":[{\"@type\":\"CommentAction\",\"name\":\"Comment\",\"target\":[\"https:\\\/\\\/www.techof.pt\\\/novos-talentos-tech-da-techof\\\/#respond\"]}]},{\"@type\":\"WebPage\",\"@id\":\"https:\\\/\\\/www.techof.pt\\\/novos-talentos-tech-da-techof\\\/\",\"url\":\"https:\\\/\\\/www.techof.pt\\\/novos-talentos-tech-da-techof\\\/\",\"name\":\"O que t\u00eam em comum uma qu\u00edmica, uma especialista em seguros e um jovem curioso pela programa\u00e7\u00e3o? S\u00e3o os novos talentos tech da TechOf - TechOf - Re-Skilling People\",\"isPartOf\":{\"@id\":\"https:\\\/\\\/www.techof.pt\\\/en\\\/#website\"},\"primaryImageOfPage\":{\"@id\":\"https:\\\/\\\/www.techof.pt\\\/novos-talentos-tech-da-techof\\\/#primaryimage\"},\"image\":{\"@id\":\"https:\\\/\\\/www.techof.pt\\\/novos-talentos-tech-da-techof\\\/#primaryimage\"},\"thumbnailUrl\":\"https:\\\/\\\/www.techof.pt\\\/wp-content\\\/uploads\\\/2024\\\/09\\\/20240730_192150-1-scaled.jpg\",\"datePublished\":\"2024-09-09T16:30:42+00:00\",\"dateModified\":\"2025-02-07T17:23:43+00:00\",\"description\":\"No in\u00edcio de 2024, Patr\u00edcia Tavanez, Sofia Carvalho e Sandro Velhinho passaram a ser os novos trainees do Centro de Forma\u00e7\u00e3o e Especializa\u00e7\u00e3o Tecnol\u00f3gica e tinham um objetivo comum: o de mudar as suas vidas profissionais para duas das \u00e1reas mais atrativas no mercado de trabalho das TIC \u2013 Data Analyst e Full Stack Developer.\",\"breadcrumb\":{\"@id\":\"https:\\\/\\\/www.techof.pt\\\/novos-talentos-tech-da-techof\\\/#breadcrumb\"},\"inLanguage\":\"pt-PT\",\"potentialAction\":[{\"@type\":\"ReadAction\",\"target\":[\"https:\\\/\\\/www.techof.pt\\\/novos-talentos-tech-da-techof\\\/\"]}]},{\"@type\":\"ImageObject\",\"inLanguage\":\"pt-PT\",\"@id\":\"https:\\\/\\\/www.techof.pt\\\/novos-talentos-tech-da-techof\\\/#primaryimage\",\"url\":\"https:\\\/\\\/www.techof.pt\\\/wp-content\\\/uploads\\\/2024\\\/09\\\/20240730_192150-1-scaled.jpg\",\"contentUrl\":\"https:\\\/\\\/www.techof.pt\\\/wp-content\\\/uploads\\\/2024\\\/09\\\/20240730_192150-1-scaled.jpg\",\"width\":1921,\"height\":2560},{\"@type\":\"BreadcrumbList\",\"@id\":\"https:\\\/\\\/www.techof.pt\\\/novos-talentos-tech-da-techof\\\/#breadcrumb\",\"itemListElement\":[{\"@type\":\"ListItem\",\"position\":1,\"name\":\"Home\",\"item\":\"https:\\\/\\\/www.techof.pt\\\/\"},{\"@type\":\"ListItem\",\"position\":2,\"name\":\"O que t\u00eam em comum uma qu\u00edmica, uma especialista em seguros e um jovem curioso pela programa\u00e7\u00e3o? S\u00e3o os novos talentos tech da TechOf\"}]},{\"@type\":\"WebSite\",\"@id\":\"https:\\\/\\\/www.techof.pt\\\/en\\\/#website\",\"url\":\"https:\\\/\\\/www.techof.pt\\\/en\\\/\",\"name\":\"TechOf - Re-Skilling People\",\"description\":\"The Fast Track to Tech\",\"publisher\":{\"@id\":\"https:\\\/\\\/www.techof.pt\\\/en\\\/#organization\"},\"potentialAction\":[{\"@type\":\"SearchAction\",\"target\":{\"@type\":\"EntryPoint\",\"urlTemplate\":\"https:\\\/\\\/www.techof.pt\\\/en\\\/?s={search_term_string}\"},\"query-input\":{\"@type\":\"PropertyValueSpecification\",\"valueRequired\":true,\"valueName\":\"search_term_string\"}}],\"inLanguage\":\"pt-PT\"},{\"@type\":\"Organization\",\"@id\":\"https:\\\/\\\/www.techof.pt\\\/en\\\/#organization\",\"name\":\"TechOf\",\"url\":\"https:\\\/\\\/www.techof.pt\\\/en\\\/\",\"logo\":{\"@type\":\"ImageObject\",\"inLanguage\":\"pt-PT\",\"@id\":\"https:\\\/\\\/www.techof.pt\\\/en\\\/#\\\/schema\\\/logo\\\/image\\\/\",\"url\":\"https:\\\/\\\/www.techof.pt\\\/wp-content\\\/uploads\\\/2022\\\/06\\\/Tech_Logo_RGB_PRINCIPAL_PRETO.png\",\"contentUrl\":\"https:\\\/\\\/www.techof.pt\\\/wp-content\\\/uploads\\\/2022\\\/06\\\/Tech_Logo_RGB_PRINCIPAL_PRETO.png\",\"width\":1419,\"height\":806,\"caption\":\"TechOf\"},\"image\":{\"@id\":\"https:\\\/\\\/www.techof.pt\\\/en\\\/#\\\/schema\\\/logo\\\/image\\\/\"},\"sameAs\":[\"https:\\\/\\\/www.facebook.com\\\/techofpt\",\"https:\\\/\\\/x.com\\\/TechOf_\",\"https:\\\/\\\/www.linkedin.com\\\/company\\\/techof-reskilling-people\",\"https:\\\/\\\/www.instagram.com\\\/techof_\",\"https:\\\/\\\/www.youtube.com\\\/channel\\\/UCJq1PGIWFyB_FD4N6D_hqGw\"]},{\"@type\":\"Person\",\"@id\":\"https:\\\/\\\/www.techof.pt\\\/en\\\/#\\\/schema\\\/person\\\/5b9be03e44b1a85d28753689cb4206a3\",\"name\":\"Joana Rosa\",\"image\":{\"@type\":\"ImageObject\",\"inLanguage\":\"pt-PT\",\"@id\":\"https:\\\/\\\/secure.gravatar.com\\\/avatar\\\/c535bfa011648331f3052fbbb0ccb46e95d8470c31c8c88090d98e0ad83b09ee?s=96&d=mm&r=g\",\"url\":\"https:\\\/\\\/secure.gravatar.com\\\/avatar\\\/c535bfa011648331f3052fbbb0ccb46e95d8470c31c8c88090d98e0ad83b09ee?s=96&d=mm&r=g\",\"contentUrl\":\"https:\\\/\\\/secure.gravatar.com\\\/avatar\\\/c535bfa011648331f3052fbbb0ccb46e95d8470c31c8c88090d98e0ad83b09ee?s=96&d=mm&r=g\",\"caption\":\"Joana Rosa\"},\"url\":\"https:\\\/\\\/www.techof.pt\\\/pt\\\/author\\\/joana-rosa\\\/\"}]}<\/script>\n<!-- \/ Yoast SEO Premium plugin. -->","yoast_head_json":{"title":"O que t\u00eam em comum uma qu\u00edmica, uma especialista em seguros e um jovem curioso pela programa\u00e7\u00e3o? S\u00e3o os novos talentos tech da TechOf - TechOf - Re-Skilling People","description":"No in\u00edcio de 2024, Patr\u00edcia Tavanez, Sofia Carvalho e Sandro Velhinho passaram a ser os novos trainees do Centro de Forma\u00e7\u00e3o e Especializa\u00e7\u00e3o Tecnol\u00f3gica e tinham um objetivo comum: o de mudar as suas vidas profissionais para duas das \u00e1reas mais atrativas no mercado de trabalho das TIC \u2013 Data Analyst e Full Stack Developer.","robots":{"index":"index","follow":"follow","max-snippet":"max-snippet:-1","max-image-preview":"max-image-preview:large","max-video-preview":"max-video-preview:-1"},"canonical":"https:\/\/www.techof.pt\/pt\/novos-talentos-tech-da-techof\/","og_locale":"pt_PT","og_type":"article","og_title":"O que t\u00eam em comum uma qu\u00edmica, uma especialista em seguros e um jovem curioso pela programa\u00e7\u00e3o? S\u00e3o os novos talentos tech da TechOf","og_description":"No in\u00edcio de 2024, Patr\u00edcia Tavanez, Sofia Carvalho e Sandro Velhinho passaram a ser os novos trainees do Centro de Forma\u00e7\u00e3o e Especializa\u00e7\u00e3o Tecnol\u00f3gica e tinham um objetivo comum: o de mudar as suas vidas profissionais para duas das \u00e1reas mais atrativas no mercado de trabalho das TIC \u2013 Data Analyst e Full Stack Developer.","og_url":"https:\/\/www.techof.pt\/pt\/novos-talentos-tech-da-techof\/","og_site_name":"TechOf - Re-Skilling People","article_publisher":"https:\/\/www.facebook.com\/techofpt","article_published_time":"2024-09-09T16:30:42+00:00","article_modified_time":"2025-02-07T17:23:43+00:00","og_image":[{"width":1921,"height":2560,"url":"https:\/\/www.techof.pt\/wp-content\/uploads\/2024\/09\/20240730_192150-1-scaled.jpg","type":"image\/jpeg"}],"author":"Joana Rosa","twitter_card":"summary_large_image","twitter_creator":"@TechOf_","twitter_site":"@TechOf_","twitter_misc":{"Escrito por":"Joana Rosa","Tempo estimado de leitura":"5 minutos"},"schema":{"@context":"https:\/\/schema.org","@graph":[{"@type":"Article","@id":"https:\/\/www.techof.pt\/novos-talentos-tech-da-techof\/#article","isPartOf":{"@id":"https:\/\/www.techof.pt\/novos-talentos-tech-da-techof\/"},"author":{"name":"Joana Rosa","@id":"https:\/\/www.techof.pt\/en\/#\/schema\/person\/5b9be03e44b1a85d28753689cb4206a3"},"headline":"O que t\u00eam em comum uma qu\u00edmica, uma especialista em seguros e um jovem curioso pela programa\u00e7\u00e3o? S\u00e3o os novos talentos tech da TechOf","datePublished":"2024-09-09T16:30:42+00:00","dateModified":"2025-02-07T17:23:43+00:00","mainEntityOfPage":{"@id":"https:\/\/www.techof.pt\/novos-talentos-tech-da-techof\/"},"wordCount":884,"commentCount":0,"publisher":{"@id":"https:\/\/www.techof.pt\/en\/#organization"},"image":{"@id":"https:\/\/www.techof.pt\/novos-talentos-tech-da-techof\/#primaryimage"},"thumbnailUrl":"https:\/\/www.techof.pt\/wp-content\/uploads\/2024\/09\/20240730_192150-1-scaled.jpg","keywords":["education","learning","reskilling","skills","tech","tech training","technology","training"],"articleSection":["Data Analysts","FrontEnd Developers","Full-Stack Developers","Personal Development","Professional Development"],"inLanguage":"pt-PT","potentialAction":[{"@type":"CommentAction","name":"Comment","target":["https:\/\/www.techof.pt\/novos-talentos-tech-da-techof\/#respond"]}]},{"@type":"WebPage","@id":"https:\/\/www.techof.pt\/novos-talentos-tech-da-techof\/","url":"https:\/\/www.techof.pt\/novos-talentos-tech-da-techof\/","name":"O que t\u00eam em comum uma qu\u00edmica, uma especialista em seguros e um jovem curioso pela programa\u00e7\u00e3o? S\u00e3o os novos talentos tech da TechOf - TechOf - Re-Skilling People","isPartOf":{"@id":"https:\/\/www.techof.pt\/en\/#website"},"primaryImageOfPage":{"@id":"https:\/\/www.techof.pt\/novos-talentos-tech-da-techof\/#primaryimage"},"image":{"@id":"https:\/\/www.techof.pt\/novos-talentos-tech-da-techof\/#primaryimage"},"thumbnailUrl":"https:\/\/www.techof.pt\/wp-content\/uploads\/2024\/09\/20240730_192150-1-scaled.jpg","datePublished":"2024-09-09T16:30:42+00:00","dateModified":"2025-02-07T17:23:43+00:00","description":"No in\u00edcio de 2024, Patr\u00edcia Tavanez, Sofia Carvalho e Sandro Velhinho passaram a ser os novos trainees do Centro de Forma\u00e7\u00e3o e Especializa\u00e7\u00e3o Tecnol\u00f3gica e tinham um objetivo comum: o de mudar as suas vidas profissionais para duas das \u00e1reas mais atrativas no mercado de trabalho das TIC \u2013 Data Analyst e Full Stack Developer.","breadcrumb":{"@id":"https:\/\/www.techof.pt\/novos-talentos-tech-da-techof\/#breadcrumb"},"inLanguage":"pt-PT","potentialAction":[{"@type":"ReadAction","target":["https:\/\/www.techof.pt\/novos-talentos-tech-da-techof\/"]}]},{"@type":"ImageObject","inLanguage":"pt-PT","@id":"https:\/\/www.techof.pt\/novos-talentos-tech-da-techof\/#primaryimage","url":"https:\/\/www.techof.pt\/wp-content\/uploads\/2024\/09\/20240730_192150-1-scaled.jpg","contentUrl":"https:\/\/www.techof.pt\/wp-content\/uploads\/2024\/09\/20240730_192150-1-scaled.jpg","width":1921,"height":2560},{"@type":"BreadcrumbList","@id":"https:\/\/www.techof.pt\/novos-talentos-tech-da-techof\/#breadcrumb","itemListElement":[{"@type":"ListItem","position":1,"name":"Home","item":"https:\/\/www.techof.pt\/"},{"@type":"ListItem","position":2,"name":"O que t\u00eam em comum uma qu\u00edmica, uma especialista em seguros e um jovem curioso pela programa\u00e7\u00e3o? S\u00e3o os novos talentos tech da TechOf"}]},{"@type":"WebSite","@id":"https:\/\/www.techof.pt\/en\/#website","url":"https:\/\/www.techof.pt\/en\/","name":"TechOf - Re-Skilling People","description":"The Fast Track to Tech","publisher":{"@id":"https:\/\/www.techof.pt\/en\/#organization"},"potentialAction":[{"@type":"SearchAction","target":{"@type":"EntryPoint","urlTemplate":"https:\/\/www.techof.pt\/en\/?s={search_term_string}"},"query-input":{"@type":"PropertyValueSpecification","valueRequired":true,"valueName":"search_term_string"}}],"inLanguage":"pt-PT"},{"@type":"Organization","@id":"https:\/\/www.techof.pt\/en\/#organization","name":"A TechOf","url":"https:\/\/www.techof.pt\/en\/","logo":{"@type":"ImageObject","inLanguage":"pt-PT","@id":"https:\/\/www.techof.pt\/en\/#\/schema\/logo\/image\/","url":"https:\/\/www.techof.pt\/wp-content\/uploads\/2022\/06\/Tech_Logo_RGB_PRINCIPAL_PRETO.png","contentUrl":"https:\/\/www.techof.pt\/wp-content\/uploads\/2022\/06\/Tech_Logo_RGB_PRINCIPAL_PRETO.png","width":1419,"height":806,"caption":"TechOf"},"image":{"@id":"https:\/\/www.techof.pt\/en\/#\/schema\/logo\/image\/"},"sameAs":["https:\/\/www.facebook.com\/techofpt","https:\/\/x.com\/TechOf_","https:\/\/www.linkedin.com\/company\/techof-reskilling-people","https:\/\/www.instagram.com\/techof_","https:\/\/www.youtube.com\/channel\/UCJq1PGIWFyB_FD4N6D_hqGw"]},{"@type":"Person","@id":"https:\/\/www.techof.pt\/en\/#\/schema\/person\/5b9be03e44b1a85d28753689cb4206a3","name":"Joana Rosa","image":{"@type":"ImageObject","inLanguage":"pt-PT","@id":"https:\/\/secure.gravatar.com\/avatar\/c535bfa011648331f3052fbbb0ccb46e95d8470c31c8c88090d98e0ad83b09ee?s=96&d=mm&r=g","url":"https:\/\/secure.gravatar.com\/avatar\/c535bfa011648331f3052fbbb0ccb46e95d8470c31c8c88090d98e0ad83b09ee?s=96&d=mm&r=g","contentUrl":"https:\/\/secure.gravatar.com\/avatar\/c535bfa011648331f3052fbbb0ccb46e95d8470c31c8c88090d98e0ad83b09ee?s=96&d=mm&r=g","caption":"Joana Rosa"},"url":"https:\/\/www.techof.pt\/pt\/author\/joana-rosa\/"}]}},"_links":{"self":[{"href":"https:\/\/www.techof.pt\/pt\/wp-json\/wp\/v2\/posts\/4587","targetHints":{"allow":["GET"]}}],"collection":[{"href":"https:\/\/www.techof.pt\/pt\/wp-json\/wp\/v2\/posts"}],"about":[{"href":"https:\/\/www.techof.pt\/pt\/wp-json\/wp\/v2\/types\/post"}],"author":[{"embeddable":true,"href":"https:\/\/www.techof.pt\/pt\/wp-json\/wp\/v2\/users\/5"}],"replies":[{"embeddable":true,"href":"https:\/\/www.techof.pt\/pt\/wp-json\/wp\/v2\/comments?post=4587"}],"version-history":[{"count":1,"href":"https:\/\/www.techof.pt\/pt\/wp-json\/wp\/v2\/posts\/4587\/revisions"}],"predecessor-version":[{"id":4591,"href":"https:\/\/www.techof.pt\/pt\/wp-json\/wp\/v2\/posts\/4587\/revisions\/4591"}],"wp:featuredmedia":[{"embeddable":true,"href":"https:\/\/www.techof.pt\/pt\/wp-json\/wp\/v2\/media\/4577"}],"wp:attachment":[{"href":"https:\/\/www.techof.pt\/pt\/wp-json\/wp\/v2\/media?parent=4587"}],"wp:term":[{"taxonomy":"category","embeddable":true,"href":"https:\/\/www.techof.pt\/pt\/wp-json\/wp\/v2\/categories?post=4587"},{"taxonomy":"post_tag","embeddable":true,"href":"https:\/\/www.techof.pt\/pt\/wp-json\/wp\/v2\/tags?post=4587"}],"curies":[{"name":"wp","href":"https:\/\/api.w.org\/{rel}","templated":true}]}}