{
    "id": 7848,
    "date": "2026-04-30T12:22:21",
    "date_gmt": "2026-04-30T11:22:21",
    "guid": {
        "rendered": "https:\/\/www.techof.pt\/?p=7848"
    },
    "modified": "2026-04-30T12:22:22",
    "modified_gmt": "2026-04-30T11:22:22",
    "slug": "sabias-que-tambem-e-possivel-fazer-as-formacoes-da-techof-em-regime-remoto",
    "status": "publish",
    "type": "post",
    "link": "https:\/\/www.techof.pt\/en\/sabias-que-tambem-e-possivel-fazer-as-formacoes-da-techof-em-regime-remoto\/",
    "title": {
        "rendered": "Sabias que tamb\u00e9m \u00e9 poss\u00edvel fazer as forma\u00e7\u00f5es da TechOf em regime remoto?"
    },
    "content": {
        "rendered": "<p>Nos \u00faltimos anos, a forma\u00e7\u00e3o em regime remoto tem vindo a ganhar um peso cada vez maior no panorama educativo e profissional, impulsionada pela r\u00e1pida digitaliza\u00e7\u00e3o dos m\u00e9todos de ensino e pela procura de solu\u00e7\u00f5es mais flex\u00edveis que se adaptem \u00e0s exig\u00eancias do dia-a-dia. <\/p>\n\n\n\n<p>A aprendizagem online j\u00e1 n\u00e3o \u00e9 apenas uma alternativa ao ensino presencial, mas uma forma consolidada de adquirir compet\u00eancias especializadas, capaz de chegar a estudantes em diferentes regi\u00f5es e de permitir a concilia\u00e7\u00e3o entre estudo, trabalho e outras responsabilidades pessoais, algo especialmente valorizado por quem tem uma carreira ativa ou vive em zonas com menor oferta de forma\u00e7\u00e3o presencial.<\/p>\n\n\n\n<p>Estat\u00edsticas recentes mostram que o mercado europeu de aprendizagem online cresceu significativamente nas \u00faltimas d\u00e9cadas, com estimativas a sugerirem que o\u00a0 mercado est\u00e1 avaliado em cerca de\u00a0<a href=\"https:\/\/www.marketdataforecast.com\/market-reports\/europe-e-learning-market\">USD 122,99 mil milh\u00f5es em 2026<\/a>, projetando-se uma expans\u00e3o cont\u00ednua nos anos seguintes conforme mais institui\u00e7\u00f5es e profissionais adotam formatos digitais de aprendizagem.\u00a0<\/p>\n\n\n\n<p>Al\u00e9m disso, a flexibilidade, acessibilidade, redu\u00e7\u00e3o de barreiras geogr\u00e1ficas e a possibilidade de gerir o espa\u00e7o de estudo s\u00e3o apontadas como algumas das principais vantagens do ensino remoto, particularmente para profissionais que desejam atualizar compet\u00eancias mesmo sem interromper a sua atividade laboral: benef\u00edcios que foram decisivos para muitos estudantes escolherem cursos online em \u00e1reas t\u00e9cnicas e em r\u00e1pida evolu\u00e7\u00e3o, como o caso das <a href=\"https:\/\/www.techof.pt\/pt\/programas\/\">forma\u00e7\u00f5es<\/a> da TechOf.<\/p>\n\n\n\n<h2 class=\"wp-block-heading\" id=\"h-conhece-a-experiencia-de-lina-rafael-que-frequentou-o-curso-de-data-analyst-em-regime-remoto\"><mark style=\"background-color:rgba(0, 0, 0, 0)\" class=\"has-inline-color has-vivid-purple-color\">Conhece a experi\u00eancia de Lina Rafael, que frequentou o curso de Data Analyst em regime remoto<\/mark><\/h2>\n\n\n\n<figure class=\"wp-block-image alignleft size-large is-resized\"><img fetchpriority=\"high\" decoding=\"async\" width=\"1024\" height=\"1008\" src=\"https:\/\/www.techof.pt\/wp-content\/uploads\/2026\/04\/Lina-Rafael-1024x1008.jpg\" alt=\"\" class=\"wp-image-7849\" style=\"width:273px;height:auto\" srcset=\"https:\/\/www.techof.pt\/wp-content\/uploads\/2026\/04\/Lina-Rafael-1024x1008.jpg 1024w, https:\/\/www.techof.pt\/wp-content\/uploads\/2026\/04\/Lina-Rafael-300x295.jpg 300w, https:\/\/www.techof.pt\/wp-content\/uploads\/2026\/04\/Lina-Rafael-768x756.jpg 768w, https:\/\/www.techof.pt\/wp-content\/uploads\/2026\/04\/Lina-Rafael-12x12.jpg 12w, https:\/\/www.techof.pt\/wp-content\/uploads\/2026\/04\/Lina-Rafael.jpg 1220w\" sizes=\"(max-width: 1024px) 100vw, 1024px\" \/><\/figure>\n\n\n\n<p>Lina Rafael, do Algarve, decidiu realizar a forma\u00e7\u00e3o de Data Analyst da TechOf em formato 100% online. Com um percurso que combina Matem\u00e1tica Aplicada, Marketing e experi\u00eancia profissional em an\u00e1lise de dados em empresas do setor imobili\u00e1rio e hoteleiro, a aluna conseguiu aplicar e aprofundar conhecimentos t\u00e9cnicos, gerir de forma eficiente o pr\u00f3prio ritmo de estudo e aproveitar ao m\u00e1ximo a flexibilidade do regime remoto para avan\u00e7ar na sua carreira.<\/p>\n\n\n\n<p><strong>Podes contar-nos um pouco sobre o teu percurso antes de ingressares no curso de Data Analyst?<\/strong><\/p>\n\n\n\n<p>Antes de ingressar no curso de Data Analyst, o meu percurso j\u00e1 estava, de certa forma, ligado \u00e0 \u00e1rea dos dados. Sempre tive um grande interesse por an\u00e1lise de dados e comecei por estudar Matem\u00e1tica Aplicada, onde tive contacto com disciplinas como \u201cBase de dados\u201d e \u201cAn\u00e1lise de dados\u201d, \u00e1reas que rapidamente despertaram o meu entusiasmo.<\/p>\n\n\n\n<p>Acabei por me licenciar em Marketing, o que me permitiu desenvolver uma vertente mais estrat\u00e9gica e orientada ao neg\u00f3cio. Posteriormente, trabalhei como coordenadora de loja em tr\u00eas imobili\u00e1rias, onde ganhei experi\u00eancia na gest\u00e3o operacional, contacto com clientes e organiza\u00e7\u00e3o de informa\u00e7\u00e3o.<\/p>\n\n\n\n<p>Em 2024, dei um passo importante ao integrar um <em>resort <\/em>como analista de dados, onde comecei a aplicar de forma mais pr\u00e1tica o meu interesse pela \u00e1rea. Foi tamb\u00e9m nessa altura que realizei uma forma\u00e7\u00e3o em Power BI, ferramenta pela qual me apaixonei imediatamente, por permitir transformar dados em <em>insights <\/em>visuais e estrat\u00e9gicos.<\/p>\n\n\n\n<p>Em 2025, recebi uma nova oportunidade como analista de dados num grupo com cerca de 10 hot\u00e9is, onde trabalho atualmente e continuo a desenvolver as minhas compet\u00eancias na \u00e1rea.&nbsp;<\/p>\n\n\n\n<p><strong>O que te levou a escolher o formato online em vez de presencial?<\/strong><\/p>\n\n\n\n<p>Optei pelo formato online principalmente pela localiza\u00e7\u00e3o. Vivo no Algarve, onde ainda existe pouca oferta de forma\u00e7\u00e3o especializada na \u00e1rea de an\u00e1lise de dados, sobretudo com a qualidade e profundidade que procurava.<\/p>\n\n\n\n<p>O formato online acabou por ser a melhor solu\u00e7\u00e3o, pois permitiu-me conciliar a forma\u00e7\u00e3o com o meu trabalho e, ao mesmo tempo, ter acesso a conte\u00fados atualizados e relevantes, sem a limita\u00e7\u00e3o geogr\u00e1fica. Al\u00e9m disso, valorizo a flexibilidade deste formato, que me permite gerir melhor o meu tempo e adaptar o ritmo de aprendizagem \u00e0 minha rotina.<\/p>\n\n\n\n<p><strong>Como foi a tua experi\u00eancia de aprendizagem num ambiente 100% online?<\/strong><\/p>\n\n\n\n<p>A minha experi\u00eancia de aprendizagem num ambiente 100% online foi muito positiva. Gosto bastante deste formato, sobretudo pela flexibilidade que oferece e pela facilidade em conciliar a forma\u00e7\u00e3o com a minha rotina profissional.<\/p>\n\n\n\n<p>Ainda assim, acredito que teria sido interessante ter tido pelo menos uma aula presencial, para experimentar o ambiente e a din\u00e2mica em sala. No entanto, isso n\u00e3o comprometeu a qualidade da aprendizagem, que foi bastante enriquecedora ao longo de todo o percurso.<\/p>\n\n\n\n<p><strong>Sentiste que tinhas apoio suficiente por parte da TechOf ao longo do curso? De que forma esse apoio se manifestou?<\/strong><\/p>\n\n\n\n<p>Senti bastante apoio ao longo de todo o curso. Por um lado, a formadora Beatriz Duarte esteve sempre dispon\u00edvel para esclarecer d\u00favidas relacionadas com a mat\u00e9ria, o que fez toda a diferen\u00e7a no processo de aprendizagem.<\/p>\n\n\n\n<p>Por outro lado, toda a equipa da TechOf demonstrou grande disponibilidade e flexibilidade no apoio a quest\u00f5es log\u00edsticas, facilitando a organiza\u00e7\u00e3o e acompanhamento do curso. No geral, senti que havia sempre algu\u00e9m acess\u00edvel para ajudar, o que tornou a experi\u00eancia ainda mais positiva.<\/p>\n\n\n\n<p><strong>Como geriste o teu tempo e motiva\u00e7\u00e3o ao longo do curso remoto? Tiveste algum desafio nesse sentido?<\/strong><\/p>\n\n\n\n<p>Gerir o tempo e a motiva\u00e7\u00e3o ao longo do curso remoto foi, sem d\u00favida, um desafio. O curso \u00e9 muito interessante e bastante completo, mas tamb\u00e9m exigente. Conciliar um dia de trabalho de 8 horas com sess\u00f5es de forma\u00e7\u00e3o intensivas de cerca de 3 horas tornou-se, por vezes, bastante desafiador.<\/p>\n\n\n\n<p>O maior desafio foi conseguir manter o ritmo e acompanhar todos os conte\u00fados, sobretudo nos \u00faltimos dois meses, em que o cansa\u00e7o come\u00e7ou a ter um maior impacto na motiva\u00e7\u00e3o. Ainda assim, o interesse pela \u00e1rea e a qualidade do curso foram fundamentais para manter o foco e conseguir concluir esta etapa com sucesso.<\/p>\n\n\n\n<p><strong>Como descreves a intera\u00e7\u00e3o com formadores e outros alunos \u00e0 dist\u00e2ncia?<\/strong><\/p>\n\n\n\n<p>Descrevo a intera\u00e7\u00e3o com os formadores e outros alunos \u00e0 dist\u00e2ncia como muito positiva. Apesar de ser um formato online, existiu sempre uma din\u00e2mica bastante pr\u00f3xima, participativa e de entreajuda.<\/p>\n\n\n\n<p>Gostei particularmente da forma como a intera\u00e7\u00e3o entre colegas e formadora aconteceu de forma natural, criando um ambiente colaborativo que facilitou a aprendizagem e a partilha de conhecimento.<\/p>\n\n\n\n<p><strong>Na tua opini\u00e3o, quais s\u00e3o as principais vantagens e desvantagens de fazer este curso em formato online?<\/strong><\/p>\n\n\n\n<p>Na minha opini\u00e3o, as principais vantagens de fazer o curso em formato online passam pela flexibilidade e acessibilidade. Permite conciliar a forma\u00e7\u00e3o com o trabalho e a vida pessoal, sem limita\u00e7\u00f5es geogr\u00e1ficas, o que foi essencial para mim, vivendo no Algarve, onde h\u00e1 pouca oferta de cursos especializados na \u00e1rea de an\u00e1lise de dados. Al\u00e9m disso, a intera\u00e7\u00e3o com formadores e colegas foi muito positiva, din\u00e2mica e de entreajuda, e o sistema da TechOf para ensino remoto \u00e9 de alta qualidade, tanto em termos de som e imagem, como na forma de ministrar as aulas.<\/p>\n\n\n\n<p>Em termos de desvantagens, o formato online pode representar um desafio para quem tem mais dificuldade em perceber os conte\u00fados sem a presen\u00e7a f\u00edsica do formador, ou para quem n\u00e3o tem acesso a internet de qualidade ou com mau sinal. No meu caso, consegui acompanhar bem, mas reconhe\u00e7o que estas limita\u00e7\u00f5es podem afetar a experi\u00eancia de alguns alunos, nomeadamente para quem tem mais dificuldade em entender como funcionam os dados.<\/p>\n\n\n\n<p><strong>Quais s\u00e3o agora as tuas expectativas para o futuro ap\u00f3s conclu\u00edres o curso?<\/strong><\/p>\n\n\n\n<p>As minhas expectativas para o futuro passam, antes de tudo, por continuar a evoluir na \u00e1rea de an\u00e1lise de dados. Atualmente, gosto muito do trabalho que desempenho e pretendo continuar a desenvolv\u00ea-lo, aplicando e aprofundando os conhecimentos que adquiri ao longo do curso.<\/p>\n\n\n\n<p>Al\u00e9m disso, tenho como objetivo desenvolver projetos pr\u00f3prios na \u00e1rea, consolidar compet\u00eancias e explorar novas abordagens. Ainda estou a trabalhar na constru\u00e7\u00e3o do meu portef\u00f3lio, que ser\u00e1 uma forma de mostrar os meus projetos e progressos na \u00e1rea de an\u00e1lise de dados.<\/p>\n\n\n\n<p><strong>Recomendarias o curso de Data Analyst da TechOf? O que dirias a algu\u00e9m que est\u00e1 a considerar realiz\u00e1-lo remotamente?<\/strong><\/p>\n\n\n\n<p>Com certeza que sim! Gostei muito do curso e de toda a equipa da TechOf. Embora n\u00e3o possa comparar com o formato presencial, a minha experi\u00eancia num ambiente 100% remoto foi \u00f3tima. Houve sempre muita disponibilidade e uma excelente din\u00e2mica, tanto com a formadora como com os colegas.<\/p>\n\n\n\n<p>Al\u00e9m disso, a TechOf oferece um sistema muito bem estruturado para o ensino remoto, desde a qualidade de imagem e som at\u00e9 \u00e0 qualidade do ensino em si. Recomendo a quem esteja a considerar realizar o curso remotamente, pois \u00e9 poss\u00edvel aprender de forma eficaz e ao mesmo tempo manter flexibilidade na gest\u00e3o do tempo.<\/p>",
        "protected": false
    },
    "excerpt": {
        "rendered": "<p>Nos \u00faltimos anos, a forma\u00e7\u00e3o em regime remoto tem vindo a ganhar um peso cada vez maior no panorama educativo e profissional, impulsionada pela r\u00e1pida digitaliza\u00e7\u00e3o dos m\u00e9todos de ensino e pela procura de solu\u00e7\u00f5es mais flex\u00edveis que se adaptem \u00e0s exig\u00eancias do dia-a-dia. A aprendizagem online j\u00e1 n\u00e3o \u00e9 apenas uma alternativa ao ensino [&hellip;]<\/p>",
        "protected": false
    },
    "author": 5,
    "featured_media": 0,
    "comment_status": "open",
    "ping_status": "open",
    "sticky": false,
    "template": "",
    "format": "standard",
    "meta": {
        "inline_featured_image": false,
        "footnotes": ""
    },
    "categories": [
        153,
        13
    ],
    "tags": [
        164,
        106,
        166,
        224,
        225,
        27
    ],
    "class_list": [
        "post-7848",
        "post",
        "type-post",
        "status-publish",
        "format-standard",
        "hentry",
        "category-data-analysts",
        "category-professional-development",
        "tag-analise-de-dados",
        "tag-data-analyst",
        "tag-formacao",
        "tag-regime-remoto",
        "tag-remoto",
        "tag-reskilling"
    ],
    "yoast_head": "<!-- This site is optimized with the Yoast SEO Premium plugin v27.4 (Yoast SEO v27.5) - https:\/\/yoast.com\/product\/yoast-seo-premium-wordpress\/ -->\n<title>Sabias que tamb\u00e9m \u00e9 poss\u00edvel fazer as forma\u00e7\u00f5es da TechOf em regime remoto? - TechOf - Re-Skilling People<\/title>\n<meta name=\"description\" content=\"Procuras forma\u00e7\u00e3o \u00e0 dist\u00e2ncia? Conhece a experi\u00eancia da Lina Rafael, que escolheu o regime remoto no curso de Data Analyst.\" \/>\n<meta name=\"robots\" content=\"index, follow, max-snippet:-1, max-image-preview:large, max-video-preview:-1\" \/>\n<link rel=\"canonical\" href=\"https:\/\/www.techof.pt\/en\/sabias-que-tambem-e-possivel-fazer-as-formacoes-da-techof-em-regime-remoto\/\" \/>\n<meta property=\"og:locale\" content=\"en_GB\" \/>\n<meta property=\"og:type\" content=\"article\" \/>\n<meta property=\"og:title\" content=\"Sabias que tamb\u00e9m \u00e9 poss\u00edvel fazer as forma\u00e7\u00f5es da TechOf em regime remoto?\" \/>\n<meta property=\"og:description\" content=\"Procuras forma\u00e7\u00e3o \u00e0 dist\u00e2ncia? Conhece a experi\u00eancia da Lina Rafael, que escolheu o regime remoto no curso de Data Analyst.\" \/>\n<meta property=\"og:url\" content=\"https:\/\/www.techof.pt\/en\/sabias-que-tambem-e-possivel-fazer-as-formacoes-da-techof-em-regime-remoto\/\" \/>\n<meta property=\"og:site_name\" content=\"TechOf - Re-Skilling People\" \/>\n<meta property=\"article:publisher\" content=\"https:\/\/www.facebook.com\/techofpt\" \/>\n<meta property=\"article:published_time\" content=\"2026-04-30T11:22:21+00:00\" \/>\n<meta property=\"article:modified_time\" content=\"2026-04-30T11:22:22+00:00\" \/>\n<meta property=\"og:image\" content=\"https:\/\/www.techof.pt\/wp-content\/uploads\/2026\/04\/Lina-Rafael.jpg\" \/>\n\t<meta property=\"og:image:width\" content=\"1220\" \/>\n\t<meta property=\"og:image:height\" content=\"1201\" \/>\n\t<meta property=\"og:image:type\" content=\"image\/jpeg\" \/>\n<meta name=\"author\" content=\"Joana Rosa\" \/>\n<meta name=\"twitter:card\" content=\"summary_large_image\" \/>\n<meta name=\"twitter:creator\" content=\"@TechOf_\" \/>\n<meta name=\"twitter:site\" content=\"@TechOf_\" \/>\n<meta name=\"twitter:label1\" content=\"Written by\" \/>\n\t<meta name=\"twitter:data1\" content=\"Joana Rosa\" \/>\n\t<meta name=\"twitter:label2\" content=\"Estimated reading time\" \/>\n\t<meta name=\"twitter:data2\" content=\"7 minutes\" \/>\n<script type=\"application\/ld+json\" class=\"yoast-schema-graph\">{\"@context\":\"https:\\\/\\\/schema.org\",\"@graph\":[{\"@type\":\"Article\",\"@id\":\"https:\\\/\\\/www.techof.pt\\\/sabias-que-tambem-e-possivel-fazer-as-formacoes-da-techof-em-regime-remoto\\\/#article\",\"isPartOf\":{\"@id\":\"https:\\\/\\\/www.techof.pt\\\/sabias-que-tambem-e-possivel-fazer-as-formacoes-da-techof-em-regime-remoto\\\/\"},\"author\":{\"name\":\"Joana Rosa\",\"@id\":\"https:\\\/\\\/www.techof.pt\\\/en\\\/#\\\/schema\\\/person\\\/5b9be03e44b1a85d28753689cb4206a3\"},\"headline\":\"Sabias que tamb\u00e9m \u00e9 poss\u00edvel fazer as forma\u00e7\u00f5es da TechOf em regime remoto?\",\"datePublished\":\"2026-04-30T11:22:21+00:00\",\"dateModified\":\"2026-04-30T11:22:22+00:00\",\"mainEntityOfPage\":{\"@id\":\"https:\\\/\\\/www.techof.pt\\\/sabias-que-tambem-e-possivel-fazer-as-formacoes-da-techof-em-regime-remoto\\\/\"},\"wordCount\":1508,\"commentCount\":0,\"publisher\":{\"@id\":\"https:\\\/\\\/www.techof.pt\\\/en\\\/#organization\"},\"image\":{\"@id\":\"https:\\\/\\\/www.techof.pt\\\/sabias-que-tambem-e-possivel-fazer-as-formacoes-da-techof-em-regime-remoto\\\/#primaryimage\"},\"thumbnailUrl\":\"https:\\\/\\\/www.techof.pt\\\/wp-content\\\/uploads\\\/2026\\\/04\\\/Lina-Rafael-1024x1008.jpg\",\"keywords\":[\"an\u00e1lise de dados\",\"data analyst\",\"forma\u00e7\u00e3o\",\"regime remoto\",\"remoto\",\"reskilling\"],\"articleSection\":[\"Data Analysts\",\"Professional Development\"],\"inLanguage\":\"en-GB\",\"potentialAction\":[{\"@type\":\"CommentAction\",\"name\":\"Comment\",\"target\":[\"https:\\\/\\\/www.techof.pt\\\/sabias-que-tambem-e-possivel-fazer-as-formacoes-da-techof-em-regime-remoto\\\/#respond\"]}]},{\"@type\":\"WebPage\",\"@id\":\"https:\\\/\\\/www.techof.pt\\\/sabias-que-tambem-e-possivel-fazer-as-formacoes-da-techof-em-regime-remoto\\\/\",\"url\":\"https:\\\/\\\/www.techof.pt\\\/sabias-que-tambem-e-possivel-fazer-as-formacoes-da-techof-em-regime-remoto\\\/\",\"name\":\"Sabias que tamb\u00e9m \u00e9 poss\u00edvel fazer as forma\u00e7\u00f5es da TechOf em regime remoto? - TechOf - Re-Skilling People\",\"isPartOf\":{\"@id\":\"https:\\\/\\\/www.techof.pt\\\/en\\\/#website\"},\"primaryImageOfPage\":{\"@id\":\"https:\\\/\\\/www.techof.pt\\\/sabias-que-tambem-e-possivel-fazer-as-formacoes-da-techof-em-regime-remoto\\\/#primaryimage\"},\"image\":{\"@id\":\"https:\\\/\\\/www.techof.pt\\\/sabias-que-tambem-e-possivel-fazer-as-formacoes-da-techof-em-regime-remoto\\\/#primaryimage\"},\"thumbnailUrl\":\"https:\\\/\\\/www.techof.pt\\\/wp-content\\\/uploads\\\/2026\\\/04\\\/Lina-Rafael-1024x1008.jpg\",\"datePublished\":\"2026-04-30T11:22:21+00:00\",\"dateModified\":\"2026-04-30T11:22:22+00:00\",\"description\":\"Procuras forma\u00e7\u00e3o \u00e0 dist\u00e2ncia? Conhece a experi\u00eancia da Lina Rafael, que escolheu o regime remoto no curso de Data Analyst.\",\"breadcrumb\":{\"@id\":\"https:\\\/\\\/www.techof.pt\\\/sabias-que-tambem-e-possivel-fazer-as-formacoes-da-techof-em-regime-remoto\\\/#breadcrumb\"},\"inLanguage\":\"en-GB\",\"potentialAction\":[{\"@type\":\"ReadAction\",\"target\":[\"https:\\\/\\\/www.techof.pt\\\/sabias-que-tambem-e-possivel-fazer-as-formacoes-da-techof-em-regime-remoto\\\/\"]}]},{\"@type\":\"ImageObject\",\"inLanguage\":\"en-GB\",\"@id\":\"https:\\\/\\\/www.techof.pt\\\/sabias-que-tambem-e-possivel-fazer-as-formacoes-da-techof-em-regime-remoto\\\/#primaryimage\",\"url\":\"https:\\\/\\\/www.techof.pt\\\/wp-content\\\/uploads\\\/2026\\\/04\\\/Lina-Rafael-1024x1008.jpg\",\"contentUrl\":\"https:\\\/\\\/www.techof.pt\\\/wp-content\\\/uploads\\\/2026\\\/04\\\/Lina-Rafael-1024x1008.jpg\"},{\"@type\":\"BreadcrumbList\",\"@id\":\"https:\\\/\\\/www.techof.pt\\\/sabias-que-tambem-e-possivel-fazer-as-formacoes-da-techof-em-regime-remoto\\\/#breadcrumb\",\"itemListElement\":[{\"@type\":\"ListItem\",\"position\":1,\"name\":\"Home\",\"item\":\"https:\\\/\\\/www.techof.pt\\\/\"},{\"@type\":\"ListItem\",\"position\":2,\"name\":\"Sabias que tamb\u00e9m \u00e9 poss\u00edvel fazer as forma\u00e7\u00f5es da TechOf em regime remoto?\"}]},{\"@type\":\"WebSite\",\"@id\":\"https:\\\/\\\/www.techof.pt\\\/en\\\/#website\",\"url\":\"https:\\\/\\\/www.techof.pt\\\/en\\\/\",\"name\":\"TechOf - Re-Skilling People\",\"description\":\"The Fast Track to Tech\",\"publisher\":{\"@id\":\"https:\\\/\\\/www.techof.pt\\\/en\\\/#organization\"},\"potentialAction\":[{\"@type\":\"SearchAction\",\"target\":{\"@type\":\"EntryPoint\",\"urlTemplate\":\"https:\\\/\\\/www.techof.pt\\\/en\\\/?s={search_term_string}\"},\"query-input\":{\"@type\":\"PropertyValueSpecification\",\"valueRequired\":true,\"valueName\":\"search_term_string\"}}],\"inLanguage\":\"en-GB\"},{\"@type\":\"Organization\",\"@id\":\"https:\\\/\\\/www.techof.pt\\\/en\\\/#organization\",\"name\":\"TechOf\",\"url\":\"https:\\\/\\\/www.techof.pt\\\/en\\\/\",\"logo\":{\"@type\":\"ImageObject\",\"inLanguage\":\"en-GB\",\"@id\":\"https:\\\/\\\/www.techof.pt\\\/en\\\/#\\\/schema\\\/logo\\\/image\\\/\",\"url\":\"https:\\\/\\\/www.techof.pt\\\/wp-content\\\/uploads\\\/2022\\\/06\\\/Tech_Logo_RGB_PRINCIPAL_PRETO.png\",\"contentUrl\":\"https:\\\/\\\/www.techof.pt\\\/wp-content\\\/uploads\\\/2022\\\/06\\\/Tech_Logo_RGB_PRINCIPAL_PRETO.png\",\"width\":1419,\"height\":806,\"caption\":\"TechOf\"},\"image\":{\"@id\":\"https:\\\/\\\/www.techof.pt\\\/en\\\/#\\\/schema\\\/logo\\\/image\\\/\"},\"sameAs\":[\"https:\\\/\\\/www.facebook.com\\\/techofpt\",\"https:\\\/\\\/x.com\\\/TechOf_\",\"https:\\\/\\\/www.linkedin.com\\\/company\\\/techof-reskilling-people\",\"https:\\\/\\\/www.instagram.com\\\/techof_\",\"https:\\\/\\\/www.youtube.com\\\/channel\\\/UCJq1PGIWFyB_FD4N6D_hqGw\"]},{\"@type\":\"Person\",\"@id\":\"https:\\\/\\\/www.techof.pt\\\/en\\\/#\\\/schema\\\/person\\\/5b9be03e44b1a85d28753689cb4206a3\",\"name\":\"Joana Rosa\",\"image\":{\"@type\":\"ImageObject\",\"inLanguage\":\"en-GB\",\"@id\":\"https:\\\/\\\/secure.gravatar.com\\\/avatar\\\/c535bfa011648331f3052fbbb0ccb46e95d8470c31c8c88090d98e0ad83b09ee?s=96&d=mm&r=g\",\"url\":\"https:\\\/\\\/secure.gravatar.com\\\/avatar\\\/c535bfa011648331f3052fbbb0ccb46e95d8470c31c8c88090d98e0ad83b09ee?s=96&d=mm&r=g\",\"contentUrl\":\"https:\\\/\\\/secure.gravatar.com\\\/avatar\\\/c535bfa011648331f3052fbbb0ccb46e95d8470c31c8c88090d98e0ad83b09ee?s=96&d=mm&r=g\",\"caption\":\"Joana Rosa\"},\"url\":\"https:\\\/\\\/www.techof.pt\\\/en\\\/author\\\/joana-rosa\\\/\"}]}<\/script>\n<!-- \/ Yoast SEO Premium plugin. -->",
    "yoast_head_json": {
        "title": "Sabias que tamb\u00e9m \u00e9 poss\u00edvel fazer as forma\u00e7\u00f5es da TechOf em regime remoto? - TechOf - Re-Skilling People",
        "description": "Procuras forma\u00e7\u00e3o \u00e0 dist\u00e2ncia? Conhece a experi\u00eancia da Lina Rafael, que escolheu o regime remoto no curso de Data Analyst.",
        "robots": {
            "index": "index",
            "follow": "follow",
            "max-snippet": "max-snippet:-1",
            "max-image-preview": "max-image-preview:large",
            "max-video-preview": "max-video-preview:-1"
        },
        "canonical": "https:\/\/www.techof.pt\/en\/sabias-que-tambem-e-possivel-fazer-as-formacoes-da-techof-em-regime-remoto\/",
        "og_locale": "en_GB",
        "og_type": "article",
        "og_title": "Sabias que tamb\u00e9m \u00e9 poss\u00edvel fazer as forma\u00e7\u00f5es da TechOf em regime remoto?",
        "og_description": "Procuras forma\u00e7\u00e3o \u00e0 dist\u00e2ncia? Conhece a experi\u00eancia da Lina Rafael, que escolheu o regime remoto no curso de Data Analyst.",
        "og_url": "https:\/\/www.techof.pt\/en\/sabias-que-tambem-e-possivel-fazer-as-formacoes-da-techof-em-regime-remoto\/",
        "og_site_name": "TechOf - Re-Skilling People",
        "article_publisher": "https:\/\/www.facebook.com\/techofpt",
        "article_published_time": "2026-04-30T11:22:21+00:00",
        "article_modified_time": "2026-04-30T11:22:22+00:00",
        "og_image": [
            {
                "width": 1220,
                "height": 1201,
                "url": "https:\/\/www.techof.pt\/wp-content\/uploads\/2026\/04\/Lina-Rafael.jpg",
                "type": "image\/jpeg"
            }
        ],
        "author": "Joana Rosa",
        "twitter_card": "summary_large_image",
        "twitter_creator": "@TechOf_",
        "twitter_site": "@TechOf_",
        "twitter_misc": {
            "Written by": "Joana Rosa",
            "Estimated reading time": "7 minutes"
        },
        "schema": {
            "@context": "https:\/\/schema.org",
            "@graph": [
                {
                    "@type": "Article",
                    "@id": "https:\/\/www.techof.pt\/sabias-que-tambem-e-possivel-fazer-as-formacoes-da-techof-em-regime-remoto\/#article",
                    "isPartOf": {
                        "@id": "https:\/\/www.techof.pt\/sabias-que-tambem-e-possivel-fazer-as-formacoes-da-techof-em-regime-remoto\/"
                    },
                    "author": {
                        "name": "Joana Rosa",
                        "@id": "https:\/\/www.techof.pt\/en\/#\/schema\/person\/5b9be03e44b1a85d28753689cb4206a3"
                    },
                    "headline": "Sabias que tamb\u00e9m \u00e9 poss\u00edvel fazer as forma\u00e7\u00f5es da TechOf em regime remoto?",
                    "datePublished": "2026-04-30T11:22:21+00:00",
                    "dateModified": "2026-04-30T11:22:22+00:00",
                    "mainEntityOfPage": {
                        "@id": "https:\/\/www.techof.pt\/sabias-que-tambem-e-possivel-fazer-as-formacoes-da-techof-em-regime-remoto\/"
                    },
                    "wordCount": 1508,
                    "commentCount": 0,
                    "publisher": {
                        "@id": "https:\/\/www.techof.pt\/en\/#organization"
                    },
                    "image": {
                        "@id": "https:\/\/www.techof.pt\/sabias-que-tambem-e-possivel-fazer-as-formacoes-da-techof-em-regime-remoto\/#primaryimage"
                    },
                    "thumbnailUrl": "https:\/\/www.techof.pt\/wp-content\/uploads\/2026\/04\/Lina-Rafael-1024x1008.jpg",
                    "keywords": [
                        "an\u00e1lise de dados",
                        "data analyst",
                        "forma\u00e7\u00e3o",
                        "regime remoto",
                        "remoto",
                        "reskilling"
                    ],
                    "articleSection": [
                        "Data Analysts",
                        "Professional Development"
                    ],
                    "inLanguage": "en-GB",
                    "potentialAction": [
                        {
                            "@type": "CommentAction",
                            "name": "Comment",
                            "target": [
                                "https:\/\/www.techof.pt\/sabias-que-tambem-e-possivel-fazer-as-formacoes-da-techof-em-regime-remoto\/#respond"
                            ]
                        }
                    ]
                },
                {
                    "@type": "WebPage",
                    "@id": "https:\/\/www.techof.pt\/sabias-que-tambem-e-possivel-fazer-as-formacoes-da-techof-em-regime-remoto\/",
                    "url": "https:\/\/www.techof.pt\/sabias-que-tambem-e-possivel-fazer-as-formacoes-da-techof-em-regime-remoto\/",
                    "name": "Sabias que tamb\u00e9m \u00e9 poss\u00edvel fazer as forma\u00e7\u00f5es da TechOf em regime remoto? - TechOf - Re-Skilling People",
                    "isPartOf": {
                        "@id": "https:\/\/www.techof.pt\/en\/#website"
                    },
                    "primaryImageOfPage": {
                        "@id": "https:\/\/www.techof.pt\/sabias-que-tambem-e-possivel-fazer-as-formacoes-da-techof-em-regime-remoto\/#primaryimage"
                    },
                    "image": {
                        "@id": "https:\/\/www.techof.pt\/sabias-que-tambem-e-possivel-fazer-as-formacoes-da-techof-em-regime-remoto\/#primaryimage"
                    },
                    "thumbnailUrl": "https:\/\/www.techof.pt\/wp-content\/uploads\/2026\/04\/Lina-Rafael-1024x1008.jpg",
                    "datePublished": "2026-04-30T11:22:21+00:00",
                    "dateModified": "2026-04-30T11:22:22+00:00",
                    "description": "Procuras forma\u00e7\u00e3o \u00e0 dist\u00e2ncia? Conhece a experi\u00eancia da Lina Rafael, que escolheu o regime remoto no curso de Data Analyst.",
                    "breadcrumb": {
                        "@id": "https:\/\/www.techof.pt\/sabias-que-tambem-e-possivel-fazer-as-formacoes-da-techof-em-regime-remoto\/#breadcrumb"
                    },
                    "inLanguage": "en-GB",
                    "potentialAction": [
                        {
                            "@type": "ReadAction",
                            "target": [
                                "https:\/\/www.techof.pt\/sabias-que-tambem-e-possivel-fazer-as-formacoes-da-techof-em-regime-remoto\/"
                            ]
                        }
                    ]
                },
                {
                    "@type": "ImageObject",
                    "inLanguage": "en-GB",
                    "@id": "https:\/\/www.techof.pt\/sabias-que-tambem-e-possivel-fazer-as-formacoes-da-techof-em-regime-remoto\/#primaryimage",
                    "url": "https:\/\/www.techof.pt\/wp-content\/uploads\/2026\/04\/Lina-Rafael-1024x1008.jpg",
                    "contentUrl": "https:\/\/www.techof.pt\/wp-content\/uploads\/2026\/04\/Lina-Rafael-1024x1008.jpg"
                },
                {
                    "@type": "BreadcrumbList",
                    "@id": "https:\/\/www.techof.pt\/sabias-que-tambem-e-possivel-fazer-as-formacoes-da-techof-em-regime-remoto\/#breadcrumb",
                    "itemListElement": [
                        {
                            "@type": "ListItem",
                            "position": 1,
                            "name": "Home",
                            "item": "https:\/\/www.techof.pt\/"
                        },
                        {
                            "@type": "ListItem",
                            "position": 2,
                            "name": "Sabias que tamb\u00e9m \u00e9 poss\u00edvel fazer as forma\u00e7\u00f5es da TechOf em regime remoto?"
                        }
                    ]
                },
                {
                    "@type": "WebSite",
                    "@id": "https:\/\/www.techof.pt\/en\/#website",
                    "url": "https:\/\/www.techof.pt\/en\/",
                    "name": "TechOf - Re-Skilling People",
                    "description": "The Fast Track to Tech",
                    "publisher": {
                        "@id": "https:\/\/www.techof.pt\/en\/#organization"
                    },
                    "potentialAction": [
                        {
                            "@type": "SearchAction",
                            "target": {
                                "@type": "EntryPoint",
                                "urlTemplate": "https:\/\/www.techof.pt\/en\/?s={search_term_string}"
                            },
                            "query-input": {
                                "@type": "PropertyValueSpecification",
                                "valueRequired": true,
                                "valueName": "search_term_string"
                            }
                        }
                    ],
                    "inLanguage": "en-GB"
                },
                {
                    "@type": "Organization",
                    "@id": "https:\/\/www.techof.pt\/en\/#organization",
                    "name": "TechOf",
                    "url": "https:\/\/www.techof.pt\/en\/",
                    "logo": {
                        "@type": "ImageObject",
                        "inLanguage": "en-GB",
                        "@id": "https:\/\/www.techof.pt\/en\/#\/schema\/logo\/image\/",
                        "url": "https:\/\/www.techof.pt\/wp-content\/uploads\/2022\/06\/Tech_Logo_RGB_PRINCIPAL_PRETO.png",
                        "contentUrl": "https:\/\/www.techof.pt\/wp-content\/uploads\/2022\/06\/Tech_Logo_RGB_PRINCIPAL_PRETO.png",
                        "width": 1419,
                        "height": 806,
                        "caption": "TechOf"
                    },
                    "image": {
                        "@id": "https:\/\/www.techof.pt\/en\/#\/schema\/logo\/image\/"
                    },
                    "sameAs": [
                        "https:\/\/www.facebook.com\/techofpt",
                        "https:\/\/x.com\/TechOf_",
                        "https:\/\/www.linkedin.com\/company\/techof-reskilling-people",
                        "https:\/\/www.instagram.com\/techof_",
                        "https:\/\/www.youtube.com\/channel\/UCJq1PGIWFyB_FD4N6D_hqGw"
                    ]
                },
                {
                    "@type": "Person",
                    "@id": "https:\/\/www.techof.pt\/en\/#\/schema\/person\/5b9be03e44b1a85d28753689cb4206a3",
                    "name": "Joana Rosa",
                    "image": {
                        "@type": "ImageObject",
                        "inLanguage": "en-GB",
                        "@id": "https:\/\/secure.gravatar.com\/avatar\/c535bfa011648331f3052fbbb0ccb46e95d8470c31c8c88090d98e0ad83b09ee?s=96&d=mm&r=g",
                        "url": "https:\/\/secure.gravatar.com\/avatar\/c535bfa011648331f3052fbbb0ccb46e95d8470c31c8c88090d98e0ad83b09ee?s=96&d=mm&r=g",
                        "contentUrl": "https:\/\/secure.gravatar.com\/avatar\/c535bfa011648331f3052fbbb0ccb46e95d8470c31c8c88090d98e0ad83b09ee?s=96&d=mm&r=g",
                        "caption": "Joana Rosa"
                    },
                    "url": "https:\/\/www.techof.pt\/en\/author\/joana-rosa\/"
                }
            ]
        }
    },
    "_links": {
        "self": [
            {
                "href": "https:\/\/www.techof.pt\/en\/wp-json\/wp\/v2\/posts\/7848",
                "targetHints": {
                    "allow": [
                        "GET"
                    ]
                }
            }
        ],
        "collection": [
            {
                "href": "https:\/\/www.techof.pt\/en\/wp-json\/wp\/v2\/posts"
            }
        ],
        "about": [
            {
                "href": "https:\/\/www.techof.pt\/en\/wp-json\/wp\/v2\/types\/post"
            }
        ],
        "author": [
            {
                "embeddable": true,
                "href": "https:\/\/www.techof.pt\/en\/wp-json\/wp\/v2\/users\/5"
            }
        ],
        "replies": [
            {
                "embeddable": true,
                "href": "https:\/\/www.techof.pt\/en\/wp-json\/wp\/v2\/comments?post=7848"
            }
        ],
        "version-history": [
            {
                "count": 4,
                "href": "https:\/\/www.techof.pt\/en\/wp-json\/wp\/v2\/posts\/7848\/revisions"
            }
        ],
        "predecessor-version": [
            {
                "id": 7853,
                "href": "https:\/\/www.techof.pt\/en\/wp-json\/wp\/v2\/posts\/7848\/revisions\/7853"
            }
        ],
        "wp:attachment": [
            {
                "href": "https:\/\/www.techof.pt\/en\/wp-json\/wp\/v2\/media?parent=7848"
            }
        ],
        "wp:term": [
            {
                "taxonomy": "category",
                "embeddable": true,
                "href": "https:\/\/www.techof.pt\/en\/wp-json\/wp\/v2\/categories?post=7848"
            },
            {
                "taxonomy": "post_tag",
                "embeddable": true,
                "href": "https:\/\/www.techof.pt\/en\/wp-json\/wp\/v2\/tags?post=7848"
            }
        ],
        "curies": [
            {
                "name": "wp",
                "href": "https:\/\/api.w.org\/{rel}",
                "templated": true
            }
        ]
    }
}