{
    "id": 6087,
    "date": "2025-09-22T10:15:00",
    "date_gmt": "2025-09-22T09:15:00",
    "guid": {
        "rendered": "https:\/\/www.techof.pt\/?p=6087"
    },
    "modified": "2025-10-15T19:04:08",
    "modified_gmt": "2025-10-15T18:04:08",
    "slug": "como-mudar-de-area-profissional-de-turismo-para-full-stack-developer",
    "status": "publish",
    "type": "post",
    "link": "https:\/\/www.techof.pt\/en\/como-mudar-de-area-profissional-de-turismo-para-full-stack-developer\/",
    "title": {
        "rendered": "Como mudar de \u00e1rea profissional: de Gest\u00e3o de Lazer e Anima\u00e7\u00e3o Tur\u00edstica para Full-Stack Developer"
    },
    "content": {
        "rendered": "<div data-elementor-type=\"wp-post\" data-elementor-id=\"6087\" class=\"elementor elementor-6087\" data-elementor-post-type=\"post\">\n\t\t\t\t\t\t<section class=\"elementor-section elementor-top-section elementor-element elementor-element-7428f998 elementor-section-boxed elementor-section-height-default elementor-section-height-default\" data-id=\"7428f998\" data-element_type=\"section\" data-e-type=\"section\">\n\t\t\t\t\t\t<div class=\"elementor-container elementor-column-gap-default\">\n\t\t\t\t\t<div class=\"elementor-column elementor-col-100 elementor-top-column elementor-element elementor-element-9e5d58d\" data-id=\"9e5d58d\" data-element_type=\"column\" data-e-type=\"column\">\n\t\t\t<div class=\"elementor-widget-wrap elementor-element-populated\">\n\t\t\t\t\t\t<div class=\"elementor-element elementor-element-4e1381b9 elementor-widget elementor-widget-text-editor\" data-id=\"4e1381b9\" data-element_type=\"widget\" data-e-type=\"widget\" data-widget_type=\"text-editor.default\">\n\t\t\t\t<div class=\"elementor-widget-container\">\n\t\t\t\t\t\t\t\t\t\n<p>Escolher um caminho profissional nem sempre \u00e9 linear, e muitas vezes o percurso acad\u00e9mico inicial n\u00e3o corresponde \u00e0 verdadeira voca\u00e7\u00e3o. Foi exatamente isso que aconteceu com Pedro Cardoso: depois de ingressar no curso de Gest\u00e3o de Lazer e Anima\u00e7\u00e3o Tur\u00edstica, percebeu que n\u00e3o era essa a \u00e1rea onde se via a construir o seu futuro. Movido pela curiosidade e pelo gosto antigo pela tecnologia, decidiu arriscar e direcionar os seus estudos para o curso <a href=\"https:\/\/www.techof.pt\/pt\/full-stack-developer\/\" target=\"_blank\" rel=\"noopener\">Full-Stack Developer<\/a> na TechOf.<\/p>\n\n<p>Neste artigo partilhamos o testemunho do Pedro, que conta como descobriu a programa\u00e7\u00e3o e quais os desafios que enfrentou ao longo do curso de Full-Stack Developer.<\/p>\n\n<figure class=\"wp-block-image aligncenter size-full is-resized\"><img fetchpriority=\"high\" decoding=\"async\" width=\"934\" height=\"929\" class=\"wp-image-6093\" style=\"width: 364px; height: auto;\" src=\"https:\/\/www.techof.pt\/wp-content\/uploads\/2025\/09\/Imagem-WhatsApp-2025-09-19-as-14.03.34_0ed7d3bf-4.jpg\" alt=\"\" srcset=\"https:\/\/www.techof.pt\/wp-content\/uploads\/2025\/09\/Imagem-WhatsApp-2025-09-19-as-14.03.34_0ed7d3bf-4.jpg 934w, https:\/\/www.techof.pt\/wp-content\/uploads\/2025\/09\/Imagem-WhatsApp-2025-09-19-as-14.03.34_0ed7d3bf-4-300x298.jpg 300w, https:\/\/www.techof.pt\/wp-content\/uploads\/2025\/09\/Imagem-WhatsApp-2025-09-19-as-14.03.34_0ed7d3bf-4-150x150.jpg 150w, https:\/\/www.techof.pt\/wp-content\/uploads\/2025\/09\/Imagem-WhatsApp-2025-09-19-as-14.03.34_0ed7d3bf-4-768x764.jpg 768w, https:\/\/www.techof.pt\/wp-content\/uploads\/2025\/09\/Imagem-WhatsApp-2025-09-19-as-14.03.34_0ed7d3bf-4-12x12.jpg 12w\" sizes=\"(max-width: 934px) 100vw, 934px\" \/>\n<figcaption class=\"wp-element-caption\">Pedro Cardoso<\/figcaption>\n<\/figure>\n\n<p>\u00a0<\/p>\n\n<h3 id=\"h-o-que-te-levou-a-escolher-o-curso-de-full-stack-developer\" class=\"wp-block-heading\"><strong><u><mark class=\"has-inline-color has-vivid-purple-color\" style=\"background-color: rgba(0, 0, 0, 0);\">O que te levou a escolher o curso de Full-Stack Developer?<\/mark><\/u><\/strong><\/h3>\n\n<p>Desde pequeno que tenho interesse em programa\u00e7\u00e3o. Comecei a explorar essa \u00e1rea por volta dos 8 ou 9 anos. O que inicialmente me afastou foi a matem\u00e1tica. No secund\u00e1rio, quando chegou o momento de escolher o curso cient\u00edfico-human\u00edstico, acabei por optar por L\u00ednguas e Humanidades, por ter sentido a press\u00e3o de seguir para uma licenciatura tradicional.<\/p>\n\n<p>Entrei na Faculdade do Estoril, na Escola de Hotelaria e Turismo, e estive l\u00e1 cerca de um ano e meio no curso de Gest\u00e3o de Lazer e Anima\u00e7\u00e3o Tur\u00edstica. Mas percebi que n\u00e3o era isso que queria para a minha vida. Foi ent\u00e3o que comecei a procurar alternativas e encontrei a TechOf, que me pareceu a escola certa pela forma como se preocupava com os alunos.<\/p>\n\n<p>A escolha pelo curso Full-Stack Developer surgiu porque sempre gostei de programa\u00e7\u00e3o, especialmente de aplica\u00e7\u00f5es e websites. J\u00e1 tinha tido algum contacto em 2021, numa empresa, atrav\u00e9s do WordPress.<\/p>\n\n<h3 id=\"h-como-descreves-a-tua-experiencia-durante-o-curso\" class=\"wp-block-heading\"><strong><u><mark class=\"has-inline-color has-vivid-purple-color\" style=\"background-color: rgba(0, 0, 0, 0);\">Como descreves a tua experi\u00eancia durante o curso?<\/mark><\/u><\/strong><\/h3>\n\n<p>O curso de Full-Stack Developer durou nove meses e tivemos tr\u00eas projetos principais. Para mim, o mais importante foi a pr\u00e1tica, porque ajuda a consolidar o que vamos aprendendo. O in\u00edcio foi desafiante, especialmente com JavaScript, que foi o meu primeiro contacto real com programa\u00e7\u00e3o. Achei intenso no come\u00e7o, mas depois do primeiro projeto tudo se tornou mais natural e motivador.<\/p>\n\n<h3 id=\"h-que-tipo-de-projetos-desenvolveste\" class=\"wp-block-heading\"><strong><u><mark class=\"has-inline-color has-vivid-purple-color\" style=\"background-color: rgba(0, 0, 0, 0);\">Que tipo de projetos desenvolveste?<\/mark><\/u><\/strong><\/h3>\n\n<p>Um dos principais foi a cria\u00e7\u00e3o de um marketplace de NFTs. Consegui aplicar os conhecimentos adquiridos no curso e at\u00e9 criei uma moeda virtual pr\u00f3pria, com toda a parte de seguran\u00e7a do website.<\/p>\n\n<p>No final, senti que j\u00e1 tinha uma base s\u00f3lida e confian\u00e7a para come\u00e7ar a entrar no mercado de trabalho.<\/p>\n\n<h3 id=\"h-o-que-mais-valorizaste-na-experiencia-com-a-techof\" class=\"wp-block-heading\"><strong><u><mark class=\"has-inline-color has-vivid-purple-color\" style=\"background-color: rgba(0, 0, 0, 0);\">O que mais valorizaste na experi\u00eancia com a TechOf?<\/mark><\/u><\/strong><\/h3>\n\n<p>O que mais gostei foi a flexibilidade. A TechOf oferece a possibilidade de ter aulas online ou em regime h\u00edbrido, o que facilita bastante para quem, como eu, vive longe. Sou de Cascais e deslocar-me diariamente seria complicado, por isso o formato flex\u00edvel fez toda a diferen\u00e7a.<\/p>\n\n<h5 id=\"h-se-ambicionas-construir-uma-carreira-em-tecnologia-e-frequentar-o-curso-de-full-stack-developer-historias-como-a-do-pedro-podem-ser-o-impulso-certo-para-te-inspirares-e-dares-inicio-ao-teu-percurso-a-mudanca-de-area-pode-parecer-arriscada-mas-com-dedicacao-pratica-e-o-apoio-certo-e-possivel-transformar-um-sonho-numa-profissao-de-futuro\" class=\"wp-block-heading\"><strong>Se ambicionas construir uma carreira em tecnologia e frequentar o curso de Full-Stack Developer, hist\u00f3rias como a do Pedro podem ser o impulso certo para te inspirares e dares in\u00edcio ao teu percurso. <\/strong><\/h5>\n<h5 class=\"wp-block-heading\"><strong>A mudan\u00e7a de \u00e1rea pode parecer arriscada, mas com dedica\u00e7\u00e3o, pr\u00e1tica e o apoio certo \u00e9 poss\u00edvel transformar um sonho numa profiss\u00e3o de futuro.<\/strong><\/h5>\n\t\t\t\t\t\t\t\t<\/div>\n\t\t\t\t<\/div>\n\t\t\t\t\t<\/div>\n\t\t<\/div>\n\t\t\t\t\t<\/div>\n\t\t<\/section>\n\t\t\t\t<\/div>",
        "protected": false
    },
    "excerpt": {
        "rendered": "<p>Escolher um caminho profissional nem sempre \u00e9 linear, e muitas vezes o percurso acad\u00e9mico inicial n\u00e3o corresponde \u00e0 verdadeira voca\u00e7\u00e3o. Foi exatamente isso que aconteceu com Pedro Cardoso: depois de ingressar no curso de Gest\u00e3o de Lazer e Anima\u00e7\u00e3o Tur\u00edstica, percebeu que n\u00e3o era essa a \u00e1rea onde se via a construir o seu futuro. [&hellip;]<\/p>",
        "protected": false
    },
    "author": 5,
    "featured_media": 0,
    "comment_status": "open",
    "ping_status": "open",
    "sticky": false,
    "template": "",
    "format": "standard",
    "meta": {
        "inline_featured_image": false,
        "footnotes": ""
    },
    "categories": [
        154,
        12
    ],
    "tags": [
        205,
        204,
        165,
        148,
        193
    ],
    "class_list": [
        "post-6087",
        "post",
        "type-post",
        "status-publish",
        "format-standard",
        "hentry",
        "category-full-stack-developers",
        "category-personal-development",
        "tag-curso-de-full-stack-developer-2",
        "tag-programacao",
        "tag-requalificacao",
        "tag-techof",
        "tag-wawiwa"
    ],
    "yoast_head": "<!-- This site is optimized with the Yoast SEO Premium plugin v27.4 (Yoast SEO v27.5) - https:\/\/yoast.com\/product\/yoast-seo-premium-wordpress\/ -->\n<title>Como mudar de \u00e1rea profissional: de Gest\u00e3o de Lazer e Anima\u00e7\u00e3o Tur\u00edstica para Full-Stack Developer - TechOf - Re-Skilling People<\/title>\n<meta name=\"description\" content=\"Pedro Cardoso trocou os estudos em Turismo para o curso de Full-Stack Developer na TechOf. Conhece o percurso de requalifica\u00e7\u00e3o em programa\u00e7\u00e3o.\" \/>\n<meta name=\"robots\" content=\"index, follow, max-snippet:-1, max-image-preview:large, max-video-preview:-1\" \/>\n<link rel=\"canonical\" href=\"https:\/\/www.techof.pt\/en\/como-mudar-de-area-profissional-de-turismo-para-full-stack-developer\/\" \/>\n<meta property=\"og:locale\" content=\"en_GB\" \/>\n<meta property=\"og:type\" content=\"article\" \/>\n<meta property=\"og:title\" content=\"Como mudar de \u00e1rea profissional: de Gest\u00e3o de Lazer e Anima\u00e7\u00e3o Tur\u00edstica para Full-Stack Developer\" \/>\n<meta property=\"og:description\" content=\"Pedro Cardoso trocou os estudos em Turismo para o curso de Full-Stack Developer na TechOf. Conhece o percurso de requalifica\u00e7\u00e3o em programa\u00e7\u00e3o.\" \/>\n<meta property=\"og:url\" content=\"https:\/\/www.techof.pt\/en\/como-mudar-de-area-profissional-de-turismo-para-full-stack-developer\/\" \/>\n<meta property=\"og:site_name\" content=\"TechOf - Re-Skilling People\" \/>\n<meta property=\"article:publisher\" content=\"https:\/\/www.facebook.com\/techofpt\" \/>\n<meta property=\"article:published_time\" content=\"2025-09-22T09:15:00+00:00\" \/>\n<meta property=\"article:modified_time\" content=\"2025-10-15T18:04:08+00:00\" \/>\n<meta property=\"og:image\" content=\"https:\/\/www.techof.pt\/wp-content\/uploads\/2025\/09\/Imagem-WhatsApp-2025-09-19-as-14.03.34_0ed7d3bf-4.jpg\" \/>\n\t<meta property=\"og:image:width\" content=\"934\" \/>\n\t<meta property=\"og:image:height\" content=\"929\" \/>\n\t<meta property=\"og:image:type\" content=\"image\/jpeg\" \/>\n<meta name=\"author\" content=\"Joana Rosa\" \/>\n<meta name=\"twitter:card\" content=\"summary_large_image\" \/>\n<meta name=\"twitter:creator\" content=\"@TechOf_\" \/>\n<meta name=\"twitter:site\" content=\"@TechOf_\" \/>\n<meta name=\"twitter:label1\" content=\"Written by\" \/>\n\t<meta name=\"twitter:data1\" content=\"Joana Rosa\" \/>\n\t<meta name=\"twitter:label2\" content=\"Estimated reading time\" \/>\n\t<meta name=\"twitter:data2\" content=\"3 minutes\" \/>\n<script type=\"application\/ld+json\" class=\"yoast-schema-graph\">{\"@context\":\"https:\\\/\\\/schema.org\",\"@graph\":[{\"@type\":\"Article\",\"@id\":\"https:\\\/\\\/www.techof.pt\\\/como-mudar-de-area-profissional-de-turismo-para-full-stack-developer\\\/#article\",\"isPartOf\":{\"@id\":\"https:\\\/\\\/www.techof.pt\\\/como-mudar-de-area-profissional-de-turismo-para-full-stack-developer\\\/\"},\"author\":{\"name\":\"Joana Rosa\",\"@id\":\"https:\\\/\\\/www.techof.pt\\\/en\\\/#\\\/schema\\\/person\\\/5b9be03e44b1a85d28753689cb4206a3\"},\"headline\":\"Como mudar de \u00e1rea profissional: de Gest\u00e3o de Lazer e Anima\u00e7\u00e3o Tur\u00edstica para Full-Stack Developer\",\"datePublished\":\"2025-09-22T09:15:00+00:00\",\"dateModified\":\"2025-10-15T18:04:08+00:00\",\"mainEntityOfPage\":{\"@id\":\"https:\\\/\\\/www.techof.pt\\\/como-mudar-de-area-profissional-de-turismo-para-full-stack-developer\\\/\"},\"wordCount\":565,\"commentCount\":0,\"publisher\":{\"@id\":\"https:\\\/\\\/www.techof.pt\\\/en\\\/#organization\"},\"image\":{\"@id\":\"https:\\\/\\\/www.techof.pt\\\/como-mudar-de-area-profissional-de-turismo-para-full-stack-developer\\\/#primaryimage\"},\"thumbnailUrl\":\"https:\\\/\\\/www.techof.pt\\\/wp-content\\\/uploads\\\/2025\\\/09\\\/Imagem-WhatsApp-2025-09-19-as-14.03.34_0ed7d3bf-4.jpg\",\"keywords\":[\"curso de full stack developer\",\"programa\u00e7\u00e3o\",\"requalifica\u00e7\u00e3o\",\"TechOf\",\"Wawiwa\"],\"articleSection\":[\"Full-Stack Developers\",\"Personal Development\"],\"inLanguage\":\"en-GB\",\"potentialAction\":[{\"@type\":\"CommentAction\",\"name\":\"Comment\",\"target\":[\"https:\\\/\\\/www.techof.pt\\\/como-mudar-de-area-profissional-de-turismo-para-full-stack-developer\\\/#respond\"]}]},{\"@type\":\"WebPage\",\"@id\":\"https:\\\/\\\/www.techof.pt\\\/como-mudar-de-area-profissional-de-turismo-para-full-stack-developer\\\/\",\"url\":\"https:\\\/\\\/www.techof.pt\\\/como-mudar-de-area-profissional-de-turismo-para-full-stack-developer\\\/\",\"name\":\"Como mudar de \u00e1rea profissional: de Gest\u00e3o de Lazer e Anima\u00e7\u00e3o Tur\u00edstica para Full-Stack Developer - TechOf - Re-Skilling People\",\"isPartOf\":{\"@id\":\"https:\\\/\\\/www.techof.pt\\\/en\\\/#website\"},\"primaryImageOfPage\":{\"@id\":\"https:\\\/\\\/www.techof.pt\\\/como-mudar-de-area-profissional-de-turismo-para-full-stack-developer\\\/#primaryimage\"},\"image\":{\"@id\":\"https:\\\/\\\/www.techof.pt\\\/como-mudar-de-area-profissional-de-turismo-para-full-stack-developer\\\/#primaryimage\"},\"thumbnailUrl\":\"https:\\\/\\\/www.techof.pt\\\/wp-content\\\/uploads\\\/2025\\\/09\\\/Imagem-WhatsApp-2025-09-19-as-14.03.34_0ed7d3bf-4.jpg\",\"datePublished\":\"2025-09-22T09:15:00+00:00\",\"dateModified\":\"2025-10-15T18:04:08+00:00\",\"description\":\"Pedro Cardoso trocou os estudos em Turismo para o curso de Full-Stack Developer na TechOf. Conhece o percurso de requalifica\u00e7\u00e3o em programa\u00e7\u00e3o.\",\"breadcrumb\":{\"@id\":\"https:\\\/\\\/www.techof.pt\\\/como-mudar-de-area-profissional-de-turismo-para-full-stack-developer\\\/#breadcrumb\"},\"inLanguage\":\"en-GB\",\"potentialAction\":[{\"@type\":\"ReadAction\",\"target\":[\"https:\\\/\\\/www.techof.pt\\\/como-mudar-de-area-profissional-de-turismo-para-full-stack-developer\\\/\"]}]},{\"@type\":\"ImageObject\",\"inLanguage\":\"en-GB\",\"@id\":\"https:\\\/\\\/www.techof.pt\\\/como-mudar-de-area-profissional-de-turismo-para-full-stack-developer\\\/#primaryimage\",\"url\":\"https:\\\/\\\/www.techof.pt\\\/wp-content\\\/uploads\\\/2025\\\/09\\\/Imagem-WhatsApp-2025-09-19-as-14.03.34_0ed7d3bf-4.jpg\",\"contentUrl\":\"https:\\\/\\\/www.techof.pt\\\/wp-content\\\/uploads\\\/2025\\\/09\\\/Imagem-WhatsApp-2025-09-19-as-14.03.34_0ed7d3bf-4.jpg\"},{\"@type\":\"BreadcrumbList\",\"@id\":\"https:\\\/\\\/www.techof.pt\\\/como-mudar-de-area-profissional-de-turismo-para-full-stack-developer\\\/#breadcrumb\",\"itemListElement\":[{\"@type\":\"ListItem\",\"position\":1,\"name\":\"Home\",\"item\":\"https:\\\/\\\/www.techof.pt\\\/\"},{\"@type\":\"ListItem\",\"position\":2,\"name\":\"Como mudar de \u00e1rea profissional: de Gest\u00e3o de Lazer e Anima\u00e7\u00e3o Tur\u00edstica para Full-Stack Developer\"}]},{\"@type\":\"WebSite\",\"@id\":\"https:\\\/\\\/www.techof.pt\\\/en\\\/#website\",\"url\":\"https:\\\/\\\/www.techof.pt\\\/en\\\/\",\"name\":\"TechOf - Re-Skilling People\",\"description\":\"The Fast Track to Tech\",\"publisher\":{\"@id\":\"https:\\\/\\\/www.techof.pt\\\/en\\\/#organization\"},\"potentialAction\":[{\"@type\":\"SearchAction\",\"target\":{\"@type\":\"EntryPoint\",\"urlTemplate\":\"https:\\\/\\\/www.techof.pt\\\/en\\\/?s={search_term_string}\"},\"query-input\":{\"@type\":\"PropertyValueSpecification\",\"valueRequired\":true,\"valueName\":\"search_term_string\"}}],\"inLanguage\":\"en-GB\"},{\"@type\":\"Organization\",\"@id\":\"https:\\\/\\\/www.techof.pt\\\/en\\\/#organization\",\"name\":\"TechOf\",\"url\":\"https:\\\/\\\/www.techof.pt\\\/en\\\/\",\"logo\":{\"@type\":\"ImageObject\",\"inLanguage\":\"en-GB\",\"@id\":\"https:\\\/\\\/www.techof.pt\\\/en\\\/#\\\/schema\\\/logo\\\/image\\\/\",\"url\":\"https:\\\/\\\/www.techof.pt\\\/wp-content\\\/uploads\\\/2022\\\/06\\\/Tech_Logo_RGB_PRINCIPAL_PRETO.png\",\"contentUrl\":\"https:\\\/\\\/www.techof.pt\\\/wp-content\\\/uploads\\\/2022\\\/06\\\/Tech_Logo_RGB_PRINCIPAL_PRETO.png\",\"width\":1419,\"height\":806,\"caption\":\"TechOf\"},\"image\":{\"@id\":\"https:\\\/\\\/www.techof.pt\\\/en\\\/#\\\/schema\\\/logo\\\/image\\\/\"},\"sameAs\":[\"https:\\\/\\\/www.facebook.com\\\/techofpt\",\"https:\\\/\\\/x.com\\\/TechOf_\",\"https:\\\/\\\/www.linkedin.com\\\/company\\\/techof-reskilling-people\",\"https:\\\/\\\/www.instagram.com\\\/techof_\",\"https:\\\/\\\/www.youtube.com\\\/channel\\\/UCJq1PGIWFyB_FD4N6D_hqGw\"]},{\"@type\":\"Person\",\"@id\":\"https:\\\/\\\/www.techof.pt\\\/en\\\/#\\\/schema\\\/person\\\/5b9be03e44b1a85d28753689cb4206a3\",\"name\":\"Joana Rosa\",\"image\":{\"@type\":\"ImageObject\",\"inLanguage\":\"en-GB\",\"@id\":\"https:\\\/\\\/secure.gravatar.com\\\/avatar\\\/c535bfa011648331f3052fbbb0ccb46e95d8470c31c8c88090d98e0ad83b09ee?s=96&d=mm&r=g\",\"url\":\"https:\\\/\\\/secure.gravatar.com\\\/avatar\\\/c535bfa011648331f3052fbbb0ccb46e95d8470c31c8c88090d98e0ad83b09ee?s=96&d=mm&r=g\",\"contentUrl\":\"https:\\\/\\\/secure.gravatar.com\\\/avatar\\\/c535bfa011648331f3052fbbb0ccb46e95d8470c31c8c88090d98e0ad83b09ee?s=96&d=mm&r=g\",\"caption\":\"Joana Rosa\"},\"url\":\"https:\\\/\\\/www.techof.pt\\\/en\\\/author\\\/joana-rosa\\\/\"}]}<\/script>\n<!-- \/ Yoast SEO Premium plugin. -->",
    "yoast_head_json": {
        "title": "Como mudar de \u00e1rea profissional: de Gest\u00e3o de Lazer e Anima\u00e7\u00e3o Tur\u00edstica para Full-Stack Developer - TechOf - Re-Skilling People",
        "description": "Pedro Cardoso trocou os estudos em Turismo para o curso de Full-Stack Developer na TechOf. Conhece o percurso de requalifica\u00e7\u00e3o em programa\u00e7\u00e3o.",
        "robots": {
            "index": "index",
            "follow": "follow",
            "max-snippet": "max-snippet:-1",
            "max-image-preview": "max-image-preview:large",
            "max-video-preview": "max-video-preview:-1"
        },
        "canonical": "https:\/\/www.techof.pt\/en\/como-mudar-de-area-profissional-de-turismo-para-full-stack-developer\/",
        "og_locale": "en_GB",
        "og_type": "article",
        "og_title": "Como mudar de \u00e1rea profissional: de Gest\u00e3o de Lazer e Anima\u00e7\u00e3o Tur\u00edstica para Full-Stack Developer",
        "og_description": "Pedro Cardoso trocou os estudos em Turismo para o curso de Full-Stack Developer na TechOf. Conhece o percurso de requalifica\u00e7\u00e3o em programa\u00e7\u00e3o.",
        "og_url": "https:\/\/www.techof.pt\/en\/como-mudar-de-area-profissional-de-turismo-para-full-stack-developer\/",
        "og_site_name": "TechOf - Re-Skilling People",
        "article_publisher": "https:\/\/www.facebook.com\/techofpt",
        "article_published_time": "2025-09-22T09:15:00+00:00",
        "article_modified_time": "2025-10-15T18:04:08+00:00",
        "og_image": [
            {
                "width": 934,
                "height": 929,
                "url": "https:\/\/www.techof.pt\/wp-content\/uploads\/2025\/09\/Imagem-WhatsApp-2025-09-19-as-14.03.34_0ed7d3bf-4.jpg",
                "type": "image\/jpeg"
            }
        ],
        "author": "Joana Rosa",
        "twitter_card": "summary_large_image",
        "twitter_creator": "@TechOf_",
        "twitter_site": "@TechOf_",
        "twitter_misc": {
            "Written by": "Joana Rosa",
            "Estimated reading time": "3 minutes"
        },
        "schema": {
            "@context": "https:\/\/schema.org",
            "@graph": [
                {
                    "@type": "Article",
                    "@id": "https:\/\/www.techof.pt\/como-mudar-de-area-profissional-de-turismo-para-full-stack-developer\/#article",
                    "isPartOf": {
                        "@id": "https:\/\/www.techof.pt\/como-mudar-de-area-profissional-de-turismo-para-full-stack-developer\/"
                    },
                    "author": {
                        "name": "Joana Rosa",
                        "@id": "https:\/\/www.techof.pt\/en\/#\/schema\/person\/5b9be03e44b1a85d28753689cb4206a3"
                    },
                    "headline": "Como mudar de \u00e1rea profissional: de Gest\u00e3o de Lazer e Anima\u00e7\u00e3o Tur\u00edstica para Full-Stack Developer",
                    "datePublished": "2025-09-22T09:15:00+00:00",
                    "dateModified": "2025-10-15T18:04:08+00:00",
                    "mainEntityOfPage": {
                        "@id": "https:\/\/www.techof.pt\/como-mudar-de-area-profissional-de-turismo-para-full-stack-developer\/"
                    },
                    "wordCount": 565,
                    "commentCount": 0,
                    "publisher": {
                        "@id": "https:\/\/www.techof.pt\/en\/#organization"
                    },
                    "image": {
                        "@id": "https:\/\/www.techof.pt\/como-mudar-de-area-profissional-de-turismo-para-full-stack-developer\/#primaryimage"
                    },
                    "thumbnailUrl": "https:\/\/www.techof.pt\/wp-content\/uploads\/2025\/09\/Imagem-WhatsApp-2025-09-19-as-14.03.34_0ed7d3bf-4.jpg",
                    "keywords": [
                        "curso de full stack developer",
                        "programa\u00e7\u00e3o",
                        "requalifica\u00e7\u00e3o",
                        "TechOf",
                        "Wawiwa"
                    ],
                    "articleSection": [
                        "Full-Stack Developers",
                        "Personal Development"
                    ],
                    "inLanguage": "en-GB",
                    "potentialAction": [
                        {
                            "@type": "CommentAction",
                            "name": "Comment",
                            "target": [
                                "https:\/\/www.techof.pt\/como-mudar-de-area-profissional-de-turismo-para-full-stack-developer\/#respond"
                            ]
                        }
                    ]
                },
                {
                    "@type": "WebPage",
                    "@id": "https:\/\/www.techof.pt\/como-mudar-de-area-profissional-de-turismo-para-full-stack-developer\/",
                    "url": "https:\/\/www.techof.pt\/como-mudar-de-area-profissional-de-turismo-para-full-stack-developer\/",
                    "name": "Como mudar de \u00e1rea profissional: de Gest\u00e3o de Lazer e Anima\u00e7\u00e3o Tur\u00edstica para Full-Stack Developer - TechOf - Re-Skilling People",
                    "isPartOf": {
                        "@id": "https:\/\/www.techof.pt\/en\/#website"
                    },
                    "primaryImageOfPage": {
                        "@id": "https:\/\/www.techof.pt\/como-mudar-de-area-profissional-de-turismo-para-full-stack-developer\/#primaryimage"
                    },
                    "image": {
                        "@id": "https:\/\/www.techof.pt\/como-mudar-de-area-profissional-de-turismo-para-full-stack-developer\/#primaryimage"
                    },
                    "thumbnailUrl": "https:\/\/www.techof.pt\/wp-content\/uploads\/2025\/09\/Imagem-WhatsApp-2025-09-19-as-14.03.34_0ed7d3bf-4.jpg",
                    "datePublished": "2025-09-22T09:15:00+00:00",
                    "dateModified": "2025-10-15T18:04:08+00:00",
                    "description": "Pedro Cardoso trocou os estudos em Turismo para o curso de Full-Stack Developer na TechOf. Conhece o percurso de requalifica\u00e7\u00e3o em programa\u00e7\u00e3o.",
                    "breadcrumb": {
                        "@id": "https:\/\/www.techof.pt\/como-mudar-de-area-profissional-de-turismo-para-full-stack-developer\/#breadcrumb"
                    },
                    "inLanguage": "en-GB",
                    "potentialAction": [
                        {
                            "@type": "ReadAction",
                            "target": [
                                "https:\/\/www.techof.pt\/como-mudar-de-area-profissional-de-turismo-para-full-stack-developer\/"
                            ]
                        }
                    ]
                },
                {
                    "@type": "ImageObject",
                    "inLanguage": "en-GB",
                    "@id": "https:\/\/www.techof.pt\/como-mudar-de-area-profissional-de-turismo-para-full-stack-developer\/#primaryimage",
                    "url": "https:\/\/www.techof.pt\/wp-content\/uploads\/2025\/09\/Imagem-WhatsApp-2025-09-19-as-14.03.34_0ed7d3bf-4.jpg",
                    "contentUrl": "https:\/\/www.techof.pt\/wp-content\/uploads\/2025\/09\/Imagem-WhatsApp-2025-09-19-as-14.03.34_0ed7d3bf-4.jpg"
                },
                {
                    "@type": "BreadcrumbList",
                    "@id": "https:\/\/www.techof.pt\/como-mudar-de-area-profissional-de-turismo-para-full-stack-developer\/#breadcrumb",
                    "itemListElement": [
                        {
                            "@type": "ListItem",
                            "position": 1,
                            "name": "Home",
                            "item": "https:\/\/www.techof.pt\/"
                        },
                        {
                            "@type": "ListItem",
                            "position": 2,
                            "name": "Como mudar de \u00e1rea profissional: de Gest\u00e3o de Lazer e Anima\u00e7\u00e3o Tur\u00edstica para Full-Stack Developer"
                        }
                    ]
                },
                {
                    "@type": "WebSite",
                    "@id": "https:\/\/www.techof.pt\/en\/#website",
                    "url": "https:\/\/www.techof.pt\/en\/",
                    "name": "TechOf - Re-Skilling People",
                    "description": "The Fast Track to Tech",
                    "publisher": {
                        "@id": "https:\/\/www.techof.pt\/en\/#organization"
                    },
                    "potentialAction": [
                        {
                            "@type": "SearchAction",
                            "target": {
                                "@type": "EntryPoint",
                                "urlTemplate": "https:\/\/www.techof.pt\/en\/?s={search_term_string}"
                            },
                            "query-input": {
                                "@type": "PropertyValueSpecification",
                                "valueRequired": true,
                                "valueName": "search_term_string"
                            }
                        }
                    ],
                    "inLanguage": "en-GB"
                },
                {
                    "@type": "Organization",
                    "@id": "https:\/\/www.techof.pt\/en\/#organization",
                    "name": "TechOf",
                    "url": "https:\/\/www.techof.pt\/en\/",
                    "logo": {
                        "@type": "ImageObject",
                        "inLanguage": "en-GB",
                        "@id": "https:\/\/www.techof.pt\/en\/#\/schema\/logo\/image\/",
                        "url": "https:\/\/www.techof.pt\/wp-content\/uploads\/2022\/06\/Tech_Logo_RGB_PRINCIPAL_PRETO.png",
                        "contentUrl": "https:\/\/www.techof.pt\/wp-content\/uploads\/2022\/06\/Tech_Logo_RGB_PRINCIPAL_PRETO.png",
                        "width": 1419,
                        "height": 806,
                        "caption": "TechOf"
                    },
                    "image": {
                        "@id": "https:\/\/www.techof.pt\/en\/#\/schema\/logo\/image\/"
                    },
                    "sameAs": [
                        "https:\/\/www.facebook.com\/techofpt",
                        "https:\/\/x.com\/TechOf_",
                        "https:\/\/www.linkedin.com\/company\/techof-reskilling-people",
                        "https:\/\/www.instagram.com\/techof_",
                        "https:\/\/www.youtube.com\/channel\/UCJq1PGIWFyB_FD4N6D_hqGw"
                    ]
                },
                {
                    "@type": "Person",
                    "@id": "https:\/\/www.techof.pt\/en\/#\/schema\/person\/5b9be03e44b1a85d28753689cb4206a3",
                    "name": "Joana Rosa",
                    "image": {
                        "@type": "ImageObject",
                        "inLanguage": "en-GB",
                        "@id": "https:\/\/secure.gravatar.com\/avatar\/c535bfa011648331f3052fbbb0ccb46e95d8470c31c8c88090d98e0ad83b09ee?s=96&d=mm&r=g",
                        "url": "https:\/\/secure.gravatar.com\/avatar\/c535bfa011648331f3052fbbb0ccb46e95d8470c31c8c88090d98e0ad83b09ee?s=96&d=mm&r=g",
                        "contentUrl": "https:\/\/secure.gravatar.com\/avatar\/c535bfa011648331f3052fbbb0ccb46e95d8470c31c8c88090d98e0ad83b09ee?s=96&d=mm&r=g",
                        "caption": "Joana Rosa"
                    },
                    "url": "https:\/\/www.techof.pt\/en\/author\/joana-rosa\/"
                }
            ]
        }
    },
    "_links": {
        "self": [
            {
                "href": "https:\/\/www.techof.pt\/en\/wp-json\/wp\/v2\/posts\/6087",
                "targetHints": {
                    "allow": [
                        "GET"
                    ]
                }
            }
        ],
        "collection": [
            {
                "href": "https:\/\/www.techof.pt\/en\/wp-json\/wp\/v2\/posts"
            }
        ],
        "about": [
            {
                "href": "https:\/\/www.techof.pt\/en\/wp-json\/wp\/v2\/types\/post"
            }
        ],
        "author": [
            {
                "embeddable": true,
                "href": "https:\/\/www.techof.pt\/en\/wp-json\/wp\/v2\/users\/5"
            }
        ],
        "replies": [
            {
                "embeddable": true,
                "href": "https:\/\/www.techof.pt\/en\/wp-json\/wp\/v2\/comments?post=6087"
            }
        ],
        "version-history": [
            {
                "count": 13,
                "href": "https:\/\/www.techof.pt\/en\/wp-json\/wp\/v2\/posts\/6087\/revisions"
            }
        ],
        "predecessor-version": [
            {
                "id": 6211,
                "href": "https:\/\/www.techof.pt\/en\/wp-json\/wp\/v2\/posts\/6087\/revisions\/6211"
            }
        ],
        "wp:attachment": [
            {
                "href": "https:\/\/www.techof.pt\/en\/wp-json\/wp\/v2\/media?parent=6087"
            }
        ],
        "wp:term": [
            {
                "taxonomy": "category",
                "embeddable": true,
                "href": "https:\/\/www.techof.pt\/en\/wp-json\/wp\/v2\/categories?post=6087"
            },
            {
                "taxonomy": "post_tag",
                "embeddable": true,
                "href": "https:\/\/www.techof.pt\/en\/wp-json\/wp\/v2\/tags?post=6087"
            }
        ],
        "curies": [
            {
                "name": "wp",
                "href": "https:\/\/api.w.org\/{rel}",
                "templated": true
            }
        ]
    }
}