{
    "id": 5973,
    "date": "2025-06-18T10:26:46",
    "date_gmt": "2025-06-18T09:26:46",
    "guid": {
        "rendered": "https:\/\/www.techof.pt\/?p=5973"
    },
    "modified": "2025-06-18T10:26:50",
    "modified_gmt": "2025-06-18T09:26:50",
    "slug": "novo-curso-digital-graphic-design-a-resposta-da-techof-as-exigencias-do-mercado",
    "status": "publish",
    "type": "post",
    "link": "https:\/\/www.techof.pt\/en\/novo-curso-digital-graphic-design-a-resposta-da-techof-as-exigencias-do-mercado\/",
    "title": {
        "rendered": "Novo curso de Digital Graphic Design: a resposta da TechOf \u00e0s exig\u00eancias do mercado"
    },
    "content": {
        "rendered": "<p>Na TechOf, auscultamos o mercado. E quando percebemos que as necessidades das empresas est\u00e3o a mudar, ajustamos a nossa oferta formativa. \u00c9 por isso que lan\u00e7\u00e1mos o <a href=\"https:\/\/www.techof.pt\/pt\/digital-graphic-designer\/\">novo curso Digital Graphic Design<\/a>, com in\u00edcio em julho de 2025: uma forma\u00e7\u00e3o pr\u00e1tica, atual e orientada para a empregabilidade.<\/p>\n\n\n\n<p>Este novo curso vem substituir o anterior programa de UX\/UI Design. N\u00e3o se trata apenas de uma mudan\u00e7a de nome ou de ferramentas: \u00e9 uma atualiza\u00e7\u00e3o consciente, alinhada com o que as empresas procuram hoje. Como explica <strong>Nuno Rosado<\/strong>, CEO e cofundador da TechOf, \u201cpor vezes, o que o setor da forma\u00e7\u00e3o pretende oferecer \u00e9 bem diferente daquilo que o mercado procura. Temos identificado um desvio claro entre estas duas realidades, muito impulsionado pela necessidade de otimiza\u00e7\u00e3o de custos nas empresas. Em muitos contextos, o papel do UX\/UI designer tem sido absorvido pelo programador, ao passo que o designer gr\u00e1fico digital assume uma liga\u00e7\u00e3o mais pr\u00f3xima com as equipas de marketing e comunica\u00e7\u00e3o\u201d.<\/p>\n\n\n\n<figure class=\"wp-block-image aligncenter size-large\"><img fetchpriority=\"high\" decoding=\"async\" width=\"1024\" height=\"570\" src=\"https:\/\/www.techof.pt\/wp-content\/uploads\/2025\/01\/digital_graphic_designer_03-1024x570.jpg\" alt=\"digital graphic designer\" class=\"wp-image-5404\" srcset=\"https:\/\/www.techof.pt\/wp-content\/uploads\/2025\/01\/digital_graphic_designer_03-1024x570.jpg 1024w, https:\/\/www.techof.pt\/wp-content\/uploads\/2025\/01\/digital_graphic_designer_03-300x167.jpg 300w, https:\/\/www.techof.pt\/wp-content\/uploads\/2025\/01\/digital_graphic_designer_03-768x428.jpg 768w, https:\/\/www.techof.pt\/wp-content\/uploads\/2025\/01\/digital_graphic_designer_03-18x10.jpg 18w, https:\/\/www.techof.pt\/wp-content\/uploads\/2025\/01\/digital_graphic_designer_03.jpg 1444w\" sizes=\"(max-width: 1024px) 100vw, 1024px\" \/><\/figure>\n\n\n\n<h4 class=\"wp-block-heading\" id=\"h-uma-formacao-pensada-para-o-mercado\"><strong><mark style=\"background-color:rgba(0, 0, 0, 0)\" class=\"has-inline-color has-vivid-purple-color\">Uma forma\u00e7\u00e3o pensada para o mercado<\/mark><\/strong><\/h4>\n\n\n\n<p>O curso tem <strong>seis meses de dura\u00e7\u00e3o<\/strong>, \u00e9 lecionado em <strong>regime h\u00edbrido<\/strong> e <strong>p\u00f3s-laboral<\/strong>, e destina-se a quem quer dar um passo em frente na sua carreira criativa, seja numa l\u00f3gica de reconvers\u00e3o profissional ou de <em>upskilling<\/em>.<\/p>\n\n\n\n<p>Com <strong>230 horas de forma\u00e7\u00e3o<\/strong>, o plano curricular cobre as principais ferramentas do design gr\u00e1fico, incluindo <strong>Adobe Illustrator<\/strong>, <strong>Photoshop<\/strong>,<strong> InDesign<\/strong>, e ainda ferramentas de <strong>intelig\u00eancia artificial <\/strong>como <strong>Adobe Firefly<\/strong>, <strong>MidJourney<\/strong>, <strong>DALL\u00b7E 3<\/strong> e <strong>ChatGPT<\/strong>, usadas para acelerar e potenciar processos criativos.<\/p>\n\n\n\n<p>\u201cMantemos cerca de dois ter\u00e7os da estrutura do antigo curso de UX\/UI Design, nomeadamente a forma\u00e7\u00e3o em ferramentas como o Adobe Suite, mas introduzimos componentes mais focadas no design gr\u00e1fico e na cria\u00e7\u00e3o visual, refor\u00e7ando a vertente UI e deixando cair a dimens\u00e3o mais estrat\u00e9gica da <em>user experience<\/em>. Esta \u00e9 uma aposta consciente, ancorada numa procura nacional e internacional crescente\u201d, sublinha Nuno Rosado.<\/p>\n\n\n\n<p>Tal como em todas as forma\u00e7\u00f5es da TechOf, o novo curso segue a nossa metodologia J.E.T. Design\u2122 (Job Effective Training), um modelo de ensino <em>hands-on<\/em>, criado em parceria com a Wawiwa Tech Training. Os alunos aprendem com base em projetos reais e desafios lan\u00e7ados por empresas do setor, desenvolvendo um portf\u00f3lio s\u00f3lido e pronto a ser apresentado a potenciais empregadores.<\/p>\n\n\n\n<h4 class=\"wp-block-heading\" id=\"h-ha-ainda-novas-turmas-a-arrancar-no-segundo-semestre-de-2025\"><strong><mark style=\"background-color:rgba(0, 0, 0, 0)\" class=\"has-inline-color has-vivid-purple-color\">H\u00e1 ainda novas turmas a arrancar no segundo semestre de 2025<\/mark><\/strong><\/h4>\n\n\n\n<p>A par do lan\u00e7amento do Digital Graphic Design, preparam-se novas edi\u00e7\u00f5es dos cursos nas restantes \u00e1reas tecnol\u00f3gicas. As candidaturas est\u00e3o abertas para os programas de:<\/p>\n\n\n\n<ul class=\"wp-block-list\">\n<li><strong>Data Analyst<\/strong> \u2013 outubro (junho j\u00e1 esgotado)<\/li>\n\n\n\n<li><strong>Digital Marketing Specialist<\/strong> \u2013 setembro<\/li>\n\n\n\n<li><strong>Front-End Developer<\/strong> \u2013 outubro<\/li>\n\n\n\n<li><strong>Full-Stack Developer<\/strong> \u2013 outubro<\/li>\n<\/ul>\n\n\n\n<p>Estas forma\u00e7\u00f5es s\u00e3o indicadas para quem pretende mudar de carreira ou refor\u00e7ar compet\u00eancias num dos setores com maior empregabilidade em Portugal e na Europa.<\/p>\n\n\n\n<p>Entra em contacto com a nossa equipa para saberes mais detalhes.<\/p>",
        "protected": false
    },
    "excerpt": {
        "rendered": "<p>Na TechOf, auscultamos o mercado. E quando percebemos que as necessidades das empresas est\u00e3o a mudar, ajustamos a nossa oferta formativa. \u00c9 por isso que lan\u00e7\u00e1mos o novo curso Digital Graphic Design, com in\u00edcio em julho de 2025: uma forma\u00e7\u00e3o pr\u00e1tica, atual e orientada para a empregabilidade. Este novo curso vem substituir o anterior programa [&hellip;]<\/p>",
        "protected": false
    },
    "author": 5,
    "featured_media": 0,
    "comment_status": "open",
    "ping_status": "open",
    "sticky": false,
    "template": "",
    "format": "standard",
    "meta": {
        "inline_featured_image": false,
        "footnotes": ""
    },
    "categories": [
        173
    ],
    "tags": [
        195,
        174,
        194,
        169,
        26,
        166,
        36,
        27,
        73
    ],
    "class_list": [
        "post-5973",
        "post",
        "type-post",
        "status-publish",
        "format-standard",
        "hentry",
        "category-digital-graphic-designer",
        "tag-curso",
        "tag-design-grafico",
        "tag-digital-graphic-designer",
        "tag-educacao",
        "tag-education",
        "tag-formacao",
        "tag-jobs",
        "tag-reskilling",
        "tag-upskilling"
    ],
    "yoast_head": "<!-- This site is optimized with the Yoast SEO Premium plugin v27.4 (Yoast SEO v27.5) - https:\/\/yoast.com\/product\/yoast-seo-premium-wordpress\/ -->\n<title>Novo curso de Digital Graphic Design: a resposta da TechOf \u00e0s exig\u00eancias do mercado - TechOf - Re-Skilling People<\/title>\n<meta name=\"description\" content=\"Lan\u00e7\u00e1mos o novo curso Digital Graphic Design, com in\u00edcio em julho de 2025: uma forma\u00e7\u00e3o pr\u00e1tica, atual e orientada para a empregabilidade.\" \/>\n<meta name=\"robots\" content=\"index, follow, max-snippet:-1, max-image-preview:large, max-video-preview:-1\" \/>\n<link rel=\"canonical\" href=\"https:\/\/www.techof.pt\/en\/novo-curso-digital-graphic-design-a-resposta-da-techof-as-exigencias-do-mercado\/\" \/>\n<meta property=\"og:locale\" content=\"en_GB\" \/>\n<meta property=\"og:type\" content=\"article\" \/>\n<meta property=\"og:title\" content=\"Novo curso de Digital Graphic Design: a resposta da TechOf \u00e0s exig\u00eancias do mercado\" \/>\n<meta property=\"og:description\" content=\"Lan\u00e7\u00e1mos o novo curso Digital Graphic Design, com in\u00edcio em julho de 2025: uma forma\u00e7\u00e3o pr\u00e1tica, atual e orientada para a empregabilidade.\" \/>\n<meta property=\"og:url\" content=\"https:\/\/www.techof.pt\/en\/novo-curso-digital-graphic-design-a-resposta-da-techof-as-exigencias-do-mercado\/\" \/>\n<meta property=\"og:site_name\" content=\"TechOf - Re-Skilling People\" \/>\n<meta property=\"article:publisher\" content=\"https:\/\/www.facebook.com\/techofpt\" \/>\n<meta property=\"article:published_time\" content=\"2025-06-18T09:26:46+00:00\" \/>\n<meta property=\"article:modified_time\" content=\"2025-06-18T09:26:50+00:00\" \/>\n<meta property=\"og:image\" content=\"https:\/\/www.techof.pt\/wp-content\/uploads\/2025\/01\/digital_graphic_designer_03.jpg\" \/>\n\t<meta property=\"og:image:width\" content=\"1444\" \/>\n\t<meta property=\"og:image:height\" content=\"804\" \/>\n\t<meta property=\"og:image:type\" content=\"image\/jpeg\" \/>\n<meta name=\"author\" content=\"Joana Rosa\" \/>\n<meta name=\"twitter:card\" content=\"summary_large_image\" \/>\n<meta name=\"twitter:creator\" content=\"@TechOf_\" \/>\n<meta name=\"twitter:site\" content=\"@TechOf_\" \/>\n<meta name=\"twitter:label1\" content=\"Written by\" \/>\n\t<meta name=\"twitter:data1\" content=\"Joana Rosa\" \/>\n\t<meta name=\"twitter:label2\" content=\"Estimated reading time\" \/>\n\t<meta name=\"twitter:data2\" content=\"3 minutes\" \/>\n<script type=\"application\/ld+json\" class=\"yoast-schema-graph\">{\"@context\":\"https:\\\/\\\/schema.org\",\"@graph\":[{\"@type\":\"Article\",\"@id\":\"https:\\\/\\\/www.techof.pt\\\/novo-curso-digital-graphic-design-a-resposta-da-techof-as-exigencias-do-mercado\\\/#article\",\"isPartOf\":{\"@id\":\"https:\\\/\\\/www.techof.pt\\\/novo-curso-digital-graphic-design-a-resposta-da-techof-as-exigencias-do-mercado\\\/\"},\"author\":{\"name\":\"Joana Rosa\",\"@id\":\"https:\\\/\\\/www.techof.pt\\\/en\\\/#\\\/schema\\\/person\\\/5b9be03e44b1a85d28753689cb4206a3\"},\"headline\":\"Novo curso de Digital Graphic Design: a resposta da TechOf \u00e0s exig\u00eancias do mercado\",\"datePublished\":\"2025-06-18T09:26:46+00:00\",\"dateModified\":\"2025-06-18T09:26:50+00:00\",\"mainEntityOfPage\":{\"@id\":\"https:\\\/\\\/www.techof.pt\\\/novo-curso-digital-graphic-design-a-resposta-da-techof-as-exigencias-do-mercado\\\/\"},\"wordCount\":508,\"commentCount\":0,\"publisher\":{\"@id\":\"https:\\\/\\\/www.techof.pt\\\/en\\\/#organization\"},\"image\":{\"@id\":\"https:\\\/\\\/www.techof.pt\\\/novo-curso-digital-graphic-design-a-resposta-da-techof-as-exigencias-do-mercado\\\/#primaryimage\"},\"thumbnailUrl\":\"https:\\\/\\\/www.techof.pt\\\/wp-content\\\/uploads\\\/2025\\\/01\\\/digital_graphic_designer_03-1024x570.jpg\",\"keywords\":[\"curso\",\"design gr\u00e1fico\",\"digital graphic designer\",\"educa\u00e7\u00e3o\",\"education\",\"forma\u00e7\u00e3o\",\"jobs\",\"reskilling\",\"upskilling\"],\"articleSection\":[\"Digital Graphic Designer\"],\"inLanguage\":\"en-GB\",\"potentialAction\":[{\"@type\":\"CommentAction\",\"name\":\"Comment\",\"target\":[\"https:\\\/\\\/www.techof.pt\\\/novo-curso-digital-graphic-design-a-resposta-da-techof-as-exigencias-do-mercado\\\/#respond\"]}]},{\"@type\":\"WebPage\",\"@id\":\"https:\\\/\\\/www.techof.pt\\\/novo-curso-digital-graphic-design-a-resposta-da-techof-as-exigencias-do-mercado\\\/\",\"url\":\"https:\\\/\\\/www.techof.pt\\\/novo-curso-digital-graphic-design-a-resposta-da-techof-as-exigencias-do-mercado\\\/\",\"name\":\"Novo curso de Digital Graphic Design: a resposta da TechOf \u00e0s exig\u00eancias do mercado - TechOf - Re-Skilling People\",\"isPartOf\":{\"@id\":\"https:\\\/\\\/www.techof.pt\\\/en\\\/#website\"},\"primaryImageOfPage\":{\"@id\":\"https:\\\/\\\/www.techof.pt\\\/novo-curso-digital-graphic-design-a-resposta-da-techof-as-exigencias-do-mercado\\\/#primaryimage\"},\"image\":{\"@id\":\"https:\\\/\\\/www.techof.pt\\\/novo-curso-digital-graphic-design-a-resposta-da-techof-as-exigencias-do-mercado\\\/#primaryimage\"},\"thumbnailUrl\":\"https:\\\/\\\/www.techof.pt\\\/wp-content\\\/uploads\\\/2025\\\/01\\\/digital_graphic_designer_03-1024x570.jpg\",\"datePublished\":\"2025-06-18T09:26:46+00:00\",\"dateModified\":\"2025-06-18T09:26:50+00:00\",\"description\":\"Lan\u00e7\u00e1mos o novo curso Digital Graphic Design, com in\u00edcio em julho de 2025: uma forma\u00e7\u00e3o pr\u00e1tica, atual e orientada para a empregabilidade.\",\"breadcrumb\":{\"@id\":\"https:\\\/\\\/www.techof.pt\\\/novo-curso-digital-graphic-design-a-resposta-da-techof-as-exigencias-do-mercado\\\/#breadcrumb\"},\"inLanguage\":\"en-GB\",\"potentialAction\":[{\"@type\":\"ReadAction\",\"target\":[\"https:\\\/\\\/www.techof.pt\\\/novo-curso-digital-graphic-design-a-resposta-da-techof-as-exigencias-do-mercado\\\/\"]}]},{\"@type\":\"ImageObject\",\"inLanguage\":\"en-GB\",\"@id\":\"https:\\\/\\\/www.techof.pt\\\/novo-curso-digital-graphic-design-a-resposta-da-techof-as-exigencias-do-mercado\\\/#primaryimage\",\"url\":\"https:\\\/\\\/www.techof.pt\\\/wp-content\\\/uploads\\\/2025\\\/01\\\/digital_graphic_designer_03-1024x570.jpg\",\"contentUrl\":\"https:\\\/\\\/www.techof.pt\\\/wp-content\\\/uploads\\\/2025\\\/01\\\/digital_graphic_designer_03-1024x570.jpg\"},{\"@type\":\"BreadcrumbList\",\"@id\":\"https:\\\/\\\/www.techof.pt\\\/novo-curso-digital-graphic-design-a-resposta-da-techof-as-exigencias-do-mercado\\\/#breadcrumb\",\"itemListElement\":[{\"@type\":\"ListItem\",\"position\":1,\"name\":\"Home\",\"item\":\"https:\\\/\\\/www.techof.pt\\\/\"},{\"@type\":\"ListItem\",\"position\":2,\"name\":\"Novo curso de Digital Graphic Design: a resposta da TechOf \u00e0s exig\u00eancias do mercado\"}]},{\"@type\":\"WebSite\",\"@id\":\"https:\\\/\\\/www.techof.pt\\\/en\\\/#website\",\"url\":\"https:\\\/\\\/www.techof.pt\\\/en\\\/\",\"name\":\"TechOf - Re-Skilling People\",\"description\":\"The Fast Track to Tech\",\"publisher\":{\"@id\":\"https:\\\/\\\/www.techof.pt\\\/en\\\/#organization\"},\"potentialAction\":[{\"@type\":\"SearchAction\",\"target\":{\"@type\":\"EntryPoint\",\"urlTemplate\":\"https:\\\/\\\/www.techof.pt\\\/en\\\/?s={search_term_string}\"},\"query-input\":{\"@type\":\"PropertyValueSpecification\",\"valueRequired\":true,\"valueName\":\"search_term_string\"}}],\"inLanguage\":\"en-GB\"},{\"@type\":\"Organization\",\"@id\":\"https:\\\/\\\/www.techof.pt\\\/en\\\/#organization\",\"name\":\"TechOf\",\"url\":\"https:\\\/\\\/www.techof.pt\\\/en\\\/\",\"logo\":{\"@type\":\"ImageObject\",\"inLanguage\":\"en-GB\",\"@id\":\"https:\\\/\\\/www.techof.pt\\\/en\\\/#\\\/schema\\\/logo\\\/image\\\/\",\"url\":\"https:\\\/\\\/www.techof.pt\\\/wp-content\\\/uploads\\\/2022\\\/06\\\/Tech_Logo_RGB_PRINCIPAL_PRETO.png\",\"contentUrl\":\"https:\\\/\\\/www.techof.pt\\\/wp-content\\\/uploads\\\/2022\\\/06\\\/Tech_Logo_RGB_PRINCIPAL_PRETO.png\",\"width\":1419,\"height\":806,\"caption\":\"TechOf\"},\"image\":{\"@id\":\"https:\\\/\\\/www.techof.pt\\\/en\\\/#\\\/schema\\\/logo\\\/image\\\/\"},\"sameAs\":[\"https:\\\/\\\/www.facebook.com\\\/techofpt\",\"https:\\\/\\\/x.com\\\/TechOf_\",\"https:\\\/\\\/www.linkedin.com\\\/company\\\/techof-reskilling-people\",\"https:\\\/\\\/www.instagram.com\\\/techof_\",\"https:\\\/\\\/www.youtube.com\\\/channel\\\/UCJq1PGIWFyB_FD4N6D_hqGw\"]},{\"@type\":\"Person\",\"@id\":\"https:\\\/\\\/www.techof.pt\\\/en\\\/#\\\/schema\\\/person\\\/5b9be03e44b1a85d28753689cb4206a3\",\"name\":\"Joana Rosa\",\"image\":{\"@type\":\"ImageObject\",\"inLanguage\":\"en-GB\",\"@id\":\"https:\\\/\\\/secure.gravatar.com\\\/avatar\\\/c535bfa011648331f3052fbbb0ccb46e95d8470c31c8c88090d98e0ad83b09ee?s=96&d=mm&r=g\",\"url\":\"https:\\\/\\\/secure.gravatar.com\\\/avatar\\\/c535bfa011648331f3052fbbb0ccb46e95d8470c31c8c88090d98e0ad83b09ee?s=96&d=mm&r=g\",\"contentUrl\":\"https:\\\/\\\/secure.gravatar.com\\\/avatar\\\/c535bfa011648331f3052fbbb0ccb46e95d8470c31c8c88090d98e0ad83b09ee?s=96&d=mm&r=g\",\"caption\":\"Joana Rosa\"},\"url\":\"https:\\\/\\\/www.techof.pt\\\/en\\\/author\\\/joana-rosa\\\/\"}]}<\/script>\n<!-- \/ Yoast SEO Premium plugin. -->",
    "yoast_head_json": {
        "title": "Novo curso de Digital Graphic Design: a resposta da TechOf \u00e0s exig\u00eancias do mercado - TechOf - Re-Skilling People",
        "description": "Lan\u00e7\u00e1mos o novo curso Digital Graphic Design, com in\u00edcio em julho de 2025: uma forma\u00e7\u00e3o pr\u00e1tica, atual e orientada para a empregabilidade.",
        "robots": {
            "index": "index",
            "follow": "follow",
            "max-snippet": "max-snippet:-1",
            "max-image-preview": "max-image-preview:large",
            "max-video-preview": "max-video-preview:-1"
        },
        "canonical": "https:\/\/www.techof.pt\/en\/novo-curso-digital-graphic-design-a-resposta-da-techof-as-exigencias-do-mercado\/",
        "og_locale": "en_GB",
        "og_type": "article",
        "og_title": "Novo curso de Digital Graphic Design: a resposta da TechOf \u00e0s exig\u00eancias do mercado",
        "og_description": "Lan\u00e7\u00e1mos o novo curso Digital Graphic Design, com in\u00edcio em julho de 2025: uma forma\u00e7\u00e3o pr\u00e1tica, atual e orientada para a empregabilidade.",
        "og_url": "https:\/\/www.techof.pt\/en\/novo-curso-digital-graphic-design-a-resposta-da-techof-as-exigencias-do-mercado\/",
        "og_site_name": "TechOf - Re-Skilling People",
        "article_publisher": "https:\/\/www.facebook.com\/techofpt",
        "article_published_time": "2025-06-18T09:26:46+00:00",
        "article_modified_time": "2025-06-18T09:26:50+00:00",
        "og_image": [
            {
                "width": 1444,
                "height": 804,
                "url": "https:\/\/www.techof.pt\/wp-content\/uploads\/2025\/01\/digital_graphic_designer_03.jpg",
                "type": "image\/jpeg"
            }
        ],
        "author": "Joana Rosa",
        "twitter_card": "summary_large_image",
        "twitter_creator": "@TechOf_",
        "twitter_site": "@TechOf_",
        "twitter_misc": {
            "Written by": "Joana Rosa",
            "Estimated reading time": "3 minutes"
        },
        "schema": {
            "@context": "https:\/\/schema.org",
            "@graph": [
                {
                    "@type": "Article",
                    "@id": "https:\/\/www.techof.pt\/novo-curso-digital-graphic-design-a-resposta-da-techof-as-exigencias-do-mercado\/#article",
                    "isPartOf": {
                        "@id": "https:\/\/www.techof.pt\/novo-curso-digital-graphic-design-a-resposta-da-techof-as-exigencias-do-mercado\/"
                    },
                    "author": {
                        "name": "Joana Rosa",
                        "@id": "https:\/\/www.techof.pt\/en\/#\/schema\/person\/5b9be03e44b1a85d28753689cb4206a3"
                    },
                    "headline": "Novo curso de Digital Graphic Design: a resposta da TechOf \u00e0s exig\u00eancias do mercado",
                    "datePublished": "2025-06-18T09:26:46+00:00",
                    "dateModified": "2025-06-18T09:26:50+00:00",
                    "mainEntityOfPage": {
                        "@id": "https:\/\/www.techof.pt\/novo-curso-digital-graphic-design-a-resposta-da-techof-as-exigencias-do-mercado\/"
                    },
                    "wordCount": 508,
                    "commentCount": 0,
                    "publisher": {
                        "@id": "https:\/\/www.techof.pt\/en\/#organization"
                    },
                    "image": {
                        "@id": "https:\/\/www.techof.pt\/novo-curso-digital-graphic-design-a-resposta-da-techof-as-exigencias-do-mercado\/#primaryimage"
                    },
                    "thumbnailUrl": "https:\/\/www.techof.pt\/wp-content\/uploads\/2025\/01\/digital_graphic_designer_03-1024x570.jpg",
                    "keywords": [
                        "curso",
                        "design gr\u00e1fico",
                        "digital graphic designer",
                        "educa\u00e7\u00e3o",
                        "education",
                        "forma\u00e7\u00e3o",
                        "jobs",
                        "reskilling",
                        "upskilling"
                    ],
                    "articleSection": [
                        "Digital Graphic Designer"
                    ],
                    "inLanguage": "en-GB",
                    "potentialAction": [
                        {
                            "@type": "CommentAction",
                            "name": "Comment",
                            "target": [
                                "https:\/\/www.techof.pt\/novo-curso-digital-graphic-design-a-resposta-da-techof-as-exigencias-do-mercado\/#respond"
                            ]
                        }
                    ]
                },
                {
                    "@type": "WebPage",
                    "@id": "https:\/\/www.techof.pt\/novo-curso-digital-graphic-design-a-resposta-da-techof-as-exigencias-do-mercado\/",
                    "url": "https:\/\/www.techof.pt\/novo-curso-digital-graphic-design-a-resposta-da-techof-as-exigencias-do-mercado\/",
                    "name": "Novo curso de Digital Graphic Design: a resposta da TechOf \u00e0s exig\u00eancias do mercado - TechOf - Re-Skilling People",
                    "isPartOf": {
                        "@id": "https:\/\/www.techof.pt\/en\/#website"
                    },
                    "primaryImageOfPage": {
                        "@id": "https:\/\/www.techof.pt\/novo-curso-digital-graphic-design-a-resposta-da-techof-as-exigencias-do-mercado\/#primaryimage"
                    },
                    "image": {
                        "@id": "https:\/\/www.techof.pt\/novo-curso-digital-graphic-design-a-resposta-da-techof-as-exigencias-do-mercado\/#primaryimage"
                    },
                    "thumbnailUrl": "https:\/\/www.techof.pt\/wp-content\/uploads\/2025\/01\/digital_graphic_designer_03-1024x570.jpg",
                    "datePublished": "2025-06-18T09:26:46+00:00",
                    "dateModified": "2025-06-18T09:26:50+00:00",
                    "description": "Lan\u00e7\u00e1mos o novo curso Digital Graphic Design, com in\u00edcio em julho de 2025: uma forma\u00e7\u00e3o pr\u00e1tica, atual e orientada para a empregabilidade.",
                    "breadcrumb": {
                        "@id": "https:\/\/www.techof.pt\/novo-curso-digital-graphic-design-a-resposta-da-techof-as-exigencias-do-mercado\/#breadcrumb"
                    },
                    "inLanguage": "en-GB",
                    "potentialAction": [
                        {
                            "@type": "ReadAction",
                            "target": [
                                "https:\/\/www.techof.pt\/novo-curso-digital-graphic-design-a-resposta-da-techof-as-exigencias-do-mercado\/"
                            ]
                        }
                    ]
                },
                {
                    "@type": "ImageObject",
                    "inLanguage": "en-GB",
                    "@id": "https:\/\/www.techof.pt\/novo-curso-digital-graphic-design-a-resposta-da-techof-as-exigencias-do-mercado\/#primaryimage",
                    "url": "https:\/\/www.techof.pt\/wp-content\/uploads\/2025\/01\/digital_graphic_designer_03-1024x570.jpg",
                    "contentUrl": "https:\/\/www.techof.pt\/wp-content\/uploads\/2025\/01\/digital_graphic_designer_03-1024x570.jpg"
                },
                {
                    "@type": "BreadcrumbList",
                    "@id": "https:\/\/www.techof.pt\/novo-curso-digital-graphic-design-a-resposta-da-techof-as-exigencias-do-mercado\/#breadcrumb",
                    "itemListElement": [
                        {
                            "@type": "ListItem",
                            "position": 1,
                            "name": "Home",
                            "item": "https:\/\/www.techof.pt\/"
                        },
                        {
                            "@type": "ListItem",
                            "position": 2,
                            "name": "Novo curso de Digital Graphic Design: a resposta da TechOf \u00e0s exig\u00eancias do mercado"
                        }
                    ]
                },
                {
                    "@type": "WebSite",
                    "@id": "https:\/\/www.techof.pt\/en\/#website",
                    "url": "https:\/\/www.techof.pt\/en\/",
                    "name": "TechOf - Re-Skilling People",
                    "description": "The Fast Track to Tech",
                    "publisher": {
                        "@id": "https:\/\/www.techof.pt\/en\/#organization"
                    },
                    "potentialAction": [
                        {
                            "@type": "SearchAction",
                            "target": {
                                "@type": "EntryPoint",
                                "urlTemplate": "https:\/\/www.techof.pt\/en\/?s={search_term_string}"
                            },
                            "query-input": {
                                "@type": "PropertyValueSpecification",
                                "valueRequired": true,
                                "valueName": "search_term_string"
                            }
                        }
                    ],
                    "inLanguage": "en-GB"
                },
                {
                    "@type": "Organization",
                    "@id": "https:\/\/www.techof.pt\/en\/#organization",
                    "name": "TechOf",
                    "url": "https:\/\/www.techof.pt\/en\/",
                    "logo": {
                        "@type": "ImageObject",
                        "inLanguage": "en-GB",
                        "@id": "https:\/\/www.techof.pt\/en\/#\/schema\/logo\/image\/",
                        "url": "https:\/\/www.techof.pt\/wp-content\/uploads\/2022\/06\/Tech_Logo_RGB_PRINCIPAL_PRETO.png",
                        "contentUrl": "https:\/\/www.techof.pt\/wp-content\/uploads\/2022\/06\/Tech_Logo_RGB_PRINCIPAL_PRETO.png",
                        "width": 1419,
                        "height": 806,
                        "caption": "TechOf"
                    },
                    "image": {
                        "@id": "https:\/\/www.techof.pt\/en\/#\/schema\/logo\/image\/"
                    },
                    "sameAs": [
                        "https:\/\/www.facebook.com\/techofpt",
                        "https:\/\/x.com\/TechOf_",
                        "https:\/\/www.linkedin.com\/company\/techof-reskilling-people",
                        "https:\/\/www.instagram.com\/techof_",
                        "https:\/\/www.youtube.com\/channel\/UCJq1PGIWFyB_FD4N6D_hqGw"
                    ]
                },
                {
                    "@type": "Person",
                    "@id": "https:\/\/www.techof.pt\/en\/#\/schema\/person\/5b9be03e44b1a85d28753689cb4206a3",
                    "name": "Joana Rosa",
                    "image": {
                        "@type": "ImageObject",
                        "inLanguage": "en-GB",
                        "@id": "https:\/\/secure.gravatar.com\/avatar\/c535bfa011648331f3052fbbb0ccb46e95d8470c31c8c88090d98e0ad83b09ee?s=96&d=mm&r=g",
                        "url": "https:\/\/secure.gravatar.com\/avatar\/c535bfa011648331f3052fbbb0ccb46e95d8470c31c8c88090d98e0ad83b09ee?s=96&d=mm&r=g",
                        "contentUrl": "https:\/\/secure.gravatar.com\/avatar\/c535bfa011648331f3052fbbb0ccb46e95d8470c31c8c88090d98e0ad83b09ee?s=96&d=mm&r=g",
                        "caption": "Joana Rosa"
                    },
                    "url": "https:\/\/www.techof.pt\/en\/author\/joana-rosa\/"
                }
            ]
        }
    },
    "_links": {
        "self": [
            {
                "href": "https:\/\/www.techof.pt\/en\/wp-json\/wp\/v2\/posts\/5973",
                "targetHints": {
                    "allow": [
                        "GET"
                    ]
                }
            }
        ],
        "collection": [
            {
                "href": "https:\/\/www.techof.pt\/en\/wp-json\/wp\/v2\/posts"
            }
        ],
        "about": [
            {
                "href": "https:\/\/www.techof.pt\/en\/wp-json\/wp\/v2\/types\/post"
            }
        ],
        "author": [
            {
                "embeddable": true,
                "href": "https:\/\/www.techof.pt\/en\/wp-json\/wp\/v2\/users\/5"
            }
        ],
        "replies": [
            {
                "embeddable": true,
                "href": "https:\/\/www.techof.pt\/en\/wp-json\/wp\/v2\/comments?post=5973"
            }
        ],
        "version-history": [
            {
                "count": 3,
                "href": "https:\/\/www.techof.pt\/en\/wp-json\/wp\/v2\/posts\/5973\/revisions"
            }
        ],
        "predecessor-version": [
            {
                "id": 5976,
                "href": "https:\/\/www.techof.pt\/en\/wp-json\/wp\/v2\/posts\/5973\/revisions\/5976"
            }
        ],
        "wp:attachment": [
            {
                "href": "https:\/\/www.techof.pt\/en\/wp-json\/wp\/v2\/media?parent=5973"
            }
        ],
        "wp:term": [
            {
                "taxonomy": "category",
                "embeddable": true,
                "href": "https:\/\/www.techof.pt\/en\/wp-json\/wp\/v2\/categories?post=5973"
            },
            {
                "taxonomy": "post_tag",
                "embeddable": true,
                "href": "https:\/\/www.techof.pt\/en\/wp-json\/wp\/v2\/tags?post=5973"
            }
        ],
        "curies": [
            {
                "name": "wp",
                "href": "https:\/\/api.w.org\/{rel}",
                "templated": true
            }
        ]
    }
}