{
    "id": 4804,
    "date": "2024-06-06T18:54:00",
    "date_gmt": "2024-06-06T17:54:00",
    "guid": {
        "rendered": "https:\/\/www.techof.pt\/?p=4804"
    },
    "modified": "2024-11-13T19:01:25",
    "modified_gmt": "2024-11-13T19:01:25",
    "slug": "solucao-para-os-desafios-das-tecnologias-da-informacao",
    "status": "publish",
    "type": "post",
    "link": "https:\/\/www.techof.pt\/en\/solucao-para-os-desafios-das-tecnologias-da-informacao\/",
    "title": {
        "rendered": "Forma\u00e7\u00e3o Cont\u00ednua &#8211; A solu\u00e7\u00e3o para os desafios das Tecnologias da Informa\u00e7\u00e3o"
    },
    "content": {
        "rendered": "<figure class=\"wp-block-image alignleft size-full is-resized\"><img fetchpriority=\"high\" decoding=\"async\" width=\"800\" height=\"800\" src=\"https:\/\/www.techof.pt\/wp-content\/uploads\/2024\/09\/Beatriz-Duarte_TechOf-1.jpeg\" alt=\"\" class=\"wp-image-4625\" style=\"width:368px;height:auto\" srcset=\"https:\/\/www.techof.pt\/wp-content\/uploads\/2024\/09\/Beatriz-Duarte_TechOf-1.jpeg 800w, https:\/\/www.techof.pt\/wp-content\/uploads\/2024\/09\/Beatriz-Duarte_TechOf-1-300x300.jpeg 300w, https:\/\/www.techof.pt\/wp-content\/uploads\/2024\/09\/Beatriz-Duarte_TechOf-1-150x150.jpeg 150w, https:\/\/www.techof.pt\/wp-content\/uploads\/2024\/09\/Beatriz-Duarte_TechOf-1-768x768.jpeg 768w, https:\/\/www.techof.pt\/wp-content\/uploads\/2024\/09\/Beatriz-Duarte_TechOf-1-12x12.jpeg 12w, https:\/\/www.techof.pt\/wp-content\/uploads\/2024\/09\/Beatriz-Duarte_TechOf-1-650x650.jpeg 650w\" sizes=\"(max-width: 800px) 100vw, 800px\" \/><\/figure>\n\n\n\n<p>No cen\u00e1rio mundial atual, marcado pela necessidade de uma r\u00e1pida transforma\u00e7\u00e3o e adapta\u00e7\u00e3o tecnol\u00f3gica em todos os setores, s\u00e3o cada vez maiores os desafios organizacionais e humanos sentidos nas \u00e1reas das Tecnologias da Informa\u00e7\u00e3o (TI).<\/p>\n\n\n\n<p>O setor das TI \u00e9 um dos mais din\u00e2micos e inovadores da economia, impulsionado pela necessidade de as empresas procurarem estar sempre no topo na disponibiliza\u00e7\u00e3o das melhores ofertas e solu\u00e7\u00f5es para os seus clientes, dadas as vantagens que, por exemplo, a intelig\u00eancia artificial e a an\u00e1lise de dados proporcionam.<\/p>\n\n\n\n<p>Todos estes fatores levam a que cada vez seja mais desafiante, numa primeira fase, encontrar talento qualificado para colmatar a procura existente, e numa segunda fase, trabalhar o setor humano de reten\u00e7\u00e3o e requalifica\u00e7\u00e3o de talento, estando a forma\u00e7\u00e3o no topo das estrat\u00e9gias cruciais a ter em conta.<\/p>\n\n\n\n<p>O relat\u00f3rio \u201cData for Humanity\u201d, encomendado pela Lenovo em 2023, e que contou com a participa\u00e7\u00e3o de altos executivos de organiza\u00e7\u00f5es com receitas no valor de 500 milh\u00f5es de d\u00f3lares, concluiu que apenas 15% das organiza\u00e7\u00f5es preenchia os crit\u00e9rios necess\u00e1rios para serem consideradas L\u00edderes de Dados. De acordo com o relat\u00f3rio, quando atingidos os tr\u00eas crit\u00e9rios indispens\u00e1veis (Gest\u00e3o de Dados, An\u00e1lise de Dados e Seguran\u00e7a de Dados) estima-se um aumento de 78% das receitas das empresas, sendo essenciais para as que pretendem estar na linha da frente da lideran\u00e7a nas TI.<\/p>\n\n\n\n<p>Os dados mostram que \u00e9 urgente apostar na qualifica\u00e7\u00e3o e requalifica\u00e7\u00e3o de talento, at\u00e9 porque um outro estudo feito pela IDC (International Data Corporation) prev\u00ea que o mercado europeu de&nbsp;<em>software<\/em>&nbsp;de&nbsp;<em>Big Data<\/em>&nbsp;e Anal\u00edtica continuar\u00e1 a crescer at\u00e9 2027, impulsionado sobretudo por investimentos em plataformas de software de intelig\u00eancia artificial.<\/p>\n\n\n\n<p>Com esta r\u00e1pida evolu\u00e7\u00e3o tecnol\u00f3gica \u00e9 exigido aos profissionais uma constante atualiza\u00e7\u00e3o de&nbsp;<em>skills<\/em>&nbsp;e de conhecimento, que se tem vindo a mostrar insuficiente tanto ao n\u00edvel de ensino superior, como de ensino profissional. Segundo a Comiss\u00e3o Europeia, em 2020 faltavam pelo menos 800 mil profissionais de TI na Europa. O objetivo \u00e9 alcan\u00e7ar 20 milh\u00f5es de profissionais de TI at\u00e9 2030, de acordo com um relat\u00f3rio de 2021 da mesma entidade.<\/p>\n\n\n\n<p>Por outro lado, algumas ofertas profissionais em Portugal t\u00eam uma imagem estereotipada e pouco diversificada, que podem resultar numa baixa atratividade para a constru\u00e7\u00e3o de uma carreira de TI em Portugal, o 4\u00ba pa\u00eds a n\u00edvel global onde as empresas t\u00eam mais dificuldade em contratar, de acordo com o estudo Talent Shortage Survey 2023, do ManpowerGroup.<\/p>\n\n\n\n<p>Torna-se cada vez mais evidente para os profissionais da \u00e1rea que h\u00e1 uma aus\u00eancia de oportunidades totalmente remotas, uma exig\u00eancia enquadrada na oferta nacional por quest\u00f5es principalmente culturais das empresas. Quando nos deparamos com ofertas de diversas empresas estrangeiras do mesmo setor, estas oferecem melhores e mais diversificadas condi\u00e7\u00f5es de trabalho.<\/p>\n\n\n\n<p>Apesar de o caminho ainda ser longo, \u00e9 poss\u00edvel resolver o problema da escassez de talento no setor das TI, atrav\u00e9s da forma\u00e7\u00e3o cont\u00ednua, <em>reskilling <\/em>e <em>upskilling <\/em>dos profissionais. As organiza\u00e7\u00f5es devem investir no desenvolvimento de literacia de intelig\u00eancia artificial junto dos seus colaboradores para que o talento jovem e s\u00e9nior, quer esteja ou n\u00e3o na \u00e1rea das TI, tenha oportunidades de progress\u00e3o ou mudan\u00e7a de carreira. Em 2022, um estudo da Multipessoal revelava que 65% das pessoas no ativo sentia necessidade de renovar as suas compet\u00eancias para evoluir na carreira, o que ser\u00e1 importante n\u00e3o s\u00f3 para a requalifica\u00e7\u00e3o de profissionais cujas compet\u00eancias est\u00e3o desadequadas \u00e0s necessidades do mercado, mas igualmente para combater a escassez de talento.<\/p>\n\n\n\n<p>A aposta nas forma\u00e7\u00f5es especializadas nas mais diversas \u00e1reas de TI, dispon\u00edveis em Portugal, v\u00e3o facilitar a aquisi\u00e7\u00e3o de compet\u00eancias em qualquer momento da carreira, sejam elas t\u00e9cnicas, ou a n\u00edvel de&nbsp;<em>soft skills<\/em>, que far\u00e3o diferen\u00e7a para acompanhar este mercado em constante evolu\u00e7\u00e3o.<\/p>\n\n\n\n<p><em>Artigo de opini\u00e3o de Beatriz Duarte, Tech Lead Data Analyst e Professora de Data Analyst na TechoOf, publicado na Sapo Tek<\/em><\/p>\n\n\n\n<p><\/p>",
        "protected": false
    },
    "excerpt": {
        "rendered": "<p>No cen\u00e1rio mundial atual, marcado pela necessidade de uma r\u00e1pida transforma\u00e7\u00e3o e adapta\u00e7\u00e3o tecnol\u00f3gica em todos os setores, s\u00e3o cada vez maiores os desafios organizacionais e humanos sentidos nas \u00e1reas das Tecnologias da Informa\u00e7\u00e3o (TI). O setor das TI \u00e9 um dos mais din\u00e2micos e inovadores da economia, impulsionado pela necessidade de as empresas procurarem [&hellip;]<\/p>",
        "protected": false
    },
    "author": 5,
    "featured_media": 0,
    "comment_status": "open",
    "ping_status": "open",
    "sticky": false,
    "template": "",
    "format": "standard",
    "meta": {
        "inline_featured_image": false,
        "footnotes": ""
    },
    "categories": [
        137
    ],
    "tags": [
        26,
        22,
        24
    ],
    "class_list": [
        "post-4804",
        "post",
        "type-post",
        "status-publish",
        "format-standard",
        "hentry",
        "category-opinion-articles",
        "tag-education",
        "tag-tech",
        "tag-training"
    ],
    "yoast_head": "<!-- This site is optimized with the Yoast SEO Premium plugin v27.4 (Yoast SEO v27.5) - https:\/\/yoast.com\/product\/yoast-seo-premium-wordpress\/ -->\n<title>Forma\u00e7\u00e3o Cont\u00ednua - A solu\u00e7\u00e3o para os desafios das Tecnologias da Informa\u00e7\u00e3o - TechOf - Re-Skilling People<\/title>\n<meta name=\"description\" content=\"Apesar de o caminho ainda ser longo, \u00e9 poss\u00edvel resolver o problema da escassez de talento no setor das TI, atrav\u00e9s da forma\u00e7\u00e3o cont\u00ednua, reskilling e upskilling dos profissionais.\" \/>\n<meta name=\"robots\" content=\"index, follow, max-snippet:-1, max-image-preview:large, max-video-preview:-1\" \/>\n<link rel=\"canonical\" href=\"https:\/\/www.techof.pt\/en\/solucao-para-os-desafios-das-tecnologias-da-informacao\/\" \/>\n<meta property=\"og:locale\" content=\"en_GB\" \/>\n<meta property=\"og:type\" content=\"article\" \/>\n<meta property=\"og:title\" content=\"Forma\u00e7\u00e3o Cont\u00ednua - A solu\u00e7\u00e3o para os desafios das Tecnologias da Informa\u00e7\u00e3o\" \/>\n<meta property=\"og:description\" content=\"Apesar de o caminho ainda ser longo, \u00e9 poss\u00edvel resolver o problema da escassez de talento no setor das TI, atrav\u00e9s da forma\u00e7\u00e3o cont\u00ednua, reskilling e upskilling dos profissionais.\" \/>\n<meta property=\"og:url\" content=\"https:\/\/www.techof.pt\/en\/solucao-para-os-desafios-das-tecnologias-da-informacao\/\" \/>\n<meta property=\"og:site_name\" content=\"TechOf - Re-Skilling People\" \/>\n<meta property=\"article:publisher\" content=\"https:\/\/www.facebook.com\/techofpt\" \/>\n<meta property=\"article:published_time\" content=\"2024-06-06T17:54:00+00:00\" \/>\n<meta property=\"article:modified_time\" content=\"2024-11-13T19:01:25+00:00\" \/>\n<meta property=\"og:image\" content=\"https:\/\/www.techof.pt\/wp-content\/uploads\/2024\/09\/Beatriz-Duarte_TechOf-1.jpeg\" \/>\n<meta name=\"author\" content=\"Joana Rosa\" \/>\n<meta name=\"twitter:card\" content=\"summary_large_image\" \/>\n<meta name=\"twitter:creator\" content=\"@TechOf_\" \/>\n<meta name=\"twitter:site\" content=\"@TechOf_\" \/>\n<meta name=\"twitter:label1\" content=\"Written by\" \/>\n\t<meta name=\"twitter:data1\" content=\"Joana Rosa\" \/>\n\t<meta name=\"twitter:label2\" content=\"Estimated reading time\" \/>\n\t<meta name=\"twitter:data2\" content=\"3 minutes\" \/>\n<script type=\"application\/ld+json\" class=\"yoast-schema-graph\">{\"@context\":\"https:\\\/\\\/schema.org\",\"@graph\":[{\"@type\":\"Article\",\"@id\":\"https:\\\/\\\/www.techof.pt\\\/en\\\/solucao-para-os-desafios-das-tecnologias-da-informacao\\\/#article\",\"isPartOf\":{\"@id\":\"https:\\\/\\\/www.techof.pt\\\/en\\\/solucao-para-os-desafios-das-tecnologias-da-informacao\\\/\"},\"author\":{\"name\":\"Joana Rosa\",\"@id\":\"https:\\\/\\\/www.techof.pt\\\/en\\\/#\\\/schema\\\/person\\\/5b9be03e44b1a85d28753689cb4206a3\"},\"headline\":\"Forma\u00e7\u00e3o Cont\u00ednua &#8211; A solu\u00e7\u00e3o para os desafios das Tecnologias da Informa\u00e7\u00e3o\",\"datePublished\":\"2024-06-06T17:54:00+00:00\",\"dateModified\":\"2024-11-13T19:01:25+00:00\",\"mainEntityOfPage\":{\"@id\":\"https:\\\/\\\/www.techof.pt\\\/en\\\/solucao-para-os-desafios-das-tecnologias-da-informacao\\\/\"},\"wordCount\":723,\"commentCount\":0,\"publisher\":{\"@id\":\"https:\\\/\\\/www.techof.pt\\\/en\\\/#organization\"},\"image\":{\"@id\":\"https:\\\/\\\/www.techof.pt\\\/en\\\/solucao-para-os-desafios-das-tecnologias-da-informacao\\\/#primaryimage\"},\"thumbnailUrl\":\"https:\\\/\\\/www.techof.pt\\\/wp-content\\\/uploads\\\/2024\\\/09\\\/Beatriz-Duarte_TechOf-1.jpeg\",\"keywords\":[\"education\",\"tech\",\"training\"],\"articleSection\":[\"Opinion Articles\"],\"inLanguage\":\"en-GB\",\"potentialAction\":[{\"@type\":\"CommentAction\",\"name\":\"Comment\",\"target\":[\"https:\\\/\\\/www.techof.pt\\\/en\\\/solucao-para-os-desafios-das-tecnologias-da-informacao\\\/#respond\"]}]},{\"@type\":\"WebPage\",\"@id\":\"https:\\\/\\\/www.techof.pt\\\/en\\\/solucao-para-os-desafios-das-tecnologias-da-informacao\\\/\",\"url\":\"https:\\\/\\\/www.techof.pt\\\/en\\\/solucao-para-os-desafios-das-tecnologias-da-informacao\\\/\",\"name\":\"Forma\u00e7\u00e3o Cont\u00ednua - A solu\u00e7\u00e3o para os desafios das Tecnologias da Informa\u00e7\u00e3o - TechOf - Re-Skilling People\",\"isPartOf\":{\"@id\":\"https:\\\/\\\/www.techof.pt\\\/en\\\/#website\"},\"primaryImageOfPage\":{\"@id\":\"https:\\\/\\\/www.techof.pt\\\/en\\\/solucao-para-os-desafios-das-tecnologias-da-informacao\\\/#primaryimage\"},\"image\":{\"@id\":\"https:\\\/\\\/www.techof.pt\\\/en\\\/solucao-para-os-desafios-das-tecnologias-da-informacao\\\/#primaryimage\"},\"thumbnailUrl\":\"https:\\\/\\\/www.techof.pt\\\/wp-content\\\/uploads\\\/2024\\\/09\\\/Beatriz-Duarte_TechOf-1.jpeg\",\"datePublished\":\"2024-06-06T17:54:00+00:00\",\"dateModified\":\"2024-11-13T19:01:25+00:00\",\"description\":\"Apesar de o caminho ainda ser longo, \u00e9 poss\u00edvel resolver o problema da escassez de talento no setor das TI, atrav\u00e9s da forma\u00e7\u00e3o cont\u00ednua, reskilling e upskilling dos profissionais.\",\"breadcrumb\":{\"@id\":\"https:\\\/\\\/www.techof.pt\\\/en\\\/solucao-para-os-desafios-das-tecnologias-da-informacao\\\/#breadcrumb\"},\"inLanguage\":\"en-GB\",\"potentialAction\":[{\"@type\":\"ReadAction\",\"target\":[\"https:\\\/\\\/www.techof.pt\\\/en\\\/solucao-para-os-desafios-das-tecnologias-da-informacao\\\/\"]}]},{\"@type\":\"ImageObject\",\"inLanguage\":\"en-GB\",\"@id\":\"https:\\\/\\\/www.techof.pt\\\/en\\\/solucao-para-os-desafios-das-tecnologias-da-informacao\\\/#primaryimage\",\"url\":\"https:\\\/\\\/www.techof.pt\\\/wp-content\\\/uploads\\\/2024\\\/09\\\/Beatriz-Duarte_TechOf-1.jpeg\",\"contentUrl\":\"https:\\\/\\\/www.techof.pt\\\/wp-content\\\/uploads\\\/2024\\\/09\\\/Beatriz-Duarte_TechOf-1.jpeg\"},{\"@type\":\"BreadcrumbList\",\"@id\":\"https:\\\/\\\/www.techof.pt\\\/en\\\/solucao-para-os-desafios-das-tecnologias-da-informacao\\\/#breadcrumb\",\"itemListElement\":[{\"@type\":\"ListItem\",\"position\":1,\"name\":\"Home\",\"item\":\"https:\\\/\\\/www.techof.pt\\\/\"},{\"@type\":\"ListItem\",\"position\":2,\"name\":\"Forma\u00e7\u00e3o Cont\u00ednua &#8211; A solu\u00e7\u00e3o para os desafios das Tecnologias da Informa\u00e7\u00e3o\"}]},{\"@type\":\"WebSite\",\"@id\":\"https:\\\/\\\/www.techof.pt\\\/en\\\/#website\",\"url\":\"https:\\\/\\\/www.techof.pt\\\/en\\\/\",\"name\":\"TechOf - Re-Skilling People\",\"description\":\"The Fast Track to Tech\",\"publisher\":{\"@id\":\"https:\\\/\\\/www.techof.pt\\\/en\\\/#organization\"},\"potentialAction\":[{\"@type\":\"SearchAction\",\"target\":{\"@type\":\"EntryPoint\",\"urlTemplate\":\"https:\\\/\\\/www.techof.pt\\\/en\\\/?s={search_term_string}\"},\"query-input\":{\"@type\":\"PropertyValueSpecification\",\"valueRequired\":true,\"valueName\":\"search_term_string\"}}],\"inLanguage\":\"en-GB\"},{\"@type\":\"Organization\",\"@id\":\"https:\\\/\\\/www.techof.pt\\\/en\\\/#organization\",\"name\":\"TechOf\",\"url\":\"https:\\\/\\\/www.techof.pt\\\/en\\\/\",\"logo\":{\"@type\":\"ImageObject\",\"inLanguage\":\"en-GB\",\"@id\":\"https:\\\/\\\/www.techof.pt\\\/en\\\/#\\\/schema\\\/logo\\\/image\\\/\",\"url\":\"https:\\\/\\\/www.techof.pt\\\/wp-content\\\/uploads\\\/2022\\\/06\\\/Tech_Logo_RGB_PRINCIPAL_PRETO.png\",\"contentUrl\":\"https:\\\/\\\/www.techof.pt\\\/wp-content\\\/uploads\\\/2022\\\/06\\\/Tech_Logo_RGB_PRINCIPAL_PRETO.png\",\"width\":1419,\"height\":806,\"caption\":\"TechOf\"},\"image\":{\"@id\":\"https:\\\/\\\/www.techof.pt\\\/en\\\/#\\\/schema\\\/logo\\\/image\\\/\"},\"sameAs\":[\"https:\\\/\\\/www.facebook.com\\\/techofpt\",\"https:\\\/\\\/x.com\\\/TechOf_\",\"https:\\\/\\\/www.linkedin.com\\\/company\\\/techof-reskilling-people\",\"https:\\\/\\\/www.instagram.com\\\/techof_\",\"https:\\\/\\\/www.youtube.com\\\/channel\\\/UCJq1PGIWFyB_FD4N6D_hqGw\"]},{\"@type\":\"Person\",\"@id\":\"https:\\\/\\\/www.techof.pt\\\/en\\\/#\\\/schema\\\/person\\\/5b9be03e44b1a85d28753689cb4206a3\",\"name\":\"Joana Rosa\",\"image\":{\"@type\":\"ImageObject\",\"inLanguage\":\"en-GB\",\"@id\":\"https:\\\/\\\/secure.gravatar.com\\\/avatar\\\/c535bfa011648331f3052fbbb0ccb46e95d8470c31c8c88090d98e0ad83b09ee?s=96&d=mm&r=g\",\"url\":\"https:\\\/\\\/secure.gravatar.com\\\/avatar\\\/c535bfa011648331f3052fbbb0ccb46e95d8470c31c8c88090d98e0ad83b09ee?s=96&d=mm&r=g\",\"contentUrl\":\"https:\\\/\\\/secure.gravatar.com\\\/avatar\\\/c535bfa011648331f3052fbbb0ccb46e95d8470c31c8c88090d98e0ad83b09ee?s=96&d=mm&r=g\",\"caption\":\"Joana Rosa\"},\"url\":\"https:\\\/\\\/www.techof.pt\\\/en\\\/author\\\/joana-rosa\\\/\"}]}<\/script>\n<!-- \/ Yoast SEO Premium plugin. -->",
    "yoast_head_json": {
        "title": "Forma\u00e7\u00e3o Cont\u00ednua - A solu\u00e7\u00e3o para os desafios das Tecnologias da Informa\u00e7\u00e3o - TechOf - Re-Skilling People",
        "description": "Apesar de o caminho ainda ser longo, \u00e9 poss\u00edvel resolver o problema da escassez de talento no setor das TI, atrav\u00e9s da forma\u00e7\u00e3o cont\u00ednua, reskilling e upskilling dos profissionais.",
        "robots": {
            "index": "index",
            "follow": "follow",
            "max-snippet": "max-snippet:-1",
            "max-image-preview": "max-image-preview:large",
            "max-video-preview": "max-video-preview:-1"
        },
        "canonical": "https:\/\/www.techof.pt\/en\/solucao-para-os-desafios-das-tecnologias-da-informacao\/",
        "og_locale": "en_GB",
        "og_type": "article",
        "og_title": "Forma\u00e7\u00e3o Cont\u00ednua - A solu\u00e7\u00e3o para os desafios das Tecnologias da Informa\u00e7\u00e3o",
        "og_description": "Apesar de o caminho ainda ser longo, \u00e9 poss\u00edvel resolver o problema da escassez de talento no setor das TI, atrav\u00e9s da forma\u00e7\u00e3o cont\u00ednua, reskilling e upskilling dos profissionais.",
        "og_url": "https:\/\/www.techof.pt\/en\/solucao-para-os-desafios-das-tecnologias-da-informacao\/",
        "og_site_name": "TechOf - Re-Skilling People",
        "article_publisher": "https:\/\/www.facebook.com\/techofpt",
        "article_published_time": "2024-06-06T17:54:00+00:00",
        "article_modified_time": "2024-11-13T19:01:25+00:00",
        "og_image": [
            {
                "url": "https:\/\/www.techof.pt\/wp-content\/uploads\/2024\/09\/Beatriz-Duarte_TechOf-1.jpeg",
                "type": "",
                "width": "",
                "height": ""
            }
        ],
        "author": "Joana Rosa",
        "twitter_card": "summary_large_image",
        "twitter_creator": "@TechOf_",
        "twitter_site": "@TechOf_",
        "twitter_misc": {
            "Written by": "Joana Rosa",
            "Estimated reading time": "3 minutes"
        },
        "schema": {
            "@context": "https:\/\/schema.org",
            "@graph": [
                {
                    "@type": "Article",
                    "@id": "https:\/\/www.techof.pt\/en\/solucao-para-os-desafios-das-tecnologias-da-informacao\/#article",
                    "isPartOf": {
                        "@id": "https:\/\/www.techof.pt\/en\/solucao-para-os-desafios-das-tecnologias-da-informacao\/"
                    },
                    "author": {
                        "name": "Joana Rosa",
                        "@id": "https:\/\/www.techof.pt\/en\/#\/schema\/person\/5b9be03e44b1a85d28753689cb4206a3"
                    },
                    "headline": "Forma\u00e7\u00e3o Cont\u00ednua &#8211; A solu\u00e7\u00e3o para os desafios das Tecnologias da Informa\u00e7\u00e3o",
                    "datePublished": "2024-06-06T17:54:00+00:00",
                    "dateModified": "2024-11-13T19:01:25+00:00",
                    "mainEntityOfPage": {
                        "@id": "https:\/\/www.techof.pt\/en\/solucao-para-os-desafios-das-tecnologias-da-informacao\/"
                    },
                    "wordCount": 723,
                    "commentCount": 0,
                    "publisher": {
                        "@id": "https:\/\/www.techof.pt\/en\/#organization"
                    },
                    "image": {
                        "@id": "https:\/\/www.techof.pt\/en\/solucao-para-os-desafios-das-tecnologias-da-informacao\/#primaryimage"
                    },
                    "thumbnailUrl": "https:\/\/www.techof.pt\/wp-content\/uploads\/2024\/09\/Beatriz-Duarte_TechOf-1.jpeg",
                    "keywords": [
                        "education",
                        "tech",
                        "training"
                    ],
                    "articleSection": [
                        "Opinion Articles"
                    ],
                    "inLanguage": "en-GB",
                    "potentialAction": [
                        {
                            "@type": "CommentAction",
                            "name": "Comment",
                            "target": [
                                "https:\/\/www.techof.pt\/en\/solucao-para-os-desafios-das-tecnologias-da-informacao\/#respond"
                            ]
                        }
                    ]
                },
                {
                    "@type": "WebPage",
                    "@id": "https:\/\/www.techof.pt\/en\/solucao-para-os-desafios-das-tecnologias-da-informacao\/",
                    "url": "https:\/\/www.techof.pt\/en\/solucao-para-os-desafios-das-tecnologias-da-informacao\/",
                    "name": "Forma\u00e7\u00e3o Cont\u00ednua - A solu\u00e7\u00e3o para os desafios das Tecnologias da Informa\u00e7\u00e3o - TechOf - Re-Skilling People",
                    "isPartOf": {
                        "@id": "https:\/\/www.techof.pt\/en\/#website"
                    },
                    "primaryImageOfPage": {
                        "@id": "https:\/\/www.techof.pt\/en\/solucao-para-os-desafios-das-tecnologias-da-informacao\/#primaryimage"
                    },
                    "image": {
                        "@id": "https:\/\/www.techof.pt\/en\/solucao-para-os-desafios-das-tecnologias-da-informacao\/#primaryimage"
                    },
                    "thumbnailUrl": "https:\/\/www.techof.pt\/wp-content\/uploads\/2024\/09\/Beatriz-Duarte_TechOf-1.jpeg",
                    "datePublished": "2024-06-06T17:54:00+00:00",
                    "dateModified": "2024-11-13T19:01:25+00:00",
                    "description": "Apesar de o caminho ainda ser longo, \u00e9 poss\u00edvel resolver o problema da escassez de talento no setor das TI, atrav\u00e9s da forma\u00e7\u00e3o cont\u00ednua, reskilling e upskilling dos profissionais.",
                    "breadcrumb": {
                        "@id": "https:\/\/www.techof.pt\/en\/solucao-para-os-desafios-das-tecnologias-da-informacao\/#breadcrumb"
                    },
                    "inLanguage": "en-GB",
                    "potentialAction": [
                        {
                            "@type": "ReadAction",
                            "target": [
                                "https:\/\/www.techof.pt\/en\/solucao-para-os-desafios-das-tecnologias-da-informacao\/"
                            ]
                        }
                    ]
                },
                {
                    "@type": "ImageObject",
                    "inLanguage": "en-GB",
                    "@id": "https:\/\/www.techof.pt\/en\/solucao-para-os-desafios-das-tecnologias-da-informacao\/#primaryimage",
                    "url": "https:\/\/www.techof.pt\/wp-content\/uploads\/2024\/09\/Beatriz-Duarte_TechOf-1.jpeg",
                    "contentUrl": "https:\/\/www.techof.pt\/wp-content\/uploads\/2024\/09\/Beatriz-Duarte_TechOf-1.jpeg"
                },
                {
                    "@type": "BreadcrumbList",
                    "@id": "https:\/\/www.techof.pt\/en\/solucao-para-os-desafios-das-tecnologias-da-informacao\/#breadcrumb",
                    "itemListElement": [
                        {
                            "@type": "ListItem",
                            "position": 1,
                            "name": "Home",
                            "item": "https:\/\/www.techof.pt\/"
                        },
                        {
                            "@type": "ListItem",
                            "position": 2,
                            "name": "Forma\u00e7\u00e3o Cont\u00ednua &#8211; A solu\u00e7\u00e3o para os desafios das Tecnologias da Informa\u00e7\u00e3o"
                        }
                    ]
                },
                {
                    "@type": "WebSite",
                    "@id": "https:\/\/www.techof.pt\/en\/#website",
                    "url": "https:\/\/www.techof.pt\/en\/",
                    "name": "TechOf - Re-Skilling People",
                    "description": "The Fast Track to Tech",
                    "publisher": {
                        "@id": "https:\/\/www.techof.pt\/en\/#organization"
                    },
                    "potentialAction": [
                        {
                            "@type": "SearchAction",
                            "target": {
                                "@type": "EntryPoint",
                                "urlTemplate": "https:\/\/www.techof.pt\/en\/?s={search_term_string}"
                            },
                            "query-input": {
                                "@type": "PropertyValueSpecification",
                                "valueRequired": true,
                                "valueName": "search_term_string"
                            }
                        }
                    ],
                    "inLanguage": "en-GB"
                },
                {
                    "@type": "Organization",
                    "@id": "https:\/\/www.techof.pt\/en\/#organization",
                    "name": "TechOf",
                    "url": "https:\/\/www.techof.pt\/en\/",
                    "logo": {
                        "@type": "ImageObject",
                        "inLanguage": "en-GB",
                        "@id": "https:\/\/www.techof.pt\/en\/#\/schema\/logo\/image\/",
                        "url": "https:\/\/www.techof.pt\/wp-content\/uploads\/2022\/06\/Tech_Logo_RGB_PRINCIPAL_PRETO.png",
                        "contentUrl": "https:\/\/www.techof.pt\/wp-content\/uploads\/2022\/06\/Tech_Logo_RGB_PRINCIPAL_PRETO.png",
                        "width": 1419,
                        "height": 806,
                        "caption": "TechOf"
                    },
                    "image": {
                        "@id": "https:\/\/www.techof.pt\/en\/#\/schema\/logo\/image\/"
                    },
                    "sameAs": [
                        "https:\/\/www.facebook.com\/techofpt",
                        "https:\/\/x.com\/TechOf_",
                        "https:\/\/www.linkedin.com\/company\/techof-reskilling-people",
                        "https:\/\/www.instagram.com\/techof_",
                        "https:\/\/www.youtube.com\/channel\/UCJq1PGIWFyB_FD4N6D_hqGw"
                    ]
                },
                {
                    "@type": "Person",
                    "@id": "https:\/\/www.techof.pt\/en\/#\/schema\/person\/5b9be03e44b1a85d28753689cb4206a3",
                    "name": "Joana Rosa",
                    "image": {
                        "@type": "ImageObject",
                        "inLanguage": "en-GB",
                        "@id": "https:\/\/secure.gravatar.com\/avatar\/c535bfa011648331f3052fbbb0ccb46e95d8470c31c8c88090d98e0ad83b09ee?s=96&d=mm&r=g",
                        "url": "https:\/\/secure.gravatar.com\/avatar\/c535bfa011648331f3052fbbb0ccb46e95d8470c31c8c88090d98e0ad83b09ee?s=96&d=mm&r=g",
                        "contentUrl": "https:\/\/secure.gravatar.com\/avatar\/c535bfa011648331f3052fbbb0ccb46e95d8470c31c8c88090d98e0ad83b09ee?s=96&d=mm&r=g",
                        "caption": "Joana Rosa"
                    },
                    "url": "https:\/\/www.techof.pt\/en\/author\/joana-rosa\/"
                }
            ]
        }
    },
    "_links": {
        "self": [
            {
                "href": "https:\/\/www.techof.pt\/en\/wp-json\/wp\/v2\/posts\/4804",
                "targetHints": {
                    "allow": [
                        "GET"
                    ]
                }
            }
        ],
        "collection": [
            {
                "href": "https:\/\/www.techof.pt\/en\/wp-json\/wp\/v2\/posts"
            }
        ],
        "about": [
            {
                "href": "https:\/\/www.techof.pt\/en\/wp-json\/wp\/v2\/types\/post"
            }
        ],
        "author": [
            {
                "embeddable": true,
                "href": "https:\/\/www.techof.pt\/en\/wp-json\/wp\/v2\/users\/5"
            }
        ],
        "replies": [
            {
                "embeddable": true,
                "href": "https:\/\/www.techof.pt\/en\/wp-json\/wp\/v2\/comments?post=4804"
            }
        ],
        "version-history": [
            {
                "count": 1,
                "href": "https:\/\/www.techof.pt\/en\/wp-json\/wp\/v2\/posts\/4804\/revisions"
            }
        ],
        "predecessor-version": [
            {
                "id": 4805,
                "href": "https:\/\/www.techof.pt\/en\/wp-json\/wp\/v2\/posts\/4804\/revisions\/4805"
            }
        ],
        "wp:attachment": [
            {
                "href": "https:\/\/www.techof.pt\/en\/wp-json\/wp\/v2\/media?parent=4804"
            }
        ],
        "wp:term": [
            {
                "taxonomy": "category",
                "embeddable": true,
                "href": "https:\/\/www.techof.pt\/en\/wp-json\/wp\/v2\/categories?post=4804"
            },
            {
                "taxonomy": "post_tag",
                "embeddable": true,
                "href": "https:\/\/www.techof.pt\/en\/wp-json\/wp\/v2\/tags?post=4804"
            }
        ],
        "curies": [
            {
                "name": "wp",
                "href": "https:\/\/api.w.org\/{rel}",
                "templated": true
            }
        ]
    }
}