{
    "id": 4654,
    "date": "2024-11-08T17:51:10",
    "date_gmt": "2024-11-08T17:51:10",
    "guid": {
        "rendered": "https:\/\/www.techof.pt\/?p=4654"
    },
    "modified": "2024-11-08T17:51:10",
    "modified_gmt": "2024-11-08T17:51:10",
    "slug": "lifelong-learning-chave-para-a-escassez-de-competencias",
    "status": "publish",
    "type": "post",
    "link": "https:\/\/www.techof.pt\/en\/lifelong-learning-chave-para-a-escassez-de-competencias\/",
    "title": {
        "rendered": "Lifelong Learning: a chave para a escassez de compet\u00eancias"
    },
    "content": {
        "rendered": "<p class=\"has-text-align-left\"><strong>O futuro do trabalho pertence \u00e0queles que est\u00e3o dispostos a aprender continuamente e a adaptar-se \u00e0s novas realidades.<\/strong><\/p>\n\n\n\n<figure class=\"wp-block-image alignleft size-full is-resized\"><img fetchpriority=\"high\" decoding=\"async\" width=\"800\" height=\"800\" src=\"https:\/\/www.techof.pt\/wp-content\/uploads\/2024\/09\/Beatriz-Duarte_TechOf-1.jpeg\" alt=\"\" class=\"wp-image-4625\" style=\"width:256px;height:auto\" srcset=\"https:\/\/www.techof.pt\/wp-content\/uploads\/2024\/09\/Beatriz-Duarte_TechOf-1.jpeg 800w, https:\/\/www.techof.pt\/wp-content\/uploads\/2024\/09\/Beatriz-Duarte_TechOf-1-300x300.jpeg 300w, https:\/\/www.techof.pt\/wp-content\/uploads\/2024\/09\/Beatriz-Duarte_TechOf-1-150x150.jpeg 150w, https:\/\/www.techof.pt\/wp-content\/uploads\/2024\/09\/Beatriz-Duarte_TechOf-1-768x768.jpeg 768w, https:\/\/www.techof.pt\/wp-content\/uploads\/2024\/09\/Beatriz-Duarte_TechOf-1-12x12.jpeg 12w, https:\/\/www.techof.pt\/wp-content\/uploads\/2024\/09\/Beatriz-Duarte_TechOf-1-650x650.jpeg 650w\" sizes=\"(max-width: 800px) 100vw, 800px\" \/><\/figure>\n\n\n\n<p>A falta de compet\u00eancias dos profissionais n\u00e3o \u00e9 uma quest\u00e3o recente. J\u00e1 em 2020, num ciclo de conversas digitais da APDC sobre \u201cO Futuro das Qualifica\u00e7\u00f5es Digitais\u201d, destacava-se a necessidade urgente de uma maior aposta na forma\u00e7\u00e3o e requalifica\u00e7\u00e3o. O refor\u00e7o da coopera\u00e7\u00e3o entre o sistema de ensino e as empresas foi identificado como um fator crucial para uma transforma\u00e7\u00e3o digital bem-sucedida.<\/p>\n\n\n\n<p>Vale a pena recordar as principais conclus\u00f5es desta discuss\u00e3o (bastantes atuais), entre representantes da Axians Portugal, da Comiss\u00e3o Europeia para o Emprego, Assuntos Sociais e Inclus\u00e3o, da Microsoft Portugal, do Conselho Coordenador dos Institutos Superiores Polit\u00e9cnicos e da Associa\u00e7\u00e3o Portuguesa para o Desenvolvimento das Comunica\u00e7\u00f5es: a necessidade de proatividade no investimento em forma\u00e7\u00e3o cont\u00ednua para acompanhar as r\u00e1pidas mudan\u00e7as no mundo laboral; a import\u00e2ncia de uma forma\u00e7\u00e3o ajustada \u00e0s necessidades reais das empresas; a previs\u00e3o de que 800 milh\u00f5es de pessoas em todo o mundo precisar\u00e3o de adquirir novas compet\u00eancias na pr\u00f3xima d\u00e9cada; e a urg\u00eancia de uma coopera\u00e7\u00e3o mais estreita entre o sistema educativo e o mundo do trabalho, de forma a proporcionar aos alunos uma experi\u00eancia pr\u00e1tica mais s\u00f3lida.<\/p>\n\n\n\n<p>N\u00e3o h\u00e1 muito tempo (em junho de 2024), um estudo da QSP \u2013 Marketing Management &amp; Research concluiu que os modelos de educa\u00e7\u00e3o e forma\u00e7\u00e3o atuais continuam desajustados \u00e0s necessidades das empresas. A situa\u00e7\u00e3o n\u00e3o parece ter mudado entre 2020 e 2024. A diverg\u00eancia entre o que se ensina nas salas de aula e o que \u00e9 exigido no mercado de trabalho \u00e9 evidente. Existe um foco excessivo em teorias desatualizadas e uma escassa prepara\u00e7\u00e3o pr\u00e1tica.<\/p>\n\n\n\n<p>Segundo o mesmo inqu\u00e9rito, o problema vai al\u00e9m da mera falta de compet\u00eancias t\u00e9cnicas; a escassez de&nbsp;<em>soft skills&nbsp;<\/em>e de aptid\u00f5es comportamentais tamb\u00e9m \u00e9 uma preocupa\u00e7\u00e3o significativa. Estas \u00e1reas s\u00e3o fundamentais para uma integra\u00e7\u00e3o bem-sucedida no mercado de trabalho.<\/p>\n\n\n\n<p>As empresas procuram profissionais com capacidade de adapta\u00e7\u00e3o, habilidades de resolu\u00e7\u00e3o de problemas, comunica\u00e7\u00e3o eficaz e lideran\u00e7a, al\u00e9m das compet\u00eancias t\u00e9cnicas nas \u00e1reas emergentes. Neste contexto, uma forma\u00e7\u00e3o cont\u00ednua, desenhada em colabora\u00e7\u00e3o com os&nbsp;<em>players&nbsp;<\/em>do mercado de trabalho, torna-se extremamente ben\u00e9fica. O&nbsp;<em>reskilling<\/em>&nbsp;e o<em>&nbsp;upskilling<\/em>&nbsp;emergem como solu\u00e7\u00f5es vitais para preparar os trabalhadores para estas exig\u00eancias.<\/p>\n\n\n\n<p>O conceito de<em>&nbsp;reskilling&nbsp;<\/em>refere-se \u00e0 requalifica\u00e7\u00e3o de profissionais, fornecendo-lhes novas compet\u00eancias que lhes permitem transitar para novas fun\u00e7\u00f5es. Por outro lado, o<em>&nbsp;upskilling<\/em>&nbsp;implica a atualiza\u00e7\u00e3o das compet\u00eancias j\u00e1 adquiridas, ajustando-as \u00e0s inova\u00e7\u00f5es tecnol\u00f3gicas e \u00e0s novas exig\u00eancias do mercado. Ambos os processos s\u00e3o essenciais num cen\u00e1rio em que o conhecimento e as capacidades t\u00e9cnicas evoluem constantemente.<\/p>\n\n\n\n<p>Enquanto professora de<em>&nbsp;Data Analyst<\/em>, tenho testemunhado de perto o impacto positivo que uma forma\u00e7\u00e3o adequada pode ter na carreira de jovens talentos. Atrav\u00e9s de programas pr\u00e1ticos, desenvolvidos em parceria com empresas e ajustados \u00e0s necessidades emergentes do mercado, preparamos os profissionais n\u00e3o apenas para as vagas de hoje, mas tamb\u00e9m para os desafios do futuro.<\/p>\n\n\n\n<p>Esta abordagem permite-lhes desenvolver compet\u00eancias t\u00e9cnicas avan\u00e7adas, bem como habilidades de trabalho em equipa, pensamento cr\u00edtico e adaptabilidade \u2013 elementos-chave para qualquer carreira na era digital, e t\u00e3o abrangentes que poder\u00e3o ser aplicados em qualquer outra \u00e1rea, caso exista uma necessidade de mudan\u00e7a.<\/p>\n\n\n\n<p>H\u00e1 sinais encorajadores de que podemos estar a melhorar em termos de compet\u00eancias. No&nbsp;<em>ranking<\/em>&nbsp;de talento mundial da escola de neg\u00f3cios su\u00ed\u00e7a IMD de setembro deste ano \u2013 que tamb\u00e9m revelou que Portugal se tornou menos atrativo para profissionais qualificados em compara\u00e7\u00e3o com 2023 \u2013 o pa\u00eds registou uma melhoria significativa de seis lugares em rela\u00e7\u00e3o ao ano anterior no indicador que avalia a disponibilidade de habilita\u00e7\u00f5es e compet\u00eancias no talento. As melhorias foram particularmente not\u00f3rias nas \u00e1reas de educa\u00e7\u00e3o em gest\u00e3o e compet\u00eancias lingu\u00edsticas.<\/p>\n\n\n\n<p>Portugal enfrenta uma feroz concorr\u00eancia global para atrair e reter talentos, e uma educa\u00e7\u00e3o desajustada agrava ainda mais esta realidade. \u00c9 fundamental que os sistemas de ensino e forma\u00e7\u00e3o se tornem mais \u00e1geis e ajustados \u00e0s tend\u00eancias tecnol\u00f3gicas.<\/p>\n\n\n\n<p>A forma\u00e7\u00e3o deve ser um processo din\u00e2mico e interativo, permitindo que os alunos apliquem os seus conhecimentos de imediato em projetos reais. Esta metodologia n\u00e3o s\u00f3 melhora a aprendizagem, como tamb\u00e9m assegura que os profissionais estejam preparados para o mercado de trabalho, com as compet\u00eancias necess\u00e1rias para prosperar num mundo em constante mudan\u00e7a.<\/p>\n\n\n\n<p>A forma\u00e7\u00e3o e requalifica\u00e7\u00e3o de profissionais, a jornada<em>&nbsp;lifelong learning<\/em>, n\u00e3o \u00e9 apenas uma oportunidade, mas uma necessidade urgente para garantir que as empresas continuem a inovar e a crescer. O futuro do trabalho pertence \u00e0queles que est\u00e3o dispostos a aprender continuamente e a adaptar-se \u00e0s novas realidades.<\/p>\n\n\n\n<p><em>Artigo de opini\u00e3o de Beatriz Duarte, Tech Lead Data Analyst e Professora na TechOf, publicado no ECO<\/em><\/p>",
        "protected": false
    },
    "excerpt": {
        "rendered": "<p>O futuro do trabalho pertence \u00e0queles que est\u00e3o dispostos a aprender continuamente e a adaptar-se \u00e0s novas realidades. A falta de compet\u00eancias dos profissionais n\u00e3o \u00e9 uma quest\u00e3o recente. J\u00e1 em 2020, num ciclo de conversas digitais da APDC sobre \u201cO Futuro das Qualifica\u00e7\u00f5es Digitais\u201d, destacava-se a necessidade urgente de uma maior aposta na forma\u00e7\u00e3o [&hellip;]<\/p>",
        "protected": false
    },
    "author": 5,
    "featured_media": 0,
    "comment_status": "open",
    "ping_status": "open",
    "sticky": false,
    "template": "",
    "format": "standard",
    "meta": {
        "inline_featured_image": false,
        "footnotes": ""
    },
    "categories": [
        1
    ],
    "tags": [],
    "class_list": [
        "post-4654",
        "post",
        "type-post",
        "status-publish",
        "format-standard",
        "hentry",
        "category-uncategorized"
    ],
    "yoast_head": "<!-- This site is optimized with the Yoast SEO Premium plugin v27.4 (Yoast SEO v27.5) - https:\/\/yoast.com\/product\/yoast-seo-premium-wordpress\/ -->\n<title>Lifelong Learning: a chave para a escassez de compet\u00eancias - TechOf - Re-Skilling People<\/title>\n<meta name=\"description\" content=\"O futuro do trabalho pertence \u00e0queles que est\u00e3o dispostos a aprender continuamente e a adaptar-se \u00e0s novas realidades.\" \/>\n<meta name=\"robots\" content=\"index, follow, max-snippet:-1, max-image-preview:large, max-video-preview:-1\" \/>\n<link rel=\"canonical\" href=\"https:\/\/www.techof.pt\/en\/lifelong-learning-chave-para-a-escassez-de-competencias\/\" \/>\n<meta property=\"og:locale\" content=\"en_GB\" \/>\n<meta property=\"og:type\" content=\"article\" \/>\n<meta property=\"og:title\" content=\"Lifelong Learning: a chave para a escassez de compet\u00eancias\" \/>\n<meta property=\"og:description\" content=\"O futuro do trabalho pertence \u00e0queles que est\u00e3o dispostos a aprender continuamente e a adaptar-se \u00e0s novas realidades.\" \/>\n<meta property=\"og:url\" content=\"https:\/\/www.techof.pt\/en\/lifelong-learning-chave-para-a-escassez-de-competencias\/\" \/>\n<meta property=\"og:site_name\" content=\"TechOf - Re-Skilling People\" \/>\n<meta property=\"article:publisher\" content=\"https:\/\/www.facebook.com\/techofpt\" \/>\n<meta property=\"article:published_time\" content=\"2024-11-08T17:51:10+00:00\" \/>\n<meta property=\"og:image\" content=\"https:\/\/www.techof.pt\/wp-content\/uploads\/2024\/09\/Beatriz-Duarte_TechOf-1.jpeg\" \/>\n<meta name=\"author\" content=\"Joana Rosa\" \/>\n<meta name=\"twitter:card\" content=\"summary_large_image\" \/>\n<meta name=\"twitter:creator\" content=\"@TechOf_\" \/>\n<meta name=\"twitter:site\" content=\"@TechOf_\" \/>\n<meta name=\"twitter:label1\" content=\"Written by\" \/>\n\t<meta name=\"twitter:data1\" content=\"Joana Rosa\" \/>\n\t<meta name=\"twitter:label2\" content=\"Estimated reading time\" \/>\n\t<meta name=\"twitter:data2\" content=\"4 minutes\" \/>\n<script type=\"application\/ld+json\" class=\"yoast-schema-graph\">{\"@context\":\"https:\\\/\\\/schema.org\",\"@graph\":[{\"@type\":\"Article\",\"@id\":\"https:\\\/\\\/www.techof.pt\\\/pt\\\/lifelong-learning-chave-para-a-escassez-de-competencias\\\/#article\",\"isPartOf\":{\"@id\":\"https:\\\/\\\/www.techof.pt\\\/pt\\\/lifelong-learning-chave-para-a-escassez-de-competencias\\\/\"},\"author\":{\"name\":\"Joana Rosa\",\"@id\":\"https:\\\/\\\/www.techof.pt\\\/en\\\/#\\\/schema\\\/person\\\/5b9be03e44b1a85d28753689cb4206a3\"},\"headline\":\"Lifelong Learning: a chave para a escassez de compet\u00eancias\",\"datePublished\":\"2024-11-08T17:51:10+00:00\",\"mainEntityOfPage\":{\"@id\":\"https:\\\/\\\/www.techof.pt\\\/pt\\\/lifelong-learning-chave-para-a-escassez-de-competencias\\\/\"},\"wordCount\":901,\"commentCount\":0,\"publisher\":{\"@id\":\"https:\\\/\\\/www.techof.pt\\\/en\\\/#organization\"},\"image\":{\"@id\":\"https:\\\/\\\/www.techof.pt\\\/pt\\\/lifelong-learning-chave-para-a-escassez-de-competencias\\\/#primaryimage\"},\"thumbnailUrl\":\"https:\\\/\\\/www.techof.pt\\\/wp-content\\\/uploads\\\/2024\\\/09\\\/Beatriz-Duarte_TechOf-1.jpeg\",\"articleSection\":[\"Uncategorized\"],\"inLanguage\":\"en-GB\",\"potentialAction\":[{\"@type\":\"CommentAction\",\"name\":\"Comment\",\"target\":[\"https:\\\/\\\/www.techof.pt\\\/pt\\\/lifelong-learning-chave-para-a-escassez-de-competencias\\\/#respond\"]}]},{\"@type\":\"WebPage\",\"@id\":\"https:\\\/\\\/www.techof.pt\\\/pt\\\/lifelong-learning-chave-para-a-escassez-de-competencias\\\/\",\"url\":\"https:\\\/\\\/www.techof.pt\\\/pt\\\/lifelong-learning-chave-para-a-escassez-de-competencias\\\/\",\"name\":\"Lifelong Learning: a chave para a escassez de compet\u00eancias - TechOf - Re-Skilling People\",\"isPartOf\":{\"@id\":\"https:\\\/\\\/www.techof.pt\\\/en\\\/#website\"},\"primaryImageOfPage\":{\"@id\":\"https:\\\/\\\/www.techof.pt\\\/pt\\\/lifelong-learning-chave-para-a-escassez-de-competencias\\\/#primaryimage\"},\"image\":{\"@id\":\"https:\\\/\\\/www.techof.pt\\\/pt\\\/lifelong-learning-chave-para-a-escassez-de-competencias\\\/#primaryimage\"},\"thumbnailUrl\":\"https:\\\/\\\/www.techof.pt\\\/wp-content\\\/uploads\\\/2024\\\/09\\\/Beatriz-Duarte_TechOf-1.jpeg\",\"datePublished\":\"2024-11-08T17:51:10+00:00\",\"description\":\"O futuro do trabalho pertence \u00e0queles que est\u00e3o dispostos a aprender continuamente e a adaptar-se \u00e0s novas realidades.\",\"breadcrumb\":{\"@id\":\"https:\\\/\\\/www.techof.pt\\\/pt\\\/lifelong-learning-chave-para-a-escassez-de-competencias\\\/#breadcrumb\"},\"inLanguage\":\"en-GB\",\"potentialAction\":[{\"@type\":\"ReadAction\",\"target\":[\"https:\\\/\\\/www.techof.pt\\\/pt\\\/lifelong-learning-chave-para-a-escassez-de-competencias\\\/\"]}]},{\"@type\":\"ImageObject\",\"inLanguage\":\"en-GB\",\"@id\":\"https:\\\/\\\/www.techof.pt\\\/pt\\\/lifelong-learning-chave-para-a-escassez-de-competencias\\\/#primaryimage\",\"url\":\"https:\\\/\\\/www.techof.pt\\\/wp-content\\\/uploads\\\/2024\\\/09\\\/Beatriz-Duarte_TechOf-1.jpeg\",\"contentUrl\":\"https:\\\/\\\/www.techof.pt\\\/wp-content\\\/uploads\\\/2024\\\/09\\\/Beatriz-Duarte_TechOf-1.jpeg\"},{\"@type\":\"BreadcrumbList\",\"@id\":\"https:\\\/\\\/www.techof.pt\\\/pt\\\/lifelong-learning-chave-para-a-escassez-de-competencias\\\/#breadcrumb\",\"itemListElement\":[{\"@type\":\"ListItem\",\"position\":1,\"name\":\"Home\",\"item\":\"https:\\\/\\\/www.techof.pt\\\/\"},{\"@type\":\"ListItem\",\"position\":2,\"name\":\"Lifelong Learning: a chave para a escassez de compet\u00eancias\"}]},{\"@type\":\"WebSite\",\"@id\":\"https:\\\/\\\/www.techof.pt\\\/en\\\/#website\",\"url\":\"https:\\\/\\\/www.techof.pt\\\/en\\\/\",\"name\":\"TechOf - Re-Skilling People\",\"description\":\"The Fast Track to Tech\",\"publisher\":{\"@id\":\"https:\\\/\\\/www.techof.pt\\\/en\\\/#organization\"},\"potentialAction\":[{\"@type\":\"SearchAction\",\"target\":{\"@type\":\"EntryPoint\",\"urlTemplate\":\"https:\\\/\\\/www.techof.pt\\\/en\\\/?s={search_term_string}\"},\"query-input\":{\"@type\":\"PropertyValueSpecification\",\"valueRequired\":true,\"valueName\":\"search_term_string\"}}],\"inLanguage\":\"en-GB\"},{\"@type\":\"Organization\",\"@id\":\"https:\\\/\\\/www.techof.pt\\\/en\\\/#organization\",\"name\":\"TechOf\",\"url\":\"https:\\\/\\\/www.techof.pt\\\/en\\\/\",\"logo\":{\"@type\":\"ImageObject\",\"inLanguage\":\"en-GB\",\"@id\":\"https:\\\/\\\/www.techof.pt\\\/en\\\/#\\\/schema\\\/logo\\\/image\\\/\",\"url\":\"https:\\\/\\\/www.techof.pt\\\/wp-content\\\/uploads\\\/2022\\\/06\\\/Tech_Logo_RGB_PRINCIPAL_PRETO.png\",\"contentUrl\":\"https:\\\/\\\/www.techof.pt\\\/wp-content\\\/uploads\\\/2022\\\/06\\\/Tech_Logo_RGB_PRINCIPAL_PRETO.png\",\"width\":1419,\"height\":806,\"caption\":\"TechOf\"},\"image\":{\"@id\":\"https:\\\/\\\/www.techof.pt\\\/en\\\/#\\\/schema\\\/logo\\\/image\\\/\"},\"sameAs\":[\"https:\\\/\\\/www.facebook.com\\\/techofpt\",\"https:\\\/\\\/x.com\\\/TechOf_\",\"https:\\\/\\\/www.linkedin.com\\\/company\\\/techof-reskilling-people\",\"https:\\\/\\\/www.instagram.com\\\/techof_\",\"https:\\\/\\\/www.youtube.com\\\/channel\\\/UCJq1PGIWFyB_FD4N6D_hqGw\"]},{\"@type\":\"Person\",\"@id\":\"https:\\\/\\\/www.techof.pt\\\/en\\\/#\\\/schema\\\/person\\\/5b9be03e44b1a85d28753689cb4206a3\",\"name\":\"Joana Rosa\",\"image\":{\"@type\":\"ImageObject\",\"inLanguage\":\"en-GB\",\"@id\":\"https:\\\/\\\/secure.gravatar.com\\\/avatar\\\/c535bfa011648331f3052fbbb0ccb46e95d8470c31c8c88090d98e0ad83b09ee?s=96&d=mm&r=g\",\"url\":\"https:\\\/\\\/secure.gravatar.com\\\/avatar\\\/c535bfa011648331f3052fbbb0ccb46e95d8470c31c8c88090d98e0ad83b09ee?s=96&d=mm&r=g\",\"contentUrl\":\"https:\\\/\\\/secure.gravatar.com\\\/avatar\\\/c535bfa011648331f3052fbbb0ccb46e95d8470c31c8c88090d98e0ad83b09ee?s=96&d=mm&r=g\",\"caption\":\"Joana Rosa\"},\"url\":\"https:\\\/\\\/www.techof.pt\\\/en\\\/author\\\/joana-rosa\\\/\"}]}<\/script>\n<!-- \/ Yoast SEO Premium plugin. -->",
    "yoast_head_json": {
        "title": "Lifelong Learning: a chave para a escassez de compet\u00eancias - TechOf - Re-Skilling People",
        "description": "O futuro do trabalho pertence \u00e0queles que est\u00e3o dispostos a aprender continuamente e a adaptar-se \u00e0s novas realidades.",
        "robots": {
            "index": "index",
            "follow": "follow",
            "max-snippet": "max-snippet:-1",
            "max-image-preview": "max-image-preview:large",
            "max-video-preview": "max-video-preview:-1"
        },
        "canonical": "https:\/\/www.techof.pt\/en\/lifelong-learning-chave-para-a-escassez-de-competencias\/",
        "og_locale": "en_GB",
        "og_type": "article",
        "og_title": "Lifelong Learning: a chave para a escassez de compet\u00eancias",
        "og_description": "O futuro do trabalho pertence \u00e0queles que est\u00e3o dispostos a aprender continuamente e a adaptar-se \u00e0s novas realidades.",
        "og_url": "https:\/\/www.techof.pt\/en\/lifelong-learning-chave-para-a-escassez-de-competencias\/",
        "og_site_name": "TechOf - Re-Skilling People",
        "article_publisher": "https:\/\/www.facebook.com\/techofpt",
        "article_published_time": "2024-11-08T17:51:10+00:00",
        "og_image": [
            {
                "url": "https:\/\/www.techof.pt\/wp-content\/uploads\/2024\/09\/Beatriz-Duarte_TechOf-1.jpeg",
                "type": "",
                "width": "",
                "height": ""
            }
        ],
        "author": "Joana Rosa",
        "twitter_card": "summary_large_image",
        "twitter_creator": "@TechOf_",
        "twitter_site": "@TechOf_",
        "twitter_misc": {
            "Written by": "Joana Rosa",
            "Estimated reading time": "4 minutes"
        },
        "schema": {
            "@context": "https:\/\/schema.org",
            "@graph": [
                {
                    "@type": "Article",
                    "@id": "https:\/\/www.techof.pt\/pt\/lifelong-learning-chave-para-a-escassez-de-competencias\/#article",
                    "isPartOf": {
                        "@id": "https:\/\/www.techof.pt\/pt\/lifelong-learning-chave-para-a-escassez-de-competencias\/"
                    },
                    "author": {
                        "name": "Joana Rosa",
                        "@id": "https:\/\/www.techof.pt\/en\/#\/schema\/person\/5b9be03e44b1a85d28753689cb4206a3"
                    },
                    "headline": "Lifelong Learning: a chave para a escassez de compet\u00eancias",
                    "datePublished": "2024-11-08T17:51:10+00:00",
                    "mainEntityOfPage": {
                        "@id": "https:\/\/www.techof.pt\/pt\/lifelong-learning-chave-para-a-escassez-de-competencias\/"
                    },
                    "wordCount": 901,
                    "commentCount": 0,
                    "publisher": {
                        "@id": "https:\/\/www.techof.pt\/en\/#organization"
                    },
                    "image": {
                        "@id": "https:\/\/www.techof.pt\/pt\/lifelong-learning-chave-para-a-escassez-de-competencias\/#primaryimage"
                    },
                    "thumbnailUrl": "https:\/\/www.techof.pt\/wp-content\/uploads\/2024\/09\/Beatriz-Duarte_TechOf-1.jpeg",
                    "articleSection": [
                        "Uncategorized"
                    ],
                    "inLanguage": "en-GB",
                    "potentialAction": [
                        {
                            "@type": "CommentAction",
                            "name": "Comment",
                            "target": [
                                "https:\/\/www.techof.pt\/pt\/lifelong-learning-chave-para-a-escassez-de-competencias\/#respond"
                            ]
                        }
                    ]
                },
                {
                    "@type": "WebPage",
                    "@id": "https:\/\/www.techof.pt\/pt\/lifelong-learning-chave-para-a-escassez-de-competencias\/",
                    "url": "https:\/\/www.techof.pt\/pt\/lifelong-learning-chave-para-a-escassez-de-competencias\/",
                    "name": "Lifelong Learning: a chave para a escassez de compet\u00eancias - TechOf - Re-Skilling People",
                    "isPartOf": {
                        "@id": "https:\/\/www.techof.pt\/en\/#website"
                    },
                    "primaryImageOfPage": {
                        "@id": "https:\/\/www.techof.pt\/pt\/lifelong-learning-chave-para-a-escassez-de-competencias\/#primaryimage"
                    },
                    "image": {
                        "@id": "https:\/\/www.techof.pt\/pt\/lifelong-learning-chave-para-a-escassez-de-competencias\/#primaryimage"
                    },
                    "thumbnailUrl": "https:\/\/www.techof.pt\/wp-content\/uploads\/2024\/09\/Beatriz-Duarte_TechOf-1.jpeg",
                    "datePublished": "2024-11-08T17:51:10+00:00",
                    "description": "O futuro do trabalho pertence \u00e0queles que est\u00e3o dispostos a aprender continuamente e a adaptar-se \u00e0s novas realidades.",
                    "breadcrumb": {
                        "@id": "https:\/\/www.techof.pt\/pt\/lifelong-learning-chave-para-a-escassez-de-competencias\/#breadcrumb"
                    },
                    "inLanguage": "en-GB",
                    "potentialAction": [
                        {
                            "@type": "ReadAction",
                            "target": [
                                "https:\/\/www.techof.pt\/pt\/lifelong-learning-chave-para-a-escassez-de-competencias\/"
                            ]
                        }
                    ]
                },
                {
                    "@type": "ImageObject",
                    "inLanguage": "en-GB",
                    "@id": "https:\/\/www.techof.pt\/pt\/lifelong-learning-chave-para-a-escassez-de-competencias\/#primaryimage",
                    "url": "https:\/\/www.techof.pt\/wp-content\/uploads\/2024\/09\/Beatriz-Duarte_TechOf-1.jpeg",
                    "contentUrl": "https:\/\/www.techof.pt\/wp-content\/uploads\/2024\/09\/Beatriz-Duarte_TechOf-1.jpeg"
                },
                {
                    "@type": "BreadcrumbList",
                    "@id": "https:\/\/www.techof.pt\/pt\/lifelong-learning-chave-para-a-escassez-de-competencias\/#breadcrumb",
                    "itemListElement": [
                        {
                            "@type": "ListItem",
                            "position": 1,
                            "name": "Home",
                            "item": "https:\/\/www.techof.pt\/"
                        },
                        {
                            "@type": "ListItem",
                            "position": 2,
                            "name": "Lifelong Learning: a chave para a escassez de compet\u00eancias"
                        }
                    ]
                },
                {
                    "@type": "WebSite",
                    "@id": "https:\/\/www.techof.pt\/en\/#website",
                    "url": "https:\/\/www.techof.pt\/en\/",
                    "name": "TechOf - Re-Skilling People",
                    "description": "The Fast Track to Tech",
                    "publisher": {
                        "@id": "https:\/\/www.techof.pt\/en\/#organization"
                    },
                    "potentialAction": [
                        {
                            "@type": "SearchAction",
                            "target": {
                                "@type": "EntryPoint",
                                "urlTemplate": "https:\/\/www.techof.pt\/en\/?s={search_term_string}"
                            },
                            "query-input": {
                                "@type": "PropertyValueSpecification",
                                "valueRequired": true,
                                "valueName": "search_term_string"
                            }
                        }
                    ],
                    "inLanguage": "en-GB"
                },
                {
                    "@type": "Organization",
                    "@id": "https:\/\/www.techof.pt\/en\/#organization",
                    "name": "TechOf",
                    "url": "https:\/\/www.techof.pt\/en\/",
                    "logo": {
                        "@type": "ImageObject",
                        "inLanguage": "en-GB",
                        "@id": "https:\/\/www.techof.pt\/en\/#\/schema\/logo\/image\/",
                        "url": "https:\/\/www.techof.pt\/wp-content\/uploads\/2022\/06\/Tech_Logo_RGB_PRINCIPAL_PRETO.png",
                        "contentUrl": "https:\/\/www.techof.pt\/wp-content\/uploads\/2022\/06\/Tech_Logo_RGB_PRINCIPAL_PRETO.png",
                        "width": 1419,
                        "height": 806,
                        "caption": "TechOf"
                    },
                    "image": {
                        "@id": "https:\/\/www.techof.pt\/en\/#\/schema\/logo\/image\/"
                    },
                    "sameAs": [
                        "https:\/\/www.facebook.com\/techofpt",
                        "https:\/\/x.com\/TechOf_",
                        "https:\/\/www.linkedin.com\/company\/techof-reskilling-people",
                        "https:\/\/www.instagram.com\/techof_",
                        "https:\/\/www.youtube.com\/channel\/UCJq1PGIWFyB_FD4N6D_hqGw"
                    ]
                },
                {
                    "@type": "Person",
                    "@id": "https:\/\/www.techof.pt\/en\/#\/schema\/person\/5b9be03e44b1a85d28753689cb4206a3",
                    "name": "Joana Rosa",
                    "image": {
                        "@type": "ImageObject",
                        "inLanguage": "en-GB",
                        "@id": "https:\/\/secure.gravatar.com\/avatar\/c535bfa011648331f3052fbbb0ccb46e95d8470c31c8c88090d98e0ad83b09ee?s=96&d=mm&r=g",
                        "url": "https:\/\/secure.gravatar.com\/avatar\/c535bfa011648331f3052fbbb0ccb46e95d8470c31c8c88090d98e0ad83b09ee?s=96&d=mm&r=g",
                        "contentUrl": "https:\/\/secure.gravatar.com\/avatar\/c535bfa011648331f3052fbbb0ccb46e95d8470c31c8c88090d98e0ad83b09ee?s=96&d=mm&r=g",
                        "caption": "Joana Rosa"
                    },
                    "url": "https:\/\/www.techof.pt\/en\/author\/joana-rosa\/"
                }
            ]
        }
    },
    "_links": {
        "self": [
            {
                "href": "https:\/\/www.techof.pt\/en\/wp-json\/wp\/v2\/posts\/4654",
                "targetHints": {
                    "allow": [
                        "GET"
                    ]
                }
            }
        ],
        "collection": [
            {
                "href": "https:\/\/www.techof.pt\/en\/wp-json\/wp\/v2\/posts"
            }
        ],
        "about": [
            {
                "href": "https:\/\/www.techof.pt\/en\/wp-json\/wp\/v2\/types\/post"
            }
        ],
        "author": [
            {
                "embeddable": true,
                "href": "https:\/\/www.techof.pt\/en\/wp-json\/wp\/v2\/users\/5"
            }
        ],
        "replies": [
            {
                "embeddable": true,
                "href": "https:\/\/www.techof.pt\/en\/wp-json\/wp\/v2\/comments?post=4654"
            }
        ],
        "version-history": [
            {
                "count": 1,
                "href": "https:\/\/www.techof.pt\/en\/wp-json\/wp\/v2\/posts\/4654\/revisions"
            }
        ],
        "predecessor-version": [
            {
                "id": 4655,
                "href": "https:\/\/www.techof.pt\/en\/wp-json\/wp\/v2\/posts\/4654\/revisions\/4655"
            }
        ],
        "wp:attachment": [
            {
                "href": "https:\/\/www.techof.pt\/en\/wp-json\/wp\/v2\/media?parent=4654"
            }
        ],
        "wp:term": [
            {
                "taxonomy": "category",
                "embeddable": true,
                "href": "https:\/\/www.techof.pt\/en\/wp-json\/wp\/v2\/categories?post=4654"
            },
            {
                "taxonomy": "post_tag",
                "embeddable": true,
                "href": "https:\/\/www.techof.pt\/en\/wp-json\/wp\/v2\/tags?post=4654"
            }
        ],
        "curies": [
            {
                "name": "wp",
                "href": "https:\/\/api.w.org\/{rel}",
                "templated": true
            }
        ]
    }
}