{
    "id": 1377,
    "date": "2024-08-19T10:31:11",
    "date_gmt": "2024-08-19T09:31:11",
    "guid": {
        "rendered": "https:\/\/www.techof.pt\/?p=1377"
    },
    "modified": "2025-03-05T11:21:32",
    "modified_gmt": "2025-03-05T11:21:32",
    "slug": "ja-formamos-os-primeiros-ux-ui-designers-descobre-o-curso-que-junta-teconologia-e-criatividade",
    "status": "publish",
    "type": "post",
    "link": "https:\/\/www.techof.pt\/en\/ja-formamos-os-primeiros-ux-ui-designers-descobre-o-curso-que-junta-teconologia-e-criatividade\/",
    "title": {
        "rendered": "J\u00e1 form\u00e1mos os primeiros UX\/UI Designers! Descobre o curso que junta a tecnologia \u00e0 criatividade"
    },
    "content": {
        "rendered": "<p style=\"text-align: justify;\">Em julho, a TechOf concluiu com sucesso a primeira edi\u00e7\u00e3o do <a href=\"https:\/\/www.techof.pt\/pt\/ux-ui-designer\/\">curso de UX\/UI Design<\/a>, formando a primeira gera\u00e7\u00e3o de designers digitais. Desenvolvido para oferecer uma compreens\u00e3o profunda dos princ\u00edpios e t\u00e9cnicas essenciais para o design de interfaces digitais, o curso de UX\/UI Design da TechOf cobre \u00e1reas cruciais como design gr\u00e1fico, ferramentas interativas e princ\u00edpios de usabilidade. O objetivo \u00e9 capacitar os alunos a desenvolver produtos digitais intuitivos e atraentes em apenas seis meses.<\/p>\n<p style=\"text-align: justify;\">A estrutura do curso contempla m\u00f3dulos variados, que abordam desde a base de ferramentas gr\u00e1ficas vetoriais e pixeladas at\u00e9 t\u00e9cnicas avan\u00e7adas em design gr\u00e1fico e digital, user experience e user interface. \u201c<em>Procuramos manter o conte\u00fado do curso atualizado e relevante, com exemplos pr\u00e1ticos e te\u00f3ricos bem explicados<\/em>\u201d, explica Daniela Mateus, profissional de UX\/UI Design na Six-Factor e respons\u00e1vel pelo sucesso da primeira edi\u00e7\u00e3o do curso.<\/p>\n<p style=\"text-align: justify;\">Gra\u00e7as \u00e0 abordagem did\u00e1tica e pr\u00e1tica dos conte\u00fados e \u00e0 metodologia inovadora J.E.T. Design da Wawiwa, foi poss\u00edvel formar alunos numa \u00e1rea que, em in\u00edcio de carreira, pode gerar um rendimento anual entre 17 e 25 mil euros brutos, segundo um estudo da Landing.Jobs.<\/p>\n<p style=\"text-align: justify;\">\u201c<em>Preparar os alunos para o mercado \u00e9 fundamental e tentamos faz\u00ea-lo ao oferecer um conte\u00fado equilibrado entre teoria e pr\u00e1tica, mantendo uma abordagem pr\u00f3xima e acess\u00edvel para que n\u00e3o se sintam desmotivados. Estamos sempre atentos \u00e0s novas ferramentas e tecnologias, como o MidJourney, que integr\u00e1mos nas aulas assim que foi lan\u00e7ado. Al\u00e9m disso, destacamos a import\u00e2ncia de saber defender o trabalho frente aos programadores, compreendendo as limita\u00e7\u00f5es t\u00e9cnicas sem deixar de lado a qualidade do design<\/em>\u201d, acrescenta a professora.<\/p>\n<p style=\"text-align: justify;\">Para al\u00e9m das aulas tr\u00eas vezes por semana, em formato h\u00edbrido, os alunos s\u00e3o desafiados a desenvolver projetos que lhes permitam construir, desde o in\u00edcio, um portf\u00f3lio s\u00f3lido, fundamental para o processo de entrada no mercado de trabalho.<\/p>\n<p style=\"text-align: justify;\">Renata Almeida, uma das alunas da primeira edi\u00e7\u00e3o e formada em Arquitetura, destaca a experi\u00eancia positiva que teve: \u201c<em>o que me levou a escolher o curso da TechOf foi a possibilidade de ganhar conhecimentos em \u00e1reas muito atuais e relevantes no mercado de trabalho, al\u00e9m de experimentar na pr\u00e1tica o papel de UX\/UI Designer. Foram seis meses extremamente proveitosos e de muita aprendizagem, sempre num ambiente leve e descontra\u00eddo. A flexibilidade e o suporte da equipa foram cruciais para conciliar o curso com o trabalho. Neste momento, estou ansiosa para aplicar todo o conhecimento adquirido e vejo o UX\/UI Design como um complemento valioso \u00e0 minha forma\u00e7\u00e3o em Arquitetura<\/em>\u201d.<\/p>\n<p style=\"text-align: justify;\">As inscri\u00e7\u00f5es para a segunda edi\u00e7\u00e3o do curso, que come\u00e7a em outubro, j\u00e1 se encontram abertas. Transforme a sua carreira em apenas seis meses com a forma\u00e7\u00e3o de excel\u00eancia oferecida pela TechOf.<\/p>",
        "protected": false
    },
    "excerpt": {
        "rendered": "<p>J\u00e1 form\u00e1mos os primeiros UX\/UI Designers! Descobre o curso que junta a tecnologia \u00e0 criatividade<\/p>",
        "protected": false
    },
    "author": 5,
    "featured_media": 4507,
    "comment_status": "open",
    "ping_status": "open",
    "sticky": false,
    "template": "",
    "format": "standard",
    "meta": {
        "inline_featured_image": false,
        "footnotes": ""
    },
    "categories": [
        15
    ],
    "tags": [
        104,
        105,
        106,
        107,
        108,
        109,
        36,
        40,
        41,
        22,
        23,
        24
    ],
    "class_list": [
        "post-1377",
        "post",
        "type-post",
        "status-publish",
        "format-standard",
        "has-post-thumbnail",
        "hentry",
        "category-tech-jobs",
        "tag-big-data",
        "tag-data",
        "tag-data-analyst",
        "tag-data-analytics",
        "tag-data-science",
        "tag-data-scientist",
        "tag-jobs",
        "tag-shortage",
        "tag-skills",
        "tag-tech",
        "tag-technology",
        "tag-training"
    ],
    "yoast_head": "<!-- This site is optimized with the Yoast SEO Premium plugin v27.4 (Yoast SEO v27.5) - https:\/\/yoast.com\/product\/yoast-seo-premium-wordpress\/ -->\n<title>J\u00e1 form\u00e1mos os primeiros UX\/UI Designers! Descobre o curso que junta a tecnologia \u00e0 criatividade - TechOf - Re-Skilling People<\/title>\n<meta name=\"description\" content=\"TechOf forma designers UX\/UI em 6 meses, unindo teoria pr\u00e1tica e metodologia J.E.T. para criar interfaces intuitivos e atraentes para websites e apps.\" \/>\n<meta name=\"robots\" content=\"index, follow, max-snippet:-1, max-image-preview:large, max-video-preview:-1\" \/>\n<link rel=\"canonical\" href=\"https:\/\/www.techof.pt\/en\/ja-formamos-os-primeiros-ux-ui-designers-descobre-o-curso-que-junta-teconologia-e-criatividade\/\" \/>\n<meta property=\"og:locale\" content=\"en_GB\" \/>\n<meta property=\"og:type\" content=\"article\" \/>\n<meta property=\"og:title\" content=\"J\u00e1 form\u00e1mos os primeiros UX\/UI Designers! Descobre o curso que junta a tecnologia \u00e0 criatividade\" \/>\n<meta property=\"og:description\" content=\"TechOf forma designers UX\/UI em 6 meses, unindo teoria pr\u00e1tica e metodologia J.E.T. para criar interfaces intuitivos e atraentes para websites e apps.\" \/>\n<meta property=\"og:url\" content=\"https:\/\/www.techof.pt\/en\/ja-formamos-os-primeiros-ux-ui-designers-descobre-o-curso-que-junta-teconologia-e-criatividade\/\" \/>\n<meta property=\"og:site_name\" content=\"TechOf - Re-Skilling People\" \/>\n<meta property=\"article:publisher\" content=\"https:\/\/www.facebook.com\/techofpt\" \/>\n<meta property=\"article:published_time\" content=\"2024-08-19T09:31:11+00:00\" \/>\n<meta property=\"article:modified_time\" content=\"2025-03-05T11:21:32+00:00\" \/>\n<meta property=\"og:image\" content=\"https:\/\/www.techof.pt\/wp-content\/uploads\/2022\/06\/UX-UI-Design_Blog-Post-scaled.jpg\" \/>\n\t<meta property=\"og:image:width\" content=\"1920\" \/>\n\t<meta property=\"og:image:height\" content=\"2560\" \/>\n\t<meta property=\"og:image:type\" content=\"image\/jpeg\" \/>\n<meta name=\"author\" content=\"Joana Rosa\" \/>\n<meta name=\"twitter:card\" content=\"summary_large_image\" \/>\n<meta name=\"twitter:creator\" content=\"@TechOf_\" \/>\n<meta name=\"twitter:site\" content=\"@TechOf_\" \/>\n<meta name=\"twitter:label1\" content=\"Written by\" \/>\n\t<meta name=\"twitter:data1\" content=\"Joana Rosa\" \/>\n\t<meta name=\"twitter:label2\" content=\"Estimated reading time\" \/>\n\t<meta name=\"twitter:data2\" content=\"3 minutes\" \/>\n<script type=\"application\/ld+json\" class=\"yoast-schema-graph\">{\"@context\":\"https:\\\/\\\/schema.org\",\"@graph\":[{\"@type\":\"Article\",\"@id\":\"https:\\\/\\\/www.techof.pt\\\/ja-formamos-os-primeiros-ux-ui-designers-descobre-o-curso-que-junta-teconologia-e-criatividade\\\/#article\",\"isPartOf\":{\"@id\":\"https:\\\/\\\/www.techof.pt\\\/ja-formamos-os-primeiros-ux-ui-designers-descobre-o-curso-que-junta-teconologia-e-criatividade\\\/\"},\"author\":{\"name\":\"Joana Rosa\",\"@id\":\"https:\\\/\\\/www.techof.pt\\\/en\\\/#\\\/schema\\\/person\\\/5b9be03e44b1a85d28753689cb4206a3\"},\"headline\":\"J\u00e1 form\u00e1mos os primeiros UX\\\/UI Designers! Descobre o curso que junta a tecnologia \u00e0 criatividade\",\"datePublished\":\"2024-08-19T09:31:11+00:00\",\"dateModified\":\"2025-03-05T11:21:32+00:00\",\"mainEntityOfPage\":{\"@id\":\"https:\\\/\\\/www.techof.pt\\\/ja-formamos-os-primeiros-ux-ui-designers-descobre-o-curso-que-junta-teconologia-e-criatividade\\\/\"},\"wordCount\":512,\"commentCount\":0,\"publisher\":{\"@id\":\"https:\\\/\\\/www.techof.pt\\\/en\\\/#organization\"},\"image\":{\"@id\":\"https:\\\/\\\/www.techof.pt\\\/ja-formamos-os-primeiros-ux-ui-designers-descobre-o-curso-que-junta-teconologia-e-criatividade\\\/#primaryimage\"},\"thumbnailUrl\":\"https:\\\/\\\/www.techof.pt\\\/wp-content\\\/uploads\\\/2022\\\/06\\\/UX-UI-Design_Blog-Post-scaled.jpg\",\"keywords\":[\"big data\",\"Data\",\"data analyst\",\"data analytics\",\"data science\",\"data scientist\",\"jobs\",\"shortage\",\"skills\",\"tech\",\"technology\",\"training\"],\"articleSection\":[\"Tech Jobs\"],\"inLanguage\":\"en-GB\",\"potentialAction\":[{\"@type\":\"CommentAction\",\"name\":\"Comment\",\"target\":[\"https:\\\/\\\/www.techof.pt\\\/ja-formamos-os-primeiros-ux-ui-designers-descobre-o-curso-que-junta-teconologia-e-criatividade\\\/#respond\"]}]},{\"@type\":\"WebPage\",\"@id\":\"https:\\\/\\\/www.techof.pt\\\/ja-formamos-os-primeiros-ux-ui-designers-descobre-o-curso-que-junta-teconologia-e-criatividade\\\/\",\"url\":\"https:\\\/\\\/www.techof.pt\\\/ja-formamos-os-primeiros-ux-ui-designers-descobre-o-curso-que-junta-teconologia-e-criatividade\\\/\",\"name\":\"J\u00e1 form\u00e1mos os primeiros UX\\\/UI Designers! Descobre o curso que junta a tecnologia \u00e0 criatividade - TechOf - Re-Skilling People\",\"isPartOf\":{\"@id\":\"https:\\\/\\\/www.techof.pt\\\/en\\\/#website\"},\"primaryImageOfPage\":{\"@id\":\"https:\\\/\\\/www.techof.pt\\\/ja-formamos-os-primeiros-ux-ui-designers-descobre-o-curso-que-junta-teconologia-e-criatividade\\\/#primaryimage\"},\"image\":{\"@id\":\"https:\\\/\\\/www.techof.pt\\\/ja-formamos-os-primeiros-ux-ui-designers-descobre-o-curso-que-junta-teconologia-e-criatividade\\\/#primaryimage\"},\"thumbnailUrl\":\"https:\\\/\\\/www.techof.pt\\\/wp-content\\\/uploads\\\/2022\\\/06\\\/UX-UI-Design_Blog-Post-scaled.jpg\",\"datePublished\":\"2024-08-19T09:31:11+00:00\",\"dateModified\":\"2025-03-05T11:21:32+00:00\",\"description\":\"TechOf forma designers UX\\\/UI em 6 meses, unindo teoria pr\u00e1tica e metodologia J.E.T. para criar interfaces intuitivos e atraentes para websites e apps.\",\"breadcrumb\":{\"@id\":\"https:\\\/\\\/www.techof.pt\\\/ja-formamos-os-primeiros-ux-ui-designers-descobre-o-curso-que-junta-teconologia-e-criatividade\\\/#breadcrumb\"},\"inLanguage\":\"en-GB\",\"potentialAction\":[{\"@type\":\"ReadAction\",\"target\":[\"https:\\\/\\\/www.techof.pt\\\/ja-formamos-os-primeiros-ux-ui-designers-descobre-o-curso-que-junta-teconologia-e-criatividade\\\/\"]}]},{\"@type\":\"ImageObject\",\"inLanguage\":\"en-GB\",\"@id\":\"https:\\\/\\\/www.techof.pt\\\/ja-formamos-os-primeiros-ux-ui-designers-descobre-o-curso-que-junta-teconologia-e-criatividade\\\/#primaryimage\",\"url\":\"https:\\\/\\\/www.techof.pt\\\/wp-content\\\/uploads\\\/2022\\\/06\\\/UX-UI-Design_Blog-Post-scaled.jpg\",\"contentUrl\":\"https:\\\/\\\/www.techof.pt\\\/wp-content\\\/uploads\\\/2022\\\/06\\\/UX-UI-Design_Blog-Post-scaled.jpg\",\"width\":1920,\"height\":2560},{\"@type\":\"BreadcrumbList\",\"@id\":\"https:\\\/\\\/www.techof.pt\\\/ja-formamos-os-primeiros-ux-ui-designers-descobre-o-curso-que-junta-teconologia-e-criatividade\\\/#breadcrumb\",\"itemListElement\":[{\"@type\":\"ListItem\",\"position\":1,\"name\":\"Home\",\"item\":\"https:\\\/\\\/www.techof.pt\\\/\"},{\"@type\":\"ListItem\",\"position\":2,\"name\":\"J\u00e1 form\u00e1mos os primeiros UX\\\/UI Designers! Descobre o curso que junta a tecnologia \u00e0 criatividade\"}]},{\"@type\":\"WebSite\",\"@id\":\"https:\\\/\\\/www.techof.pt\\\/en\\\/#website\",\"url\":\"https:\\\/\\\/www.techof.pt\\\/en\\\/\",\"name\":\"TechOf - Re-Skilling People\",\"description\":\"The Fast Track to Tech\",\"publisher\":{\"@id\":\"https:\\\/\\\/www.techof.pt\\\/en\\\/#organization\"},\"potentialAction\":[{\"@type\":\"SearchAction\",\"target\":{\"@type\":\"EntryPoint\",\"urlTemplate\":\"https:\\\/\\\/www.techof.pt\\\/en\\\/?s={search_term_string}\"},\"query-input\":{\"@type\":\"PropertyValueSpecification\",\"valueRequired\":true,\"valueName\":\"search_term_string\"}}],\"inLanguage\":\"en-GB\"},{\"@type\":\"Organization\",\"@id\":\"https:\\\/\\\/www.techof.pt\\\/en\\\/#organization\",\"name\":\"TechOf\",\"url\":\"https:\\\/\\\/www.techof.pt\\\/en\\\/\",\"logo\":{\"@type\":\"ImageObject\",\"inLanguage\":\"en-GB\",\"@id\":\"https:\\\/\\\/www.techof.pt\\\/en\\\/#\\\/schema\\\/logo\\\/image\\\/\",\"url\":\"https:\\\/\\\/www.techof.pt\\\/wp-content\\\/uploads\\\/2022\\\/06\\\/Tech_Logo_RGB_PRINCIPAL_PRETO.png\",\"contentUrl\":\"https:\\\/\\\/www.techof.pt\\\/wp-content\\\/uploads\\\/2022\\\/06\\\/Tech_Logo_RGB_PRINCIPAL_PRETO.png\",\"width\":1419,\"height\":806,\"caption\":\"TechOf\"},\"image\":{\"@id\":\"https:\\\/\\\/www.techof.pt\\\/en\\\/#\\\/schema\\\/logo\\\/image\\\/\"},\"sameAs\":[\"https:\\\/\\\/www.facebook.com\\\/techofpt\",\"https:\\\/\\\/x.com\\\/TechOf_\",\"https:\\\/\\\/www.linkedin.com\\\/company\\\/techof-reskilling-people\",\"https:\\\/\\\/www.instagram.com\\\/techof_\",\"https:\\\/\\\/www.youtube.com\\\/channel\\\/UCJq1PGIWFyB_FD4N6D_hqGw\"]},{\"@type\":\"Person\",\"@id\":\"https:\\\/\\\/www.techof.pt\\\/en\\\/#\\\/schema\\\/person\\\/5b9be03e44b1a85d28753689cb4206a3\",\"name\":\"Joana Rosa\",\"image\":{\"@type\":\"ImageObject\",\"inLanguage\":\"en-GB\",\"@id\":\"https:\\\/\\\/secure.gravatar.com\\\/avatar\\\/c535bfa011648331f3052fbbb0ccb46e95d8470c31c8c88090d98e0ad83b09ee?s=96&d=mm&r=g\",\"url\":\"https:\\\/\\\/secure.gravatar.com\\\/avatar\\\/c535bfa011648331f3052fbbb0ccb46e95d8470c31c8c88090d98e0ad83b09ee?s=96&d=mm&r=g\",\"contentUrl\":\"https:\\\/\\\/secure.gravatar.com\\\/avatar\\\/c535bfa011648331f3052fbbb0ccb46e95d8470c31c8c88090d98e0ad83b09ee?s=96&d=mm&r=g\",\"caption\":\"Joana Rosa\"},\"url\":\"https:\\\/\\\/www.techof.pt\\\/en\\\/author\\\/joana-rosa\\\/\"}]}<\/script>\n<!-- \/ Yoast SEO Premium plugin. -->",
    "yoast_head_json": {
        "title": "J\u00e1 form\u00e1mos os primeiros UX\/UI Designers! Descobre o curso que junta a tecnologia \u00e0 criatividade - TechOf - Re-Skilling People",
        "description": "TechOf forma designers UX\/UI em 6 meses, unindo teoria pr\u00e1tica e metodologia J.E.T. para criar interfaces intuitivos e atraentes para websites e apps.",
        "robots": {
            "index": "index",
            "follow": "follow",
            "max-snippet": "max-snippet:-1",
            "max-image-preview": "max-image-preview:large",
            "max-video-preview": "max-video-preview:-1"
        },
        "canonical": "https:\/\/www.techof.pt\/en\/ja-formamos-os-primeiros-ux-ui-designers-descobre-o-curso-que-junta-teconologia-e-criatividade\/",
        "og_locale": "en_GB",
        "og_type": "article",
        "og_title": "J\u00e1 form\u00e1mos os primeiros UX\/UI Designers! Descobre o curso que junta a tecnologia \u00e0 criatividade",
        "og_description": "TechOf forma designers UX\/UI em 6 meses, unindo teoria pr\u00e1tica e metodologia J.E.T. para criar interfaces intuitivos e atraentes para websites e apps.",
        "og_url": "https:\/\/www.techof.pt\/en\/ja-formamos-os-primeiros-ux-ui-designers-descobre-o-curso-que-junta-teconologia-e-criatividade\/",
        "og_site_name": "TechOf - Re-Skilling People",
        "article_publisher": "https:\/\/www.facebook.com\/techofpt",
        "article_published_time": "2024-08-19T09:31:11+00:00",
        "article_modified_time": "2025-03-05T11:21:32+00:00",
        "og_image": [
            {
                "width": 1920,
                "height": 2560,
                "url": "https:\/\/www.techof.pt\/wp-content\/uploads\/2022\/06\/UX-UI-Design_Blog-Post-scaled.jpg",
                "type": "image\/jpeg"
            }
        ],
        "author": "Joana Rosa",
        "twitter_card": "summary_large_image",
        "twitter_creator": "@TechOf_",
        "twitter_site": "@TechOf_",
        "twitter_misc": {
            "Written by": "Joana Rosa",
            "Estimated reading time": "3 minutes"
        },
        "schema": {
            "@context": "https:\/\/schema.org",
            "@graph": [
                {
                    "@type": "Article",
                    "@id": "https:\/\/www.techof.pt\/ja-formamos-os-primeiros-ux-ui-designers-descobre-o-curso-que-junta-teconologia-e-criatividade\/#article",
                    "isPartOf": {
                        "@id": "https:\/\/www.techof.pt\/ja-formamos-os-primeiros-ux-ui-designers-descobre-o-curso-que-junta-teconologia-e-criatividade\/"
                    },
                    "author": {
                        "name": "Joana Rosa",
                        "@id": "https:\/\/www.techof.pt\/en\/#\/schema\/person\/5b9be03e44b1a85d28753689cb4206a3"
                    },
                    "headline": "J\u00e1 form\u00e1mos os primeiros UX\/UI Designers! Descobre o curso que junta a tecnologia \u00e0 criatividade",
                    "datePublished": "2024-08-19T09:31:11+00:00",
                    "dateModified": "2025-03-05T11:21:32+00:00",
                    "mainEntityOfPage": {
                        "@id": "https:\/\/www.techof.pt\/ja-formamos-os-primeiros-ux-ui-designers-descobre-o-curso-que-junta-teconologia-e-criatividade\/"
                    },
                    "wordCount": 512,
                    "commentCount": 0,
                    "publisher": {
                        "@id": "https:\/\/www.techof.pt\/en\/#organization"
                    },
                    "image": {
                        "@id": "https:\/\/www.techof.pt\/ja-formamos-os-primeiros-ux-ui-designers-descobre-o-curso-que-junta-teconologia-e-criatividade\/#primaryimage"
                    },
                    "thumbnailUrl": "https:\/\/www.techof.pt\/wp-content\/uploads\/2022\/06\/UX-UI-Design_Blog-Post-scaled.jpg",
                    "keywords": [
                        "big data",
                        "Data",
                        "data analyst",
                        "data analytics",
                        "data science",
                        "data scientist",
                        "jobs",
                        "shortage",
                        "skills",
                        "tech",
                        "technology",
                        "training"
                    ],
                    "articleSection": [
                        "Tech Jobs"
                    ],
                    "inLanguage": "en-GB",
                    "potentialAction": [
                        {
                            "@type": "CommentAction",
                            "name": "Comment",
                            "target": [
                                "https:\/\/www.techof.pt\/ja-formamos-os-primeiros-ux-ui-designers-descobre-o-curso-que-junta-teconologia-e-criatividade\/#respond"
                            ]
                        }
                    ]
                },
                {
                    "@type": "WebPage",
                    "@id": "https:\/\/www.techof.pt\/ja-formamos-os-primeiros-ux-ui-designers-descobre-o-curso-que-junta-teconologia-e-criatividade\/",
                    "url": "https:\/\/www.techof.pt\/ja-formamos-os-primeiros-ux-ui-designers-descobre-o-curso-que-junta-teconologia-e-criatividade\/",
                    "name": "J\u00e1 form\u00e1mos os primeiros UX\/UI Designers! Descobre o curso que junta a tecnologia \u00e0 criatividade - TechOf - Re-Skilling People",
                    "isPartOf": {
                        "@id": "https:\/\/www.techof.pt\/en\/#website"
                    },
                    "primaryImageOfPage": {
                        "@id": "https:\/\/www.techof.pt\/ja-formamos-os-primeiros-ux-ui-designers-descobre-o-curso-que-junta-teconologia-e-criatividade\/#primaryimage"
                    },
                    "image": {
                        "@id": "https:\/\/www.techof.pt\/ja-formamos-os-primeiros-ux-ui-designers-descobre-o-curso-que-junta-teconologia-e-criatividade\/#primaryimage"
                    },
                    "thumbnailUrl": "https:\/\/www.techof.pt\/wp-content\/uploads\/2022\/06\/UX-UI-Design_Blog-Post-scaled.jpg",
                    "datePublished": "2024-08-19T09:31:11+00:00",
                    "dateModified": "2025-03-05T11:21:32+00:00",
                    "description": "TechOf forma designers UX\/UI em 6 meses, unindo teoria pr\u00e1tica e metodologia J.E.T. para criar interfaces intuitivos e atraentes para websites e apps.",
                    "breadcrumb": {
                        "@id": "https:\/\/www.techof.pt\/ja-formamos-os-primeiros-ux-ui-designers-descobre-o-curso-que-junta-teconologia-e-criatividade\/#breadcrumb"
                    },
                    "inLanguage": "en-GB",
                    "potentialAction": [
                        {
                            "@type": "ReadAction",
                            "target": [
                                "https:\/\/www.techof.pt\/ja-formamos-os-primeiros-ux-ui-designers-descobre-o-curso-que-junta-teconologia-e-criatividade\/"
                            ]
                        }
                    ]
                },
                {
                    "@type": "ImageObject",
                    "inLanguage": "en-GB",
                    "@id": "https:\/\/www.techof.pt\/ja-formamos-os-primeiros-ux-ui-designers-descobre-o-curso-que-junta-teconologia-e-criatividade\/#primaryimage",
                    "url": "https:\/\/www.techof.pt\/wp-content\/uploads\/2022\/06\/UX-UI-Design_Blog-Post-scaled.jpg",
                    "contentUrl": "https:\/\/www.techof.pt\/wp-content\/uploads\/2022\/06\/UX-UI-Design_Blog-Post-scaled.jpg",
                    "width": 1920,
                    "height": 2560
                },
                {
                    "@type": "BreadcrumbList",
                    "@id": "https:\/\/www.techof.pt\/ja-formamos-os-primeiros-ux-ui-designers-descobre-o-curso-que-junta-teconologia-e-criatividade\/#breadcrumb",
                    "itemListElement": [
                        {
                            "@type": "ListItem",
                            "position": 1,
                            "name": "Home",
                            "item": "https:\/\/www.techof.pt\/"
                        },
                        {
                            "@type": "ListItem",
                            "position": 2,
                            "name": "J\u00e1 form\u00e1mos os primeiros UX\/UI Designers! Descobre o curso que junta a tecnologia \u00e0 criatividade"
                        }
                    ]
                },
                {
                    "@type": "WebSite",
                    "@id": "https:\/\/www.techof.pt\/en\/#website",
                    "url": "https:\/\/www.techof.pt\/en\/",
                    "name": "TechOf - Re-Skilling People",
                    "description": "The Fast Track to Tech",
                    "publisher": {
                        "@id": "https:\/\/www.techof.pt\/en\/#organization"
                    },
                    "potentialAction": [
                        {
                            "@type": "SearchAction",
                            "target": {
                                "@type": "EntryPoint",
                                "urlTemplate": "https:\/\/www.techof.pt\/en\/?s={search_term_string}"
                            },
                            "query-input": {
                                "@type": "PropertyValueSpecification",
                                "valueRequired": true,
                                "valueName": "search_term_string"
                            }
                        }
                    ],
                    "inLanguage": "en-GB"
                },
                {
                    "@type": "Organization",
                    "@id": "https:\/\/www.techof.pt\/en\/#organization",
                    "name": "TechOf",
                    "url": "https:\/\/www.techof.pt\/en\/",
                    "logo": {
                        "@type": "ImageObject",
                        "inLanguage": "en-GB",
                        "@id": "https:\/\/www.techof.pt\/en\/#\/schema\/logo\/image\/",
                        "url": "https:\/\/www.techof.pt\/wp-content\/uploads\/2022\/06\/Tech_Logo_RGB_PRINCIPAL_PRETO.png",
                        "contentUrl": "https:\/\/www.techof.pt\/wp-content\/uploads\/2022\/06\/Tech_Logo_RGB_PRINCIPAL_PRETO.png",
                        "width": 1419,
                        "height": 806,
                        "caption": "TechOf"
                    },
                    "image": {
                        "@id": "https:\/\/www.techof.pt\/en\/#\/schema\/logo\/image\/"
                    },
                    "sameAs": [
                        "https:\/\/www.facebook.com\/techofpt",
                        "https:\/\/x.com\/TechOf_",
                        "https:\/\/www.linkedin.com\/company\/techof-reskilling-people",
                        "https:\/\/www.instagram.com\/techof_",
                        "https:\/\/www.youtube.com\/channel\/UCJq1PGIWFyB_FD4N6D_hqGw"
                    ]
                },
                {
                    "@type": "Person",
                    "@id": "https:\/\/www.techof.pt\/en\/#\/schema\/person\/5b9be03e44b1a85d28753689cb4206a3",
                    "name": "Joana Rosa",
                    "image": {
                        "@type": "ImageObject",
                        "inLanguage": "en-GB",
                        "@id": "https:\/\/secure.gravatar.com\/avatar\/c535bfa011648331f3052fbbb0ccb46e95d8470c31c8c88090d98e0ad83b09ee?s=96&d=mm&r=g",
                        "url": "https:\/\/secure.gravatar.com\/avatar\/c535bfa011648331f3052fbbb0ccb46e95d8470c31c8c88090d98e0ad83b09ee?s=96&d=mm&r=g",
                        "contentUrl": "https:\/\/secure.gravatar.com\/avatar\/c535bfa011648331f3052fbbb0ccb46e95d8470c31c8c88090d98e0ad83b09ee?s=96&d=mm&r=g",
                        "caption": "Joana Rosa"
                    },
                    "url": "https:\/\/www.techof.pt\/en\/author\/joana-rosa\/"
                }
            ]
        }
    },
    "_links": {
        "self": [
            {
                "href": "https:\/\/www.techof.pt\/en\/wp-json\/wp\/v2\/posts\/1377",
                "targetHints": {
                    "allow": [
                        "GET"
                    ]
                }
            }
        ],
        "collection": [
            {
                "href": "https:\/\/www.techof.pt\/en\/wp-json\/wp\/v2\/posts"
            }
        ],
        "about": [
            {
                "href": "https:\/\/www.techof.pt\/en\/wp-json\/wp\/v2\/types\/post"
            }
        ],
        "author": [
            {
                "embeddable": true,
                "href": "https:\/\/www.techof.pt\/en\/wp-json\/wp\/v2\/users\/5"
            }
        ],
        "replies": [
            {
                "embeddable": true,
                "href": "https:\/\/www.techof.pt\/en\/wp-json\/wp\/v2\/comments?post=1377"
            }
        ],
        "version-history": [
            {
                "count": 21,
                "href": "https:\/\/www.techof.pt\/en\/wp-json\/wp\/v2\/posts\/1377\/revisions"
            }
        ],
        "predecessor-version": [
            {
                "id": 4546,
                "href": "https:\/\/www.techof.pt\/en\/wp-json\/wp\/v2\/posts\/1377\/revisions\/4546"
            }
        ],
        "wp:featuredmedia": [
            {
                "embeddable": true,
                "href": "https:\/\/www.techof.pt\/en\/wp-json\/wp\/v2\/media\/4507"
            }
        ],
        "wp:attachment": [
            {
                "href": "https:\/\/www.techof.pt\/en\/wp-json\/wp\/v2\/media?parent=1377"
            }
        ],
        "wp:term": [
            {
                "taxonomy": "category",
                "embeddable": true,
                "href": "https:\/\/www.techof.pt\/en\/wp-json\/wp\/v2\/categories?post=1377"
            },
            {
                "taxonomy": "post_tag",
                "embeddable": true,
                "href": "https:\/\/www.techof.pt\/en\/wp-json\/wp\/v2\/tags?post=1377"
            }
        ],
        "curies": [
            {
                "name": "wp",
                "href": "https:\/\/api.w.org\/{rel}",
                "templated": true
            }
        ]
    }
}